{"id":107608,"date":"2024-01-28T13:05:06","date_gmt":"2024-01-28T16:05:06","guid":{"rendered":"https:\/\/cdnoticias.com\/?p=107608"},"modified":"2024-01-28T13:05:07","modified_gmt":"2024-01-28T16:05:07","slug":"mercados-bonaerenses-convocatoria-a-productores","status":"publish","type":"post","link":"https:\/\/cdnoticias.com\/index.php\/2024\/01\/28\/mercados-bonaerenses-convocatoria-a-productores\/","title":{"rendered":"\u201cMercados Bonaerenses\u201d: convocatoria a productores"},"content":{"rendered":"\n<p>La feria se desarrollar\u00e1 el d\u00eda jueves 8 de febrero en el Parque \u201cEva Per\u00f3n\u201d, de 08:30 a 12:30 horas. C\u00f3mo participar.<\/p>\n\n\n\n<hr class=\"wp-block-separator aligncenter has-alpha-channel-opacity\"\/>\n\n\n\n<p>A partir del pr\u00f3ximo <strong>lunes 29 se abre la convocatoria para peque\u00f1os productores y elaboradores de alimento<\/strong>s al programa \u201c<strong><em>Mercados Bonaerenses\u201d.<\/em><\/strong> La propuesta surge desde la Secretar\u00eda de Desarrollo Econ\u00f3mico y Productivo, a trav\u00e9s de la Coordinaci\u00f3n de Econom\u00eda Popular.<\/p>\n\n\n\n<p><\/p>\n\n\n\n<p>La <strong>inscripci\u00f3n se extender\u00e1 hasta el viernes 2 de febrero <\/strong>y se realizar\u00e1 de <strong>manera presencial en la sede ubicada en calle Moreno 2765, de 7 a 14 horas.<\/strong><\/p>\n\n\n\n<p><\/p>\n\n\n\n<blockquote class=\"wp-block-quote is-layout-flow wp-block-quote-is-layout-flow\">\n<p>En tanto, la feria se desarrollar\u00e1 el d\u00eda jueves 8 de febrero en el Parque \u201cEva Per\u00f3n\u201d, de 08:30 a 12:30 horas.<\/p>\n<\/blockquote>\n\n\n\n<p><\/p>\n\n\n\n<p>Los rubros que podr\u00e1n participar son: <strong>frutas y verduras, miel, dulces y conservas, semillas, chocolates, bebidas, quesos, panificados, huevos, plantas y plantines, condimentos, alfajores e infusiones.<\/strong> En el caso de los rubros que corresponda, deber\u00e1 contar con Certificado PUPA, REPUPA y Curso de Manipulaci\u00f3n de Alimentos.<\/p>\n\n\n\n<p><\/p>\n\n\n\n<p>El Programa <strong><em>\u201cMercados Bonaerenses\u201d<\/em><\/strong> tiene por objetivo fortalecer y asistir experiencias de producci\u00f3n, comercializaci\u00f3n y abastecimiento local de agroalimentos, que se desarrollen en el \u00e1mbito de la provincia de Buenos Aires; como as\u00ed tambi\u00e9n fomentar la producci\u00f3n y el consumo de <strong><em>\u201cAlimentos Bonaerenses\u201d<\/em><\/strong> a trav\u00e9s de la asistencia, formalizaci\u00f3n y capacitaci\u00f3n a productores, comercializadores y municipios, para crear, ampliar y fortalecer mercados y ferias de alimentos fijas o itinerantes.<\/p>\n\n\n\n<p><\/p>\n\n\n\n<p>Adem\u00e1s de los productores locales <strong>participar\u00e1n de la feria tres camiones con venta de pastas, l\u00e1cteos, chacinados, productos de almac\u00e9n, <\/strong>entre otros.<\/p>\n\n\n\n<p><\/p>\n","protected":false},"excerpt":{"rendered":"<p>La feria se desarrollar\u00e1 el d\u00eda jueves 8 de febrero en el Parque \u201cEva Per\u00f3n\u201d, de 08:30 a 12:30 horas.<\/p>\n","protected":false},"author":6,"featured_media":107609,"comment_status":"closed","ping_status":"closed","sticky":false,"template":"","format":"standard","meta":{"_jetpack_memberships_contains_paid_content":false,"footnotes":""},"categories":[5,1],"tags":[],"class_list":["post-107608","post","type-post","status-publish","format-standard","has-post-thumbnail","hentry","category-informacion-general","category-portada"],"jetpack_featured_media_url":"https:\/\/i0.wp.com\/cdnoticias.com\/wp-content\/uploads\/2024\/01\/mercados-bonaerenses-convocatoria.jpg?fit=1000%2C562&ssl=1","jetpack_sharing_enabled":true,"_links":{"self":[{"href":"https:\/\/cdnoticias.com\/index.php\/wp-json\/wp\/v2\/posts\/107608","targetHints":{"allow":["GET"]}}],"collection":[{"href":"https:\/\/cdnoticias.com\/index.php\/wp-json\/wp\/v2\/posts"}],"about":[{"href":"https:\/\/cdnoticias.com\/index.php\/wp-json\/wp\/v2\/types\/post"}],"author":[{"embeddable":true,"href":"https:\/\/cdnoticias.com\/index.php\/wp-json\/wp\/v2\/users\/6"}],"replies":[{"embeddable":true,"href":"https:\/\/cdnoticias.com\/index.php\/wp-json\/wp\/v2\/comments?post=107608"}],"version-history":[{"count":0,"href":"https:\/\/cdnoticias.com\/index.php\/wp-json\/wp\/v2\/posts\/107608\/revisions"}],"wp:featuredmedia":[{"embeddable":true,"href":"https:\/\/cdnoticias.com\/index.php\/wp-json\/wp\/v2\/media\/107609"}],"wp:attachment":[{"href":"https:\/\/cdnoticias.com\/index.php\/wp-json\/wp\/v2\/media?parent=107608"}],"wp:term":[{"taxonomy":"category","embeddable":true,"href":"https:\/\/cdnoticias.com\/index.php\/wp-json\/wp\/v2\/categories?post=107608"},{"taxonomy":"post_tag","embeddable":true,"href":"https:\/\/cdnoticias.com\/index.php\/wp-json\/wp\/v2\/tags?post=107608"}],"curies":[{"name":"wp","href":"https:\/\/api.w.org\/{rel}","templated":true}]}}