{"id":107603,"date":"2024-01-26T19:43:46","date_gmt":"2024-01-26T22:43:46","guid":{"rendered":"https:\/\/cdnoticias.com\/?p=107603"},"modified":"2024-01-26T19:43:48","modified_gmt":"2024-01-26T22:43:48","slug":"wesner-visito-la-sede-de-racing-de-escuelas-abiertas-de-verano","status":"publish","type":"post","link":"https:\/\/cdnoticias.com\/index.php\/2024\/01\/26\/wesner-visito-la-sede-de-racing-de-escuelas-abiertas-de-verano\/","title":{"rendered":"Wesner visit\u00f3 la sede de Racing de Escuelas Abiertas de Verano"},"content":{"rendered":"\n<p>En la sede participan chicos y chicas de la Escuela 59, Escuela 502, 504 y el Centro de Formaci\u00f3n Integral N\u00b0 1.<\/p>\n\n\n\n<hr class=\"wp-block-separator aligncenter has-alpha-channel-opacity\"\/>\n\n\n\n<p>En la ma\u00f1ana de este viernes el <strong>intendente Maximiliano Wesner visit\u00f3 el Club Racing<\/strong>, m\u00e1s precisamente el pilet\u00f3n donde funciona una de las sedes del <strong>Programa Escuelas Abiertas de Verano.<\/strong><\/p>\n\n\n\n<p><\/p>\n\n\n\n<p>El Programa es ofrecido por el Municipio en conjunto con el gobierno de la Provincia de Buenos Aires. El objetivo de <strong>ofrecer a chicos y chicas de distintos puntos de la ciudad y el Partido la posibilidad de disfrutar de actividades educativas y recreativas durante el receso estival.<\/strong><\/p>\n\n\n\n<p><\/p>\n\n\n\n<p>En la recorrida el jefe comunal estuvo acompa\u00f1ado por el subsecretario de Deportes Juan Pablo Arouxet, quienes fueron recibidos por profesores, profesoras y referentes de las distintas instituciones que all\u00ed concurren.<\/p>\n\n\n\n<p><\/p>\n\n\n\n<figure class=\"wp-block-image aligncenter size-full\"><img data-recalc-dims=\"1\" loading=\"lazy\" decoding=\"async\" width=\"800\" height=\"532\" src=\"https:\/\/i0.wp.com\/cdnoticias.com\/wp-content\/uploads\/2024\/01\/wesner-escuelas-de-verano2.jpg?resize=800%2C532&#038;ssl=1\" alt=\"\" class=\"wp-image-107605\" srcset=\"https:\/\/i0.wp.com\/cdnoticias.com\/wp-content\/uploads\/2024\/01\/wesner-escuelas-de-verano2.jpg?w=1000&amp;ssl=1 1000w, https:\/\/i0.wp.com\/cdnoticias.com\/wp-content\/uploads\/2024\/01\/wesner-escuelas-de-verano2.jpg?resize=300%2C200&amp;ssl=1 300w, https:\/\/i0.wp.com\/cdnoticias.com\/wp-content\/uploads\/2024\/01\/wesner-escuelas-de-verano2.jpg?resize=768%2C511&amp;ssl=1 768w, https:\/\/i0.wp.com\/cdnoticias.com\/wp-content\/uploads\/2024\/01\/wesner-escuelas-de-verano2.jpg?resize=272%2C182&amp;ssl=1 272w\" sizes=\"auto, (max-width: 800px) 100vw, 800px\" \/><\/figure>\n\n\n\n<p><\/p>\n\n\n\n<blockquote class=\"wp-block-quote is-layout-flow wp-block-quote-is-layout-flow\">\n<p>En ese sentido, vale mencionar que la sede de Racing cuenta, por un lado, con la participaci\u00f3n de chicos y chicas de la Escuela 59, cuyo radio comprende de los barrios Roca Merlo, Sarmiento Norte, Mariano Moreno y sectores aleda\u00f1os. A la par, all\u00ed tambi\u00e9n concurren alumnos y alumnas de las Escuelas 502, 504, adem\u00e1s del Centro de Formaci\u00f3n Integral N\u00b0 1.<\/p>\n<\/blockquote>\n\n\n\n<p><\/p>\n\n\n\n<p>Adem\u00e1s de la ense\u00f1anza de la nataci\u00f3n y juegos en el agua, las propuestas recreativas y educativas contin\u00faan fuera del pilet\u00f3n con clases, por ejemplo, de m\u00fasica, artes pl\u00e1sticas o la pr\u00e1ctica de deporte.<\/p>\n\n\n\n<p><\/p>\n\n\n\n<figure class=\"wp-block-image aligncenter size-full\"><img data-recalc-dims=\"1\" loading=\"lazy\" decoding=\"async\" width=\"800\" height=\"532\" src=\"https:\/\/i0.wp.com\/cdnoticias.com\/wp-content\/uploads\/2024\/01\/wesner-escuelas-de-verano3.jpg?resize=800%2C532&#038;ssl=1\" alt=\"\" class=\"wp-image-107604\" srcset=\"https:\/\/i0.wp.com\/cdnoticias.com\/wp-content\/uploads\/2024\/01\/wesner-escuelas-de-verano3.jpg?w=1000&amp;ssl=1 1000w, https:\/\/i0.wp.com\/cdnoticias.com\/wp-content\/uploads\/2024\/01\/wesner-escuelas-de-verano3.jpg?resize=300%2C200&amp;ssl=1 300w, https:\/\/i0.wp.com\/cdnoticias.com\/wp-content\/uploads\/2024\/01\/wesner-escuelas-de-verano3.jpg?resize=768%2C511&amp;ssl=1 768w, https:\/\/i0.wp.com\/cdnoticias.com\/wp-content\/uploads\/2024\/01\/wesner-escuelas-de-verano3.jpg?resize=272%2C182&amp;ssl=1 272w\" sizes=\"auto, (max-width: 800px) 100vw, 800px\" \/><\/figure>\n","protected":false},"excerpt":{"rendered":"<p>En la sede participan chicos y chicas de la Escuela 59, Escuela 502, 504 y el Centro de Formaci\u00f3n Integral<\/p>\n","protected":false},"author":6,"featured_media":107606,"comment_status":"closed","ping_status":"closed","sticky":false,"template":"","format":"standard","meta":{"_jetpack_memberships_contains_paid_content":false,"footnotes":""},"categories":[5,1],"tags":[],"class_list":["post-107603","post","type-post","status-publish","format-standard","has-post-thumbnail","hentry","category-informacion-general","category-portada"],"jetpack_featured_media_url":"https:\/\/i0.wp.com\/cdnoticias.com\/wp-content\/uploads\/2024\/01\/wesner-escuelas-de-verano.jpg?fit=1000%2C666&ssl=1","jetpack_sharing_enabled":true,"_links":{"self":[{"href":"https:\/\/cdnoticias.com\/index.php\/wp-json\/wp\/v2\/posts\/107603","targetHints":{"allow":["GET"]}}],"collection":[{"href":"https:\/\/cdnoticias.com\/index.php\/wp-json\/wp\/v2\/posts"}],"about":[{"href":"https:\/\/cdnoticias.com\/index.php\/wp-json\/wp\/v2\/types\/post"}],"author":[{"embeddable":true,"href":"https:\/\/cdnoticias.com\/index.php\/wp-json\/wp\/v2\/users\/6"}],"replies":[{"embeddable":true,"href":"https:\/\/cdnoticias.com\/index.php\/wp-json\/wp\/v2\/comments?post=107603"}],"version-history":[{"count":0,"href":"https:\/\/cdnoticias.com\/index.php\/wp-json\/wp\/v2\/posts\/107603\/revisions"}],"wp:featuredmedia":[{"embeddable":true,"href":"https:\/\/cdnoticias.com\/index.php\/wp-json\/wp\/v2\/media\/107606"}],"wp:attachment":[{"href":"https:\/\/cdnoticias.com\/index.php\/wp-json\/wp\/v2\/media?parent=107603"}],"wp:term":[{"taxonomy":"category","embeddable":true,"href":"https:\/\/cdnoticias.com\/index.php\/wp-json\/wp\/v2\/categories?post=107603"},{"taxonomy":"post_tag","embeddable":true,"href":"https:\/\/cdnoticias.com\/index.php\/wp-json\/wp\/v2\/tags?post=107603"}],"curies":[{"name":"wp","href":"https:\/\/api.w.org\/{rel}","templated":true}]}}