{"id":10760,"date":"2021-01-06T17:32:50","date_gmt":"2021-01-06T20:32:50","guid":{"rendered":"http:\/\/www.centraldenoticias.com.ar\/?p=10760"},"modified":"2021-01-06T19:37:23","modified_gmt":"2021-01-06T22:37:23","slug":"luego-de-la-reunion-social-organizan-un-rta-de-emergencia-en-recalde","status":"publish","type":"post","link":"https:\/\/cdnoticias.com\/index.php\/2021\/01\/06\/luego-de-la-reunion-social-organizan-un-rta-de-emergencia-en-recalde\/","title":{"rendered":"Luego de la reuni\u00f3n social, organizan un \u201cRTA de emergencia\u201d en Recalde"},"content":{"rendered":"<p>Fue confirmado por la Secretar\u00eda de Salud municipal. Ser\u00e1 esta viernes a las 11.30 horas en el CAPS de la localidad.<!--more--><\/p>\n<hr \/>\n<p>Tras dar a conocer una <a href=\"https:\/\/cdnoticias.com\/index.php\/2021\/01\/06\/recalde-un-homenaje-al-personal-de-salud-termino-con-casi-todos-contagiados-de-covid-19\/\" target=\"_blank\" rel=\"noopener\">reuni\u00f3n social que deriv\u00f3 en m\u00faltiples casos de COVID en la localidad de Recalde<\/a>, <strong>la Secretar\u00eda de Salud del Municipio inform\u00f3 que se organiz\u00f3 un \u201cRTA de emergencia\u201d para tratar de frenar un posible brote en el lugar.<\/strong><\/p>\n<p>&nbsp;<\/p>\n<blockquote><p>Ser\u00e1 este viernes a las 11.30 horas en el Centro de Atenci\u00f3n Primaria de la Salud de la localidad.<\/p><\/blockquote>\n<p>&nbsp;<\/p>\n<p>Oficialmente, se indic\u00f3 que se produce<strong><em> \u201ctras detectar una reuni\u00f3n social en un lugar cerrado que termin\u00f3 con un importante n\u00famero de casos positivos de Covid-19 en la localidad\u201d<\/em><\/strong>. El subsecretario de Gobierno, Emilio Vitale, dio cuenta de que se trat\u00f3 de una cena \u201chomenaje\u201d al personal de Salud de la localidad que deriv\u00f3 en m\u00e1s del 70% de los asistentes contagiados.<\/p>\n<p>&nbsp;<\/p>\n<p>Tal como sucede en el Hospital Municipal con la sexta etapa del programa RTA,<strong> se record\u00f3 a los habitantes de Recalde que se testear\u00e1 a aquellos que presenten s\u00edntomas compatibles con Covid-19<\/strong>, tales como tos, dolor de garganta, falta de olfato, falta de gusto, fiebre mayor a 37.5\u00b0, falta de aire y m\u00e1s de 48 horas de diarrea.<\/p>\n<p>&nbsp;<\/p>\n<p>Hasta la localidad rural del Partido de Olavarr\u00eda se trasladar\u00e1n profesionales del equipo de salud municipal que, cabe destacar,<strong> seguir\u00e1n realizando hisopados a las 7 y a las 8.30 en el Hospital Municipal \u201cDr. H\u00e9ctor Cura\u201d.<\/strong><\/p>\n","protected":false},"excerpt":{"rendered":"<p>Fue confirmado por la Secretar\u00eda de Salud municipal. Ser\u00e1 esta viernes a las 11.30 horas en el CAPS de la<\/p>\n","protected":false},"author":5,"featured_media":10761,"comment_status":"closed","ping_status":"closed","sticky":false,"template":"","format":"standard","meta":{"_jetpack_memberships_contains_paid_content":false,"footnotes":""},"categories":[5,1],"tags":[],"class_list":["post-10760","post","type-post","status-publish","format-standard","has-post-thumbnail","hentry","category-informacion-general","category-portada"],"jetpack_featured_media_url":"https:\/\/i0.wp.com\/cdnoticias.com\/wp-content\/uploads\/2021\/01\/Salud-Testeos-Intensivos-Recalde-1-1024x682.jpg?fit=1024%2C682&ssl=1","jetpack_sharing_enabled":true,"_links":{"self":[{"href":"https:\/\/cdnoticias.com\/index.php\/wp-json\/wp\/v2\/posts\/10760","targetHints":{"allow":["GET"]}}],"collection":[{"href":"https:\/\/cdnoticias.com\/index.php\/wp-json\/wp\/v2\/posts"}],"about":[{"href":"https:\/\/cdnoticias.com\/index.php\/wp-json\/wp\/v2\/types\/post"}],"author":[{"embeddable":true,"href":"https:\/\/cdnoticias.com\/index.php\/wp-json\/wp\/v2\/users\/5"}],"replies":[{"embeddable":true,"href":"https:\/\/cdnoticias.com\/index.php\/wp-json\/wp\/v2\/comments?post=10760"}],"version-history":[{"count":0,"href":"https:\/\/cdnoticias.com\/index.php\/wp-json\/wp\/v2\/posts\/10760\/revisions"}],"wp:featuredmedia":[{"embeddable":true,"href":"https:\/\/cdnoticias.com\/index.php\/wp-json\/wp\/v2\/media\/10761"}],"wp:attachment":[{"href":"https:\/\/cdnoticias.com\/index.php\/wp-json\/wp\/v2\/media?parent=10760"}],"wp:term":[{"taxonomy":"category","embeddable":true,"href":"https:\/\/cdnoticias.com\/index.php\/wp-json\/wp\/v2\/categories?post=10760"},{"taxonomy":"post_tag","embeddable":true,"href":"https:\/\/cdnoticias.com\/index.php\/wp-json\/wp\/v2\/tags?post=10760"}],"curies":[{"name":"wp","href":"https:\/\/api.w.org\/{rel}","templated":true}]}}