{"id":107581,"date":"2024-01-26T11:16:06","date_gmt":"2024-01-26T14:16:06","guid":{"rendered":"https:\/\/cdnoticias.com\/?p=107581"},"modified":"2024-01-26T13:38:00","modified_gmt":"2024-01-26T16:38:00","slug":"ola-de-calor-coopelectric-pidio-hacer-uso-racional-de-agua-y-energia","status":"publish","type":"post","link":"https:\/\/cdnoticias.com\/index.php\/2024\/01\/26\/ola-de-calor-coopelectric-pidio-hacer-uso-racional-de-agua-y-energia\/","title":{"rendered":"Ola de calor: Coopelectric pidi\u00f3 hacer uso racional de agua y energ\u00eda"},"content":{"rendered":"\n<p>Recomiendan no llenar piletas con agua de red, evitar lavar autos y veredas, y reducir el consumo de luz.<\/p>\n\n\n\n<hr class=\"wp-block-separator aligncenter has-alpha-channel-opacity is-style-wide\"\/>\n\n\n\n<p>Frente a la ola de calor pronosticada por el Servicio Meteorol\u00f3gico Nacional, desde Coopelectric reiteraron la necesidad de<strong> hacer un uso racional del agua y la energ\u00eda.<\/strong><\/p>\n\n\n\n<p>Con motivo de la<a href=\"https:\/\/cdnoticias.com\/index.php\/2024\/01\/25\/alerta-amarillo-por-calor-en-olavarria\/\" data-type=\"link\" data-id=\"https:\/\/cdnoticias.com\/index.php\/2024\/01\/25\/alerta-amarillo-por-calor-en-olavarria\/\" target=\"_blank\" rel=\"noreferrer noopener\"> alerta amarilla que rige en la provincia<\/a>, que podr\u00eda afectar los servicios de agua y luz, desde la cooperativa sugieren tomar las siguientes recomendaciones:<\/p>\n\n\n\n<ul class=\"wp-block-list\">\n<li>No llenar las piletas con agua de la red y mantenerla utilizando los productos adecuados.<\/li>\n<\/ul>\n\n\n\n<ul class=\"wp-block-list\">\n<li>En las horas de mayor temperatura evitar el riego, el lavado de autos y veredas.<\/li>\n<\/ul>\n\n\n\n<ul class=\"wp-block-list\">\n<li>Graduar el aire acondicionado en 24\u00b0.<\/li>\n<\/ul>\n\n\n\n<ul class=\"wp-block-list\">\n<li>Utilizar l\u00e1mparas led en la iluminaci\u00f3n de tu hogar.<\/li>\n<\/ul>\n\n\n\n<ul class=\"wp-block-list\">\n<li>No dejar luces encendidas en espacios sin uso.<\/li>\n<\/ul>\n\n\n\n<blockquote class=\"wp-block-quote is-layout-flow wp-block-quote-is-layout-flow\">\n<p>\u201cEl consumo desmedido puede derivar en inconvenientes o interrupciones de los servicios esenciales. Por ello, apelamos al compromiso colectivo, al consumo responsable y solidario de nuestros recursos\u201d indicaron.<\/p>\n<\/blockquote>\n\n\n\n<p>Por <strong>reclamos de Energ\u00eda El\u00e9ctrica<\/strong> los usuarios podr\u00e1n comunicarse durante las 24 hs. al 412305\/306 y por reclamos t\u00e9cnicos de Obras Sanitarias al 411222\/212. En ambos casos tambi\u00e9n podr\u00e1n enviar un mensaje de texto al 15-680000 o ingresar el reclamo v\u00eda WhastsApp 2284-230707.<\/p>\n","protected":false},"excerpt":{"rendered":"<p>Recomiendan no llenar piletas con agua de red, evitar lavar autos y veredas, y reducir el consumo de luz. Frente<\/p>\n","protected":false},"author":2,"featured_media":2673,"comment_status":"closed","ping_status":"closed","sticky":false,"template":"","format":"standard","meta":{"_jetpack_memberships_contains_paid_content":false,"footnotes":""},"categories":[5,1],"tags":[],"class_list":["post-107581","post","type-post","status-publish","format-standard","has-post-thumbnail","hentry","category-informacion-general","category-portada"],"jetpack_featured_media_url":"https:\/\/i0.wp.com\/cdnoticias.com\/wp-content\/uploads\/2020\/09\/bajapresiondeagua.jpg?fit=960%2C540&ssl=1","jetpack_sharing_enabled":true,"_links":{"self":[{"href":"https:\/\/cdnoticias.com\/index.php\/wp-json\/wp\/v2\/posts\/107581","targetHints":{"allow":["GET"]}}],"collection":[{"href":"https:\/\/cdnoticias.com\/index.php\/wp-json\/wp\/v2\/posts"}],"about":[{"href":"https:\/\/cdnoticias.com\/index.php\/wp-json\/wp\/v2\/types\/post"}],"author":[{"embeddable":true,"href":"https:\/\/cdnoticias.com\/index.php\/wp-json\/wp\/v2\/users\/2"}],"replies":[{"embeddable":true,"href":"https:\/\/cdnoticias.com\/index.php\/wp-json\/wp\/v2\/comments?post=107581"}],"version-history":[{"count":0,"href":"https:\/\/cdnoticias.com\/index.php\/wp-json\/wp\/v2\/posts\/107581\/revisions"}],"wp:featuredmedia":[{"embeddable":true,"href":"https:\/\/cdnoticias.com\/index.php\/wp-json\/wp\/v2\/media\/2673"}],"wp:attachment":[{"href":"https:\/\/cdnoticias.com\/index.php\/wp-json\/wp\/v2\/media?parent=107581"}],"wp:term":[{"taxonomy":"category","embeddable":true,"href":"https:\/\/cdnoticias.com\/index.php\/wp-json\/wp\/v2\/categories?post=107581"},{"taxonomy":"post_tag","embeddable":true,"href":"https:\/\/cdnoticias.com\/index.php\/wp-json\/wp\/v2\/tags?post=107581"}],"curies":[{"name":"wp","href":"https:\/\/api.w.org\/{rel}","templated":true}]}}