{"id":107546,"date":"2024-01-25T20:31:36","date_gmt":"2024-01-25T23:31:36","guid":{"rendered":"https:\/\/cdnoticias.com\/?p=107546"},"modified":"2024-01-26T08:25:26","modified_gmt":"2024-01-26T11:25:26","slug":"palabrazo-por-la-cultura-en-el-veredon-del-teatro-municipal","status":"publish","type":"post","link":"https:\/\/cdnoticias.com\/index.php\/2024\/01\/25\/palabrazo-por-la-cultura-en-el-veredon-del-teatro-municipal\/","title":{"rendered":"\u201cPalabrazo por la cultura\u201d en el vered\u00f3n del Teatro Municipal"},"content":{"rendered":"<p>La propuesta fue concretada por la agrupaci\u00f3n Unidxs por la Cultura en rechazo a las modificaciones que impulsa el Gobierno Nacional para la financiaci\u00f3n y gesti\u00f3n del \u00e1mbito cultural a trav\u00e9s del DNU y el proyecto de Ley \u00d3mnibus.<!--more--><\/p>\n<hr \/>\n<p>Este jueves en el vered\u00f3n del Teatro Municipal se concret\u00f3 una nueva propuesta de intervenci\u00f3n art\u00edstica impulsada por la agrupaci\u00f3n <strong>Unidxs por la Cultura<\/strong>. El \u201cPalabrazo por la cultura\u201d reuni\u00f3 a trabajadores y trabajadoras, artistas y referentes de bibliotecas populares.<\/p>\n<p>La manifestaci\u00f3n se sostiene todos los jueves con<strong> distintas expresiones art\u00edsticas<\/strong> para rechazar las modificaciones que se pretenden realizar en relaci\u00f3n a la financiaci\u00f3n y gesti\u00f3n del \u00e1mbito cultural a trav\u00e9s del DNU y proyecto de Ley \u00d3mnibus del Gobierno Nacional.<\/p>\n<div class=\"tiled-gallery type-rectangular tiled-gallery-unresized\" data-original-width=\"800\" data-carousel-extra='null' itemscope itemtype=\"http:\/\/schema.org\/ImageGallery\" > <div class=\"gallery-row\" style=\"width: 800px; height: 224px;\" data-original-width=\"800\" data-original-height=\"224\" > <div class=\"gallery-group images-1\" style=\"width: 400px; height: 224px;\" data-original-width=\"400\" data-original-height=\"224\" > <div class=\"tiled-gallery-item tiled-gallery-item-large\" itemprop=\"associatedMedia\" itemscope itemtype=\"http:\/\/schema.org\/ImageObject\"> <a href=\"https:\/\/cdnoticias.com\/index.php\/2024\/01\/25\/palabrazo-por-la-cultura-en-el-veredon-del-teatro-municipal\/palabrazo-cultura-manifestacion-11\/\" border=\"0\" itemprop=\"url\"> <meta itemprop=\"width\" content=\"396\"> <meta itemprop=\"height\" content=\"220\"> <img decoding=\"async\" class=\"\" data-attachment-id=\"107558\" data-orig-file=\"https:\/\/cdnoticias.com\/wp-content\/uploads\/2024\/01\/palabrazo-cultura-manifestacion-11.jpg\" data-orig-size=\"800,445\" data-comments-opened=\"\" data-image-meta=\"{&quot;aperture&quot;:&quot;0&quot;,&quot;credit&quot;:&quot;&quot;,&quot;camera&quot;:&quot;&quot;,&quot;caption&quot;:&quot;&quot;,&quot;created_timestamp&quot;:&quot;0&quot;,&quot;copyright&quot;:&quot;&quot;,&quot;focal_length&quot;:&quot;0&quot;,&quot;iso&quot;:&quot;0&quot;,&quot;shutter_speed&quot;:&quot;0&quot;,&quot;title&quot;:&quot;&quot;,&quot;orientation&quot;:&quot;0&quot;}\" data-image-title=\"palabrazo-cultura-manifestacion-11\" data-image-description=\"\" data-medium-file=\"https:\/\/i0.wp.com\/cdnoticias.com\/wp-content\/uploads\/2024\/01\/palabrazo-cultura-manifestacion-11.jpg?fit=300%2C167&#038;ssl=1\" data-large-file=\"https:\/\/i0.wp.com\/cdnoticias.com\/wp-content\/uploads\/2024\/01\/palabrazo-cultura-manifestacion-11.jpg?fit=800%2C445&#038;ssl=1\" src=\"https:\/\/i0.wp.com\/cdnoticias.com\/wp-content\/uploads\/2024\/01\/palabrazo-cultura-manifestacion-11.jpg?w=396&#038;h=220&#038;ssl=1\" srcset=\"https:\/\/i0.wp.com\/cdnoticias.com\/wp-content\/uploads\/2024\/01\/palabrazo-cultura-manifestacion-11.jpg?w=800&amp;ssl=1 800w, https:\/\/i0.wp.com\/cdnoticias.com\/wp-content\/uploads\/2024\/01\/palabrazo-cultura-manifestacion-11.jpg?resize=300%2C167&amp;ssl=1 300w, https:\/\/i0.wp.com\/cdnoticias.com\/wp-content\/uploads\/2024\/01\/palabrazo-cultura-manifestacion-11.jpg?resize=768%2C427&amp;ssl=1 768w\" width=\"396\" height=\"220\" loading=\"lazy\" data-original-width=\"396\" data-original-height=\"220\" itemprop=\"http:\/\/schema.org\/image\" title=\"palabrazo-cultura-manifestacion-11\" alt=\"palabrazo-cultura-manifestacion-11\" style=\"width: 396px; height: 220px;\" \/> <\/a> <\/div> <\/div> <!-- close group --> <div class=\"gallery-group images-1\" style=\"width: 400px; height: 224px;\" data-original-width=\"400\" data-original-height=\"224\" > <div class=\"tiled-gallery-item tiled-gallery-item-large\" itemprop=\"associatedMedia\" itemscope itemtype=\"http:\/\/schema.org\/ImageObject\"> <a href=\"https:\/\/cdnoticias.com\/index.php\/2024\/01\/25\/palabrazo-por-la-cultura-en-el-veredon-del-teatro-municipal\/palabrazo-cultura-manifestacion-10\/\" border=\"0\" itemprop=\"url\"> <meta itemprop=\"width\" content=\"396\"> <meta itemprop=\"height\" content=\"220\"> <img decoding=\"async\" class=\"\" data-attachment-id=\"107557\" data-orig-file=\"https:\/\/cdnoticias.com\/wp-content\/uploads\/2024\/01\/palabrazo-cultura-manifestacion-10.jpg\" data-orig-size=\"800,445\" data-comments-opened=\"\" data-image-meta=\"{&quot;aperture&quot;:&quot;0&quot;,&quot;credit&quot;:&quot;&quot;,&quot;camera&quot;:&quot;&quot;,&quot;caption&quot;:&quot;&quot;,&quot;created_timestamp&quot;:&quot;0&quot;,&quot;copyright&quot;:&quot;&quot;,&quot;focal_length&quot;:&quot;0&quot;,&quot;iso&quot;:&quot;0&quot;,&quot;shutter_speed&quot;:&quot;0&quot;,&quot;title&quot;:&quot;&quot;,&quot;orientation&quot;:&quot;0&quot;}\" data-image-title=\"palabrazo-cultura-manifestacion-10\" data-image-description=\"\" data-medium-file=\"https:\/\/i0.wp.com\/cdnoticias.com\/wp-content\/uploads\/2024\/01\/palabrazo-cultura-manifestacion-10.jpg?fit=300%2C167&#038;ssl=1\" data-large-file=\"https:\/\/i0.wp.com\/cdnoticias.com\/wp-content\/uploads\/2024\/01\/palabrazo-cultura-manifestacion-10.jpg?fit=800%2C445&#038;ssl=1\" src=\"https:\/\/i0.wp.com\/cdnoticias.com\/wp-content\/uploads\/2024\/01\/palabrazo-cultura-manifestacion-10.jpg?w=396&#038;h=220&#038;ssl=1\" srcset=\"https:\/\/i0.wp.com\/cdnoticias.com\/wp-content\/uploads\/2024\/01\/palabrazo-cultura-manifestacion-10.jpg?w=800&amp;ssl=1 800w, https:\/\/i0.wp.com\/cdnoticias.com\/wp-content\/uploads\/2024\/01\/palabrazo-cultura-manifestacion-10.jpg?resize=300%2C167&amp;ssl=1 300w, https:\/\/i0.wp.com\/cdnoticias.com\/wp-content\/uploads\/2024\/01\/palabrazo-cultura-manifestacion-10.jpg?resize=768%2C427&amp;ssl=1 768w\" width=\"396\" height=\"220\" loading=\"lazy\" data-original-width=\"396\" data-original-height=\"220\" itemprop=\"http:\/\/schema.org\/image\" title=\"palabrazo-cultura-manifestacion-10\" alt=\"palabrazo-cultura-manifestacion-10\" style=\"width: 396px; height: 220px;\" \/> <\/a> <\/div> <\/div> <!-- close group --> <\/div> <!-- close row --> <div class=\"gallery-row\" style=\"width: 800px; height: 224px;\" data-original-width=\"800\" data-original-height=\"224\" > <div class=\"gallery-group images-1\" style=\"width: 400px; height: 224px;\" data-original-width=\"400\" data-original-height=\"224\" > <div class=\"tiled-gallery-item tiled-gallery-item-large\" itemprop=\"associatedMedia\" itemscope itemtype=\"http:\/\/schema.org\/ImageObject\"> <a href=\"https:\/\/cdnoticias.com\/index.php\/2024\/01\/25\/palabrazo-por-la-cultura-en-el-veredon-del-teatro-municipal\/palabrazo-cultura-manifestacion-09\/\" border=\"0\" itemprop=\"url\"> <meta itemprop=\"width\" content=\"396\"> <meta itemprop=\"height\" content=\"220\"> <img decoding=\"async\" class=\"\" data-attachment-id=\"107556\" data-orig-file=\"https:\/\/cdnoticias.com\/wp-content\/uploads\/2024\/01\/palabrazo-cultura-manifestacion-09.jpg\" data-orig-size=\"800,445\" data-comments-opened=\"\" data-image-meta=\"{&quot;aperture&quot;:&quot;0&quot;,&quot;credit&quot;:&quot;&quot;,&quot;camera&quot;:&quot;&quot;,&quot;caption&quot;:&quot;&quot;,&quot;created_timestamp&quot;:&quot;0&quot;,&quot;copyright&quot;:&quot;&quot;,&quot;focal_length&quot;:&quot;0&quot;,&quot;iso&quot;:&quot;0&quot;,&quot;shutter_speed&quot;:&quot;0&quot;,&quot;title&quot;:&quot;&quot;,&quot;orientation&quot;:&quot;0&quot;}\" data-image-title=\"palabrazo-cultura-manifestacion-09\" data-image-description=\"\" data-medium-file=\"https:\/\/i0.wp.com\/cdnoticias.com\/wp-content\/uploads\/2024\/01\/palabrazo-cultura-manifestacion-09.jpg?fit=300%2C167&#038;ssl=1\" data-large-file=\"https:\/\/i0.wp.com\/cdnoticias.com\/wp-content\/uploads\/2024\/01\/palabrazo-cultura-manifestacion-09.jpg?fit=800%2C445&#038;ssl=1\" src=\"https:\/\/i0.wp.com\/cdnoticias.com\/wp-content\/uploads\/2024\/01\/palabrazo-cultura-manifestacion-09.jpg?w=396&#038;h=220&#038;ssl=1\" srcset=\"https:\/\/i0.wp.com\/cdnoticias.com\/wp-content\/uploads\/2024\/01\/palabrazo-cultura-manifestacion-09.jpg?w=800&amp;ssl=1 800w, https:\/\/i0.wp.com\/cdnoticias.com\/wp-content\/uploads\/2024\/01\/palabrazo-cultura-manifestacion-09.jpg?resize=300%2C167&amp;ssl=1 300w, https:\/\/i0.wp.com\/cdnoticias.com\/wp-content\/uploads\/2024\/01\/palabrazo-cultura-manifestacion-09.jpg?resize=768%2C427&amp;ssl=1 768w\" width=\"396\" height=\"220\" loading=\"lazy\" data-original-width=\"396\" data-original-height=\"220\" itemprop=\"http:\/\/schema.org\/image\" title=\"palabrazo-cultura-manifestacion-09\" alt=\"palabrazo-cultura-manifestacion-09\" style=\"width: 396px; height: 220px;\" \/> <\/a> <\/div> <\/div> <!-- close group --> <div class=\"gallery-group images-1\" style=\"width: 400px; height: 224px;\" data-original-width=\"400\" data-original-height=\"224\" > <div class=\"tiled-gallery-item tiled-gallery-item-large\" itemprop=\"associatedMedia\" itemscope itemtype=\"http:\/\/schema.org\/ImageObject\"> <a href=\"https:\/\/cdnoticias.com\/index.php\/2024\/01\/25\/palabrazo-por-la-cultura-en-el-veredon-del-teatro-municipal\/palabrazo-cultura-manifestacion-08\/\" border=\"0\" itemprop=\"url\"> <meta itemprop=\"width\" content=\"396\"> <meta itemprop=\"height\" content=\"220\"> <img decoding=\"async\" class=\"\" data-attachment-id=\"107555\" data-orig-file=\"https:\/\/cdnoticias.com\/wp-content\/uploads\/2024\/01\/palabrazo-cultura-manifestacion-08.jpg\" data-orig-size=\"800,445\" data-comments-opened=\"\" data-image-meta=\"{&quot;aperture&quot;:&quot;0&quot;,&quot;credit&quot;:&quot;&quot;,&quot;camera&quot;:&quot;&quot;,&quot;caption&quot;:&quot;&quot;,&quot;created_timestamp&quot;:&quot;0&quot;,&quot;copyright&quot;:&quot;&quot;,&quot;focal_length&quot;:&quot;0&quot;,&quot;iso&quot;:&quot;0&quot;,&quot;shutter_speed&quot;:&quot;0&quot;,&quot;title&quot;:&quot;&quot;,&quot;orientation&quot;:&quot;0&quot;}\" data-image-title=\"palabrazo-cultura-manifestacion-08\" data-image-description=\"\" data-medium-file=\"https:\/\/i0.wp.com\/cdnoticias.com\/wp-content\/uploads\/2024\/01\/palabrazo-cultura-manifestacion-08.jpg?fit=300%2C167&#038;ssl=1\" data-large-file=\"https:\/\/i0.wp.com\/cdnoticias.com\/wp-content\/uploads\/2024\/01\/palabrazo-cultura-manifestacion-08.jpg?fit=800%2C445&#038;ssl=1\" src=\"https:\/\/i0.wp.com\/cdnoticias.com\/wp-content\/uploads\/2024\/01\/palabrazo-cultura-manifestacion-08.jpg?w=396&#038;h=220&#038;ssl=1\" srcset=\"https:\/\/i0.wp.com\/cdnoticias.com\/wp-content\/uploads\/2024\/01\/palabrazo-cultura-manifestacion-08.jpg?w=800&amp;ssl=1 800w, https:\/\/i0.wp.com\/cdnoticias.com\/wp-content\/uploads\/2024\/01\/palabrazo-cultura-manifestacion-08.jpg?resize=300%2C167&amp;ssl=1 300w, https:\/\/i0.wp.com\/cdnoticias.com\/wp-content\/uploads\/2024\/01\/palabrazo-cultura-manifestacion-08.jpg?resize=768%2C427&amp;ssl=1 768w\" width=\"396\" height=\"220\" loading=\"lazy\" data-original-width=\"396\" data-original-height=\"220\" itemprop=\"http:\/\/schema.org\/image\" title=\"palabrazo-cultura-manifestacion-08\" alt=\"palabrazo-cultura-manifestacion-08\" style=\"width: 396px; height: 220px;\" \/> <\/a> <\/div> <\/div> <!-- close group --> <\/div> <!-- close row --> <div class=\"gallery-row\" style=\"width: 800px; height: 447px;\" data-original-width=\"800\" data-original-height=\"447\" > <div class=\"gallery-group images-1\" style=\"width: 800px; height: 447px;\" data-original-width=\"800\" data-original-height=\"447\" > <div class=\"tiled-gallery-item tiled-gallery-item-large\" itemprop=\"associatedMedia\" itemscope itemtype=\"http:\/\/schema.org\/ImageObject\"> <a href=\"https:\/\/cdnoticias.com\/index.php\/2024\/01\/25\/palabrazo-por-la-cultura-en-el-veredon-del-teatro-municipal\/palabrazo-cultura-manifestacion-07\/\" border=\"0\" itemprop=\"url\"> <meta itemprop=\"width\" content=\"796\"> <meta itemprop=\"height\" content=\"443\"> <img decoding=\"async\" class=\"\" data-attachment-id=\"107554\" data-orig-file=\"https:\/\/cdnoticias.com\/wp-content\/uploads\/2024\/01\/palabrazo-cultura-manifestacion-07.jpg\" data-orig-size=\"800,445\" data-comments-opened=\"\" data-image-meta=\"{&quot;aperture&quot;:&quot;0&quot;,&quot;credit&quot;:&quot;&quot;,&quot;camera&quot;:&quot;&quot;,&quot;caption&quot;:&quot;&quot;,&quot;created_timestamp&quot;:&quot;0&quot;,&quot;copyright&quot;:&quot;&quot;,&quot;focal_length&quot;:&quot;0&quot;,&quot;iso&quot;:&quot;0&quot;,&quot;shutter_speed&quot;:&quot;0&quot;,&quot;title&quot;:&quot;&quot;,&quot;orientation&quot;:&quot;0&quot;}\" data-image-title=\"palabrazo-cultura-manifestacion-07\" data-image-description=\"\" data-medium-file=\"https:\/\/i0.wp.com\/cdnoticias.com\/wp-content\/uploads\/2024\/01\/palabrazo-cultura-manifestacion-07.jpg?fit=300%2C167&#038;ssl=1\" data-large-file=\"https:\/\/i0.wp.com\/cdnoticias.com\/wp-content\/uploads\/2024\/01\/palabrazo-cultura-manifestacion-07.jpg?fit=800%2C445&#038;ssl=1\" src=\"https:\/\/i0.wp.com\/cdnoticias.com\/wp-content\/uploads\/2024\/01\/palabrazo-cultura-manifestacion-07.jpg?w=796&#038;h=443&#038;ssl=1\" srcset=\"https:\/\/i0.wp.com\/cdnoticias.com\/wp-content\/uploads\/2024\/01\/palabrazo-cultura-manifestacion-07.jpg?w=800&amp;ssl=1 800w, https:\/\/i0.wp.com\/cdnoticias.com\/wp-content\/uploads\/2024\/01\/palabrazo-cultura-manifestacion-07.jpg?resize=300%2C167&amp;ssl=1 300w, https:\/\/i0.wp.com\/cdnoticias.com\/wp-content\/uploads\/2024\/01\/palabrazo-cultura-manifestacion-07.jpg?resize=768%2C427&amp;ssl=1 768w\" width=\"796\" height=\"443\" loading=\"lazy\" data-original-width=\"796\" data-original-height=\"443\" itemprop=\"http:\/\/schema.org\/image\" title=\"palabrazo-cultura-manifestacion-07\" alt=\"palabrazo-cultura-manifestacion-07\" style=\"width: 796px; height: 443px;\" \/> <\/a> <\/div> <\/div> <!-- close group --> <\/div> <!-- close row --> <\/div>\n<blockquote><p>La jornada de lucha comenz\u00f3 con un \u201cruidazo\u201d. Luego hubo suelta de libros, micr\u00f3fono abierto para narradorxs y susurradorxs, \u201ccaligrafiazo\u201d (escritura de frases y palabras para no olvidar) y bordado colectivo.<\/p><\/blockquote>\n<p>Tal como hab\u00eda expuesto Central de Noticias, se difundi\u00f3 que \u201cmediante este proyecto de ley pretenden eliminar el Fondo Especial, reconocido y vigente desde hace m\u00e1s de un siglo, a trav\u00e9s del cual se financia a la Conabip y a las Bibliotecas Populares. Este fondo no quita nada a ning\u00fan sector de la sociedad, ya que se constituye a partir de los impuestos a los premios en los juegos de azar (casinos, bingos, loter\u00edas)\u201d.<\/p>\n<p>\u201c<strong>Las Bibliotecas constituyen un movimiento \u00fanico en el mundo que promueve la lectura, acceso a la informaci\u00f3n, difusi\u00f3n de la cultura y la inclusi\u00f3n social.<\/strong> El avance de esta ley arrasar\u00eda con las pol\u00edticas culturales vigentes, ya que influir\u00eda en los haberes del personal, llevando as\u00ed al cierre inminente de estos espacios\u201d se destac\u00f3.<\/p>\n<div class=\"tiled-gallery type-rectangular tiled-gallery-unresized\" data-original-width=\"800\" data-carousel-extra='null' itemscope itemtype=\"http:\/\/schema.org\/ImageGallery\" > <div class=\"gallery-row\" style=\"width: 800px; height: 224px;\" data-original-width=\"800\" data-original-height=\"224\" > <div class=\"gallery-group images-1\" style=\"width: 400px; height: 224px;\" data-original-width=\"400\" data-original-height=\"224\" > <div class=\"tiled-gallery-item tiled-gallery-item-large\" itemprop=\"associatedMedia\" itemscope itemtype=\"http:\/\/schema.org\/ImageObject\"> <a href=\"https:\/\/cdnoticias.com\/index.php\/2024\/01\/25\/palabrazo-por-la-cultura-en-el-veredon-del-teatro-municipal\/palabrazo-cultura-manifestacion-06\/\" border=\"0\" itemprop=\"url\"> <meta itemprop=\"width\" content=\"396\"> <meta itemprop=\"height\" content=\"220\"> <img decoding=\"async\" class=\"\" data-attachment-id=\"107553\" data-orig-file=\"https:\/\/cdnoticias.com\/wp-content\/uploads\/2024\/01\/palabrazo-cultura-manifestacion-06.jpg\" data-orig-size=\"800,445\" data-comments-opened=\"\" data-image-meta=\"{&quot;aperture&quot;:&quot;0&quot;,&quot;credit&quot;:&quot;&quot;,&quot;camera&quot;:&quot;&quot;,&quot;caption&quot;:&quot;&quot;,&quot;created_timestamp&quot;:&quot;0&quot;,&quot;copyright&quot;:&quot;&quot;,&quot;focal_length&quot;:&quot;0&quot;,&quot;iso&quot;:&quot;0&quot;,&quot;shutter_speed&quot;:&quot;0&quot;,&quot;title&quot;:&quot;&quot;,&quot;orientation&quot;:&quot;0&quot;}\" data-image-title=\"palabrazo-cultura-manifestacion-06\" data-image-description=\"\" data-medium-file=\"https:\/\/i0.wp.com\/cdnoticias.com\/wp-content\/uploads\/2024\/01\/palabrazo-cultura-manifestacion-06.jpg?fit=300%2C167&#038;ssl=1\" data-large-file=\"https:\/\/i0.wp.com\/cdnoticias.com\/wp-content\/uploads\/2024\/01\/palabrazo-cultura-manifestacion-06.jpg?fit=800%2C445&#038;ssl=1\" src=\"https:\/\/i0.wp.com\/cdnoticias.com\/wp-content\/uploads\/2024\/01\/palabrazo-cultura-manifestacion-06.jpg?w=396&#038;h=220&#038;ssl=1\" srcset=\"https:\/\/i0.wp.com\/cdnoticias.com\/wp-content\/uploads\/2024\/01\/palabrazo-cultura-manifestacion-06.jpg?w=800&amp;ssl=1 800w, https:\/\/i0.wp.com\/cdnoticias.com\/wp-content\/uploads\/2024\/01\/palabrazo-cultura-manifestacion-06.jpg?resize=300%2C167&amp;ssl=1 300w, https:\/\/i0.wp.com\/cdnoticias.com\/wp-content\/uploads\/2024\/01\/palabrazo-cultura-manifestacion-06.jpg?resize=768%2C427&amp;ssl=1 768w\" width=\"396\" height=\"220\" loading=\"lazy\" data-original-width=\"396\" data-original-height=\"220\" itemprop=\"http:\/\/schema.org\/image\" title=\"palabrazo-cultura-manifestacion-06\" alt=\"palabrazo-cultura-manifestacion-06\" style=\"width: 396px; height: 220px;\" \/> <\/a> <\/div> <\/div> <!-- close group --> <div class=\"gallery-group images-1\" style=\"width: 400px; height: 224px;\" data-original-width=\"400\" data-original-height=\"224\" > <div class=\"tiled-gallery-item tiled-gallery-item-large\" itemprop=\"associatedMedia\" itemscope itemtype=\"http:\/\/schema.org\/ImageObject\"> <a href=\"https:\/\/cdnoticias.com\/index.php\/2024\/01\/25\/palabrazo-por-la-cultura-en-el-veredon-del-teatro-municipal\/palabrazo-cultura-manifestacion-05\/\" border=\"0\" itemprop=\"url\"> <meta itemprop=\"width\" content=\"396\"> <meta itemprop=\"height\" content=\"220\"> <img decoding=\"async\" class=\"\" data-attachment-id=\"107552\" data-orig-file=\"https:\/\/cdnoticias.com\/wp-content\/uploads\/2024\/01\/palabrazo-cultura-manifestacion-05.jpg\" data-orig-size=\"800,445\" data-comments-opened=\"\" data-image-meta=\"{&quot;aperture&quot;:&quot;0&quot;,&quot;credit&quot;:&quot;&quot;,&quot;camera&quot;:&quot;&quot;,&quot;caption&quot;:&quot;&quot;,&quot;created_timestamp&quot;:&quot;0&quot;,&quot;copyright&quot;:&quot;&quot;,&quot;focal_length&quot;:&quot;0&quot;,&quot;iso&quot;:&quot;0&quot;,&quot;shutter_speed&quot;:&quot;0&quot;,&quot;title&quot;:&quot;&quot;,&quot;orientation&quot;:&quot;0&quot;}\" data-image-title=\"palabrazo-cultura-manifestacion-05\" data-image-description=\"\" data-medium-file=\"https:\/\/i0.wp.com\/cdnoticias.com\/wp-content\/uploads\/2024\/01\/palabrazo-cultura-manifestacion-05.jpg?fit=300%2C167&#038;ssl=1\" data-large-file=\"https:\/\/i0.wp.com\/cdnoticias.com\/wp-content\/uploads\/2024\/01\/palabrazo-cultura-manifestacion-05.jpg?fit=800%2C445&#038;ssl=1\" src=\"https:\/\/i0.wp.com\/cdnoticias.com\/wp-content\/uploads\/2024\/01\/palabrazo-cultura-manifestacion-05.jpg?w=396&#038;h=220&#038;ssl=1\" srcset=\"https:\/\/i0.wp.com\/cdnoticias.com\/wp-content\/uploads\/2024\/01\/palabrazo-cultura-manifestacion-05.jpg?w=800&amp;ssl=1 800w, https:\/\/i0.wp.com\/cdnoticias.com\/wp-content\/uploads\/2024\/01\/palabrazo-cultura-manifestacion-05.jpg?resize=300%2C167&amp;ssl=1 300w, https:\/\/i0.wp.com\/cdnoticias.com\/wp-content\/uploads\/2024\/01\/palabrazo-cultura-manifestacion-05.jpg?resize=768%2C427&amp;ssl=1 768w\" width=\"396\" height=\"220\" loading=\"lazy\" data-original-width=\"396\" data-original-height=\"220\" itemprop=\"http:\/\/schema.org\/image\" title=\"palabrazo-cultura-manifestacion-05\" alt=\"palabrazo-cultura-manifestacion-05\" style=\"width: 396px; height: 220px;\" \/> <\/a> <\/div> <\/div> <!-- close group --> <\/div> <!-- close row --> <div class=\"gallery-row\" style=\"width: 800px; height: 224px;\" data-original-width=\"800\" data-original-height=\"224\" > <div class=\"gallery-group images-1\" style=\"width: 400px; height: 224px;\" data-original-width=\"400\" data-original-height=\"224\" > <div class=\"tiled-gallery-item tiled-gallery-item-large\" itemprop=\"associatedMedia\" itemscope itemtype=\"http:\/\/schema.org\/ImageObject\"> <a href=\"https:\/\/cdnoticias.com\/index.php\/2024\/01\/25\/palabrazo-por-la-cultura-en-el-veredon-del-teatro-municipal\/palabrazo-cultura-manifestacion-04\/\" border=\"0\" itemprop=\"url\"> <meta itemprop=\"width\" content=\"396\"> <meta itemprop=\"height\" content=\"220\"> <img decoding=\"async\" class=\"\" data-attachment-id=\"107551\" data-orig-file=\"https:\/\/cdnoticias.com\/wp-content\/uploads\/2024\/01\/palabrazo-cultura-manifestacion-04.jpg\" data-orig-size=\"800,445\" data-comments-opened=\"\" data-image-meta=\"{&quot;aperture&quot;:&quot;0&quot;,&quot;credit&quot;:&quot;&quot;,&quot;camera&quot;:&quot;&quot;,&quot;caption&quot;:&quot;&quot;,&quot;created_timestamp&quot;:&quot;0&quot;,&quot;copyright&quot;:&quot;&quot;,&quot;focal_length&quot;:&quot;0&quot;,&quot;iso&quot;:&quot;0&quot;,&quot;shutter_speed&quot;:&quot;0&quot;,&quot;title&quot;:&quot;&quot;,&quot;orientation&quot;:&quot;0&quot;}\" data-image-title=\"palabrazo-cultura-manifestacion-04\" data-image-description=\"\" data-medium-file=\"https:\/\/i0.wp.com\/cdnoticias.com\/wp-content\/uploads\/2024\/01\/palabrazo-cultura-manifestacion-04.jpg?fit=300%2C167&#038;ssl=1\" data-large-file=\"https:\/\/i0.wp.com\/cdnoticias.com\/wp-content\/uploads\/2024\/01\/palabrazo-cultura-manifestacion-04.jpg?fit=800%2C445&#038;ssl=1\" src=\"https:\/\/i0.wp.com\/cdnoticias.com\/wp-content\/uploads\/2024\/01\/palabrazo-cultura-manifestacion-04.jpg?w=396&#038;h=220&#038;ssl=1\" srcset=\"https:\/\/i0.wp.com\/cdnoticias.com\/wp-content\/uploads\/2024\/01\/palabrazo-cultura-manifestacion-04.jpg?w=800&amp;ssl=1 800w, https:\/\/i0.wp.com\/cdnoticias.com\/wp-content\/uploads\/2024\/01\/palabrazo-cultura-manifestacion-04.jpg?resize=300%2C167&amp;ssl=1 300w, https:\/\/i0.wp.com\/cdnoticias.com\/wp-content\/uploads\/2024\/01\/palabrazo-cultura-manifestacion-04.jpg?resize=768%2C427&amp;ssl=1 768w\" width=\"396\" height=\"220\" loading=\"lazy\" data-original-width=\"396\" data-original-height=\"220\" itemprop=\"http:\/\/schema.org\/image\" title=\"palabrazo-cultura-manifestacion-04\" alt=\"palabrazo-cultura-manifestacion-04\" style=\"width: 396px; height: 220px;\" \/> <\/a> <\/div> <\/div> <!-- close group --> <div class=\"gallery-group images-1\" style=\"width: 400px; height: 224px;\" data-original-width=\"400\" data-original-height=\"224\" > <div class=\"tiled-gallery-item tiled-gallery-item-large\" itemprop=\"associatedMedia\" itemscope itemtype=\"http:\/\/schema.org\/ImageObject\"> <a href=\"https:\/\/cdnoticias.com\/index.php\/2024\/01\/25\/palabrazo-por-la-cultura-en-el-veredon-del-teatro-municipal\/palabrazo-cultura-manifestacion-03\/\" border=\"0\" itemprop=\"url\"> <meta itemprop=\"width\" content=\"396\"> <meta itemprop=\"height\" content=\"220\"> <img decoding=\"async\" class=\"\" data-attachment-id=\"107550\" data-orig-file=\"https:\/\/cdnoticias.com\/wp-content\/uploads\/2024\/01\/palabrazo-cultura-manifestacion-03.jpg\" data-orig-size=\"800,445\" data-comments-opened=\"\" data-image-meta=\"{&quot;aperture&quot;:&quot;0&quot;,&quot;credit&quot;:&quot;&quot;,&quot;camera&quot;:&quot;&quot;,&quot;caption&quot;:&quot;&quot;,&quot;created_timestamp&quot;:&quot;0&quot;,&quot;copyright&quot;:&quot;&quot;,&quot;focal_length&quot;:&quot;0&quot;,&quot;iso&quot;:&quot;0&quot;,&quot;shutter_speed&quot;:&quot;0&quot;,&quot;title&quot;:&quot;&quot;,&quot;orientation&quot;:&quot;0&quot;}\" data-image-title=\"palabrazo-cultura-manifestacion-03\" data-image-description=\"\" data-medium-file=\"https:\/\/i0.wp.com\/cdnoticias.com\/wp-content\/uploads\/2024\/01\/palabrazo-cultura-manifestacion-03.jpg?fit=300%2C167&#038;ssl=1\" data-large-file=\"https:\/\/i0.wp.com\/cdnoticias.com\/wp-content\/uploads\/2024\/01\/palabrazo-cultura-manifestacion-03.jpg?fit=800%2C445&#038;ssl=1\" src=\"https:\/\/i0.wp.com\/cdnoticias.com\/wp-content\/uploads\/2024\/01\/palabrazo-cultura-manifestacion-03.jpg?w=396&#038;h=220&#038;ssl=1\" srcset=\"https:\/\/i0.wp.com\/cdnoticias.com\/wp-content\/uploads\/2024\/01\/palabrazo-cultura-manifestacion-03.jpg?w=800&amp;ssl=1 800w, https:\/\/i0.wp.com\/cdnoticias.com\/wp-content\/uploads\/2024\/01\/palabrazo-cultura-manifestacion-03.jpg?resize=300%2C167&amp;ssl=1 300w, https:\/\/i0.wp.com\/cdnoticias.com\/wp-content\/uploads\/2024\/01\/palabrazo-cultura-manifestacion-03.jpg?resize=768%2C427&amp;ssl=1 768w\" width=\"396\" height=\"220\" loading=\"lazy\" data-original-width=\"396\" data-original-height=\"220\" itemprop=\"http:\/\/schema.org\/image\" title=\"palabrazo-cultura-manifestacion-03\" alt=\"palabrazo-cultura-manifestacion-03\" style=\"width: 396px; height: 220px;\" \/> <\/a> <\/div> <\/div> <!-- close group --> <\/div> <!-- close row --> <div class=\"gallery-row\" style=\"width: 800px; height: 224px;\" data-original-width=\"800\" data-original-height=\"224\" > <div class=\"gallery-group images-1\" style=\"width: 400px; height: 224px;\" data-original-width=\"400\" data-original-height=\"224\" > <div class=\"tiled-gallery-item tiled-gallery-item-large\" itemprop=\"associatedMedia\" itemscope itemtype=\"http:\/\/schema.org\/ImageObject\"> <a href=\"https:\/\/cdnoticias.com\/index.php\/2024\/01\/25\/palabrazo-por-la-cultura-en-el-veredon-del-teatro-municipal\/palabrazo-cultura-manifestacion-02\/\" border=\"0\" itemprop=\"url\"> <meta itemprop=\"width\" content=\"396\"> <meta itemprop=\"height\" content=\"220\"> <img decoding=\"async\" class=\"\" data-attachment-id=\"107549\" data-orig-file=\"https:\/\/cdnoticias.com\/wp-content\/uploads\/2024\/01\/palabrazo-cultura-manifestacion-02.jpg\" data-orig-size=\"800,445\" data-comments-opened=\"\" data-image-meta=\"{&quot;aperture&quot;:&quot;0&quot;,&quot;credit&quot;:&quot;&quot;,&quot;camera&quot;:&quot;&quot;,&quot;caption&quot;:&quot;&quot;,&quot;created_timestamp&quot;:&quot;0&quot;,&quot;copyright&quot;:&quot;&quot;,&quot;focal_length&quot;:&quot;0&quot;,&quot;iso&quot;:&quot;0&quot;,&quot;shutter_speed&quot;:&quot;0&quot;,&quot;title&quot;:&quot;&quot;,&quot;orientation&quot;:&quot;0&quot;}\" data-image-title=\"palabrazo-cultura-manifestacion-02\" data-image-description=\"\" data-medium-file=\"https:\/\/i0.wp.com\/cdnoticias.com\/wp-content\/uploads\/2024\/01\/palabrazo-cultura-manifestacion-02.jpg?fit=300%2C167&#038;ssl=1\" data-large-file=\"https:\/\/i0.wp.com\/cdnoticias.com\/wp-content\/uploads\/2024\/01\/palabrazo-cultura-manifestacion-02.jpg?fit=800%2C445&#038;ssl=1\" src=\"https:\/\/i0.wp.com\/cdnoticias.com\/wp-content\/uploads\/2024\/01\/palabrazo-cultura-manifestacion-02.jpg?w=396&#038;h=220&#038;ssl=1\" srcset=\"https:\/\/i0.wp.com\/cdnoticias.com\/wp-content\/uploads\/2024\/01\/palabrazo-cultura-manifestacion-02.jpg?w=800&amp;ssl=1 800w, https:\/\/i0.wp.com\/cdnoticias.com\/wp-content\/uploads\/2024\/01\/palabrazo-cultura-manifestacion-02.jpg?resize=300%2C167&amp;ssl=1 300w, https:\/\/i0.wp.com\/cdnoticias.com\/wp-content\/uploads\/2024\/01\/palabrazo-cultura-manifestacion-02.jpg?resize=768%2C427&amp;ssl=1 768w\" width=\"396\" height=\"220\" loading=\"lazy\" data-original-width=\"396\" data-original-height=\"220\" itemprop=\"http:\/\/schema.org\/image\" title=\"palabrazo-cultura-manifestacion-02\" alt=\"palabrazo-cultura-manifestacion-02\" style=\"width: 396px; height: 220px;\" \/> <\/a> <\/div> <\/div> <!-- close group --> <div class=\"gallery-group images-1\" style=\"width: 400px; height: 224px;\" data-original-width=\"400\" data-original-height=\"224\" > <div class=\"tiled-gallery-item tiled-gallery-item-large\" itemprop=\"associatedMedia\" itemscope itemtype=\"http:\/\/schema.org\/ImageObject\"> <a href=\"https:\/\/cdnoticias.com\/index.php\/2024\/01\/25\/palabrazo-por-la-cultura-en-el-veredon-del-teatro-municipal\/palabrazo-cultura-manifestacion-01\/\" border=\"0\" itemprop=\"url\"> <meta itemprop=\"width\" content=\"396\"> <meta itemprop=\"height\" content=\"220\"> <img decoding=\"async\" class=\"\" data-attachment-id=\"107548\" data-orig-file=\"https:\/\/cdnoticias.com\/wp-content\/uploads\/2024\/01\/palabrazo-cultura-manifestacion-01.jpg\" data-orig-size=\"800,445\" data-comments-opened=\"\" data-image-meta=\"{&quot;aperture&quot;:&quot;0&quot;,&quot;credit&quot;:&quot;&quot;,&quot;camera&quot;:&quot;&quot;,&quot;caption&quot;:&quot;&quot;,&quot;created_timestamp&quot;:&quot;0&quot;,&quot;copyright&quot;:&quot;&quot;,&quot;focal_length&quot;:&quot;0&quot;,&quot;iso&quot;:&quot;0&quot;,&quot;shutter_speed&quot;:&quot;0&quot;,&quot;title&quot;:&quot;&quot;,&quot;orientation&quot;:&quot;0&quot;}\" data-image-title=\"palabrazo-cultura-manifestacion-01\" data-image-description=\"\" data-medium-file=\"https:\/\/i0.wp.com\/cdnoticias.com\/wp-content\/uploads\/2024\/01\/palabrazo-cultura-manifestacion-01.jpg?fit=300%2C167&#038;ssl=1\" data-large-file=\"https:\/\/i0.wp.com\/cdnoticias.com\/wp-content\/uploads\/2024\/01\/palabrazo-cultura-manifestacion-01.jpg?fit=800%2C445&#038;ssl=1\" src=\"https:\/\/i0.wp.com\/cdnoticias.com\/wp-content\/uploads\/2024\/01\/palabrazo-cultura-manifestacion-01.jpg?w=396&#038;h=220&#038;ssl=1\" srcset=\"https:\/\/i0.wp.com\/cdnoticias.com\/wp-content\/uploads\/2024\/01\/palabrazo-cultura-manifestacion-01.jpg?w=800&amp;ssl=1 800w, https:\/\/i0.wp.com\/cdnoticias.com\/wp-content\/uploads\/2024\/01\/palabrazo-cultura-manifestacion-01.jpg?resize=300%2C167&amp;ssl=1 300w, https:\/\/i0.wp.com\/cdnoticias.com\/wp-content\/uploads\/2024\/01\/palabrazo-cultura-manifestacion-01.jpg?resize=768%2C427&amp;ssl=1 768w\" width=\"396\" height=\"220\" loading=\"lazy\" data-original-width=\"396\" data-original-height=\"220\" itemprop=\"http:\/\/schema.org\/image\" title=\"palabrazo-cultura-manifestacion-01\" alt=\"palabrazo-cultura-manifestacion-01\" style=\"width: 396px; height: 220px;\" \/> <\/a> <\/div> <\/div> <!-- close group --> <\/div> <!-- close row --> <\/div>\n","protected":false},"excerpt":{"rendered":"<p>La propuesta fue concretada por la agrupaci\u00f3n Unidxs por la Cultura en rechazo a las modificaciones que impulsa el Gobierno<\/p>\n","protected":false},"author":2,"featured_media":107547,"comment_status":"closed","ping_status":"closed","sticky":false,"template":"","format":"standard","meta":{"_jetpack_memberships_contains_paid_content":false,"footnotes":""},"categories":[9,1],"tags":[],"class_list":["post-107546","post","type-post","status-publish","format-standard","has-post-thumbnail","hentry","category-cultura","category-portada"],"jetpack_featured_media_url":"https:\/\/i0.wp.com\/cdnoticias.com\/wp-content\/uploads\/2024\/01\/palabrazo-cultura-manifestacion-00.jpg?fit=800%2C445&ssl=1","jetpack_sharing_enabled":true,"_links":{"self":[{"href":"https:\/\/cdnoticias.com\/index.php\/wp-json\/wp\/v2\/posts\/107546","targetHints":{"allow":["GET"]}}],"collection":[{"href":"https:\/\/cdnoticias.com\/index.php\/wp-json\/wp\/v2\/posts"}],"about":[{"href":"https:\/\/cdnoticias.com\/index.php\/wp-json\/wp\/v2\/types\/post"}],"author":[{"embeddable":true,"href":"https:\/\/cdnoticias.com\/index.php\/wp-json\/wp\/v2\/users\/2"}],"replies":[{"embeddable":true,"href":"https:\/\/cdnoticias.com\/index.php\/wp-json\/wp\/v2\/comments?post=107546"}],"version-history":[{"count":0,"href":"https:\/\/cdnoticias.com\/index.php\/wp-json\/wp\/v2\/posts\/107546\/revisions"}],"wp:featuredmedia":[{"embeddable":true,"href":"https:\/\/cdnoticias.com\/index.php\/wp-json\/wp\/v2\/media\/107547"}],"wp:attachment":[{"href":"https:\/\/cdnoticias.com\/index.php\/wp-json\/wp\/v2\/media?parent=107546"}],"wp:term":[{"taxonomy":"category","embeddable":true,"href":"https:\/\/cdnoticias.com\/index.php\/wp-json\/wp\/v2\/categories?post=107546"},{"taxonomy":"post_tag","embeddable":true,"href":"https:\/\/cdnoticias.com\/index.php\/wp-json\/wp\/v2\/tags?post=107546"}],"curies":[{"name":"wp","href":"https:\/\/api.w.org\/{rel}","templated":true}]}}