{"id":107521,"date":"2024-01-25T14:00:21","date_gmt":"2024-01-25T17:00:21","guid":{"rendered":"https:\/\/cdnoticias.com\/?p=107521"},"modified":"2024-01-25T19:51:53","modified_gmt":"2024-01-25T22:51:53","slug":"tenian-un-kiosco-de-venta-de-drogas-en-barrio-villa-aurora-fueron-aprehendidos","status":"publish","type":"post","link":"https:\/\/cdnoticias.com\/index.php\/2024\/01\/25\/tenian-un-kiosco-de-venta-de-drogas-en-barrio-villa-aurora-fueron-aprehendidos\/","title":{"rendered":"Ten\u00edan \u201cun kiosco\u201d de venta de drogas en barrio Villa Aurora: fueron aprehendidos"},"content":{"rendered":"<p>Se secuestr\u00f3 coca\u00edna, marihuana y un arma. Una pareja fue acusada de \u201cinfracci\u00f3n a la Ley 23.737\u201d y tambi\u00e9n por \u201ctenencia de armas\u201d y \u201clesiones y resistencia a la autoridad\u201d.<\/p>\n<p><!--more--><\/p>\n<hr \/>\n<p><strong>Allanamiento y aprehendidos<\/strong> por<strong> comercio de estupefacientes<\/strong> en Olavarr\u00eda, fue el saldo de un operativo que se concret\u00f3 en <strong>barrio Villa Aurora<\/strong>.<\/p>\n<p>&nbsp;<\/p>\n<blockquote><p>Se destac\u00f3 que \u201cse desarticul\u00f3 un puesto de venta de coca\u00edna y marihuana\u201d y que uno de los arrestados cuenta con antecedentes penales.<\/p><\/blockquote>\n<p>&nbsp;<\/p>\n<blockquote class=\"instagram-media\" style=\"background: #FFF; border: 0; border-radius: 3px; box-shadow: 0 0 1px 0 rgba(0,0,0,0.5),0 1px 10px 0 rgba(0,0,0,0.15); margin: 1px; max-width: 540px; min-width: 326px; padding: 0; width: calc(100% - 2px);\" data-instgrm-permalink=\"https:\/\/www.instagram.com\/reel\/C2h9nuUOzpA\/?utm_source=ig_embed&amp;utm_campaign=loading\" data-instgrm-version=\"14\">\n<div style=\"padding: 16px;\">\n<div style=\"display: flex; flex-direction: row; align-items: center;\">\n<div style=\"background-color: #f4f4f4; border-radius: 50%; flex-grow: 0; height: 40px; margin-right: 14px; width: 40px;\"><\/div>\n<div style=\"display: flex; flex-direction: column; flex-grow: 1; justify-content: center;\">\n<div style=\"background-color: #f4f4f4; border-radius: 4px; flex-grow: 0; height: 14px; margin-bottom: 6px; width: 100px;\"><\/div>\n<div style=\"background-color: #f4f4f4; border-radius: 4px; flex-grow: 0; height: 14px; width: 60px;\"><\/div>\n<\/div>\n<\/div>\n<div style=\"padding: 19% 0;\"><\/div>\n<div style=\"display: block; height: 50px; margin: 0 auto 12px; width: 50px;\"><\/div>\n<div style=\"padding-top: 8px;\">\n<div style=\"color: #3897f0; font-family: Arial,sans-serif; font-size: 14px; font-style: normal; font-weight: 550; line-height: 18px;\">Ver esta publicaci\u00f3n en Instagram<\/div>\n<\/div>\n<div style=\"padding: 12.5% 0;\"><\/div>\n<div style=\"display: flex; flex-direction: row; margin-bottom: 14px; align-items: center;\">\n<div>\n<div style=\"background-color: #f4f4f4; border-radius: 50%; height: 12.5px; width: 12.5px; transform: translateX(0px) translateY(7px);\"><\/div>\n<div style=\"background-color: #f4f4f4; height: 12.5px; transform: rotate(-45deg) translateX(3px) translateY(1px); width: 12.5px; flex-grow: 0; margin-right: 14px; margin-left: 2px;\"><\/div>\n<div style=\"background-color: #f4f4f4; border-radius: 50%; height: 12.5px; width: 12.5px; transform: translateX(9px) translateY(-18px);\"><\/div>\n<\/div>\n<div style=\"margin-left: 8px;\">\n<div style=\"background-color: #f4f4f4; border-radius: 50%; flex-grow: 0; height: 20px; width: 20px;\"><\/div>\n<div style=\"width: 0; height: 0; border-top: 2px solid transparent; border-left: 6px solid #f4f4f4; border-bottom: 2px solid transparent; transform: translateX(16px) translateY(-4px) rotate(30deg);\"><\/div>\n<\/div>\n<div style=\"margin-left: auto;\">\n<div style=\"width: 0px; border-top: 8px solid #F4F4F4; border-right: 8px solid transparent; transform: translateY(16px);\"><\/div>\n<div style=\"background-color: #f4f4f4; flex-grow: 0; height: 12px; width: 16px; transform: translateY(-4px);\"><\/div>\n<div style=\"width: 0; height: 0; border-top: 8px solid #F4F4F4; border-left: 8px solid transparent; transform: translateY(-4px) translateX(8px);\"><\/div>\n<\/div>\n<\/div>\n<div style=\"display: flex; flex-direction: column; flex-grow: 1; justify-content: center; margin-bottom: 24px;\">\n<div style=\"background-color: #f4f4f4; border-radius: 4px; flex-grow: 0; height: 14px; margin-bottom: 6px; width: 224px;\"><\/div>\n<div style=\"background-color: #f4f4f4; border-radius: 4px; flex-grow: 0; height: 14px; width: 144px;\"><\/div>\n<\/div>\n<p style=\"color: #c9c8cd; font-family: Arial,sans-serif; font-size: 14px; line-height: 17px; margin-bottom: 0; margin-top: 8px; overflow: hidden; padding: 8px 0 7px; text-align: center; text-overflow: ellipsis; white-space: nowrap;\"><a style=\"color: #c9c8cd; font-family: Arial,sans-serif; font-size: 14px; font-style: normal; font-weight: normal; line-height: 17px; text-decoration: none;\" href=\"https:\/\/www.instagram.com\/reel\/C2h9nuUOzpA\/?utm_source=ig_embed&amp;utm_campaign=loading\" target=\"_blank\" rel=\"noopener\">Una publicaci\u00f3n compartida por Central de Noticias Olavarr\u00eda (@cdnolavarria)<\/a><\/p>\n<\/div>\n<\/blockquote>\n<p><script async src=\"\/\/www.instagram.com\/embed.js\"><\/script><\/p>\n<p>&nbsp;<\/p>\n<p>Intervinieron dotaciones de la <strong>Delegaci\u00f3n de Drogas Il\u00edcitas de Azul<\/strong> y de la <strong>Comisaria Segunda de Olavarr\u00eda<\/strong> que irrumpieron en una<strong> vivienda de calle Las Azucenas<\/strong> donde habr\u00eda funcionado <strong>\u201cun kiosco de expendio de drogas\u201d administrado por la pareja detenida.<\/strong><\/p>\n<p>&nbsp;<\/p>\n<blockquote><p>Se detall\u00f3 que en el domicilio se logr\u00f3 el secuestro de varias dosis de coca\u00edna, marihuana, una balanza de precisi\u00f3n, una pistola Bersa calibre 22 con 43 municiones sin numeraci\u00f3n y elementos que estar\u00edan relacionados al fraccionamiento y comercializaci\u00f3n de sustancias il\u00edcitas, una suma importante de dinero m\u00e1s tel\u00e9fonos y computadoras.<\/p><\/blockquote>\n<p>&nbsp;<\/p>\n<p><img data-recalc-dims=\"1\" loading=\"lazy\" decoding=\"async\" class=\"aligncenter wp-image-107522\" src=\"https:\/\/i0.wp.com\/cdnoticias.com\/wp-content\/uploads\/2024\/01\/drogas-villa-aurora-01.jpg?resize=800%2C492&#038;ssl=1\" alt=\"\" width=\"800\" height=\"492\" srcset=\"https:\/\/i0.wp.com\/cdnoticias.com\/wp-content\/uploads\/2024\/01\/drogas-villa-aurora-01.jpg?w=1000&amp;ssl=1 1000w, https:\/\/i0.wp.com\/cdnoticias.com\/wp-content\/uploads\/2024\/01\/drogas-villa-aurora-01.jpg?resize=300%2C185&amp;ssl=1 300w, https:\/\/i0.wp.com\/cdnoticias.com\/wp-content\/uploads\/2024\/01\/drogas-villa-aurora-01.jpg?resize=768%2C472&amp;ssl=1 768w\" sizes=\"auto, (max-width: 800px) 100vw, 800px\" \/><\/p>\n<p>&nbsp;<\/p>\n<p>La totalidad del dispositivo fue supervisada por <strong>Lucas Moyano, titular de la Fiscal\u00eda N\u00ba 19<\/strong> especializada en delitos de narcotr\u00e1fico de la ciudad de Olavarr\u00eda.<\/p>\n<p>&nbsp;<\/p>\n<p>Los acusados, <strong>un hombre y una mujer<\/strong>, quedaron<strong> aprehendidos por \u201cinfracci\u00f3n a la Ley 23.737\u201d<\/strong>. Adem\u00e1s, <strong>al hombre se lo proces\u00f3 por \u201ctenencia de armas\u201d<\/strong> y <strong>a la mujer por \u201clesiones y resistencia a la autoridad\u201d<\/strong> ya que durante el procedimiento atac\u00f3 a un polic\u00eda y se resisti\u00f3 a que el allanamiento se llevara a cabo.<\/p>\n<p>&nbsp;<\/p>\n<p><img data-recalc-dims=\"1\" loading=\"lazy\" decoding=\"async\" class=\"aligncenter wp-image-107523\" src=\"https:\/\/i0.wp.com\/cdnoticias.com\/wp-content\/uploads\/2024\/01\/drogas-villa-aurora-02.jpg?resize=800%2C800&#038;ssl=1\" alt=\"\" width=\"800\" height=\"800\" srcset=\"https:\/\/i0.wp.com\/cdnoticias.com\/wp-content\/uploads\/2024\/01\/drogas-villa-aurora-02.jpg?w=1000&amp;ssl=1 1000w, https:\/\/i0.wp.com\/cdnoticias.com\/wp-content\/uploads\/2024\/01\/drogas-villa-aurora-02.jpg?resize=300%2C300&amp;ssl=1 300w, https:\/\/i0.wp.com\/cdnoticias.com\/wp-content\/uploads\/2024\/01\/drogas-villa-aurora-02.jpg?resize=150%2C150&amp;ssl=1 150w, https:\/\/i0.wp.com\/cdnoticias.com\/wp-content\/uploads\/2024\/01\/drogas-villa-aurora-02.jpg?resize=768%2C768&amp;ssl=1 768w\" sizes=\"auto, (max-width: 800px) 100vw, 800px\" \/><\/p>\n<p>&nbsp;<\/p>\n<p>Asimismo, se dej\u00f3 saber que<strong> el hombre cuenta con frondosos antecedentes penales<\/strong> por los cuales ya hab\u00eda purgado condena en Unidades Carcelarias.<\/p>\n<p>&nbsp;<\/p>\n<p>Las actuaciones en la UFI N\u00ba 19 avanzaron en la ma\u00f1ana de este jueves:<strong> los acusados fueron indagados en sede judicial<\/strong> y posteriormente se decidir\u00e1 su lugar de alojamiento.<\/p>\n<p>&nbsp;<\/p>\n<p><img data-recalc-dims=\"1\" loading=\"lazy\" decoding=\"async\" class=\"size-full wp-image-107524 aligncenter\" src=\"https:\/\/i0.wp.com\/cdnoticias.com\/wp-content\/uploads\/2024\/01\/drogas-villa-aurora-03.jpg?resize=450%2C656&#038;ssl=1\" alt=\"\" width=\"450\" height=\"656\" srcset=\"https:\/\/i0.wp.com\/cdnoticias.com\/wp-content\/uploads\/2024\/01\/drogas-villa-aurora-03.jpg?w=450&amp;ssl=1 450w, https:\/\/i0.wp.com\/cdnoticias.com\/wp-content\/uploads\/2024\/01\/drogas-villa-aurora-03.jpg?resize=206%2C300&amp;ssl=1 206w\" sizes=\"auto, (max-width: 450px) 100vw, 450px\" \/><\/p>\n<p>&nbsp;<\/p>\n","protected":false},"excerpt":{"rendered":"<p>Se secuestr\u00f3 coca\u00edna, marihuana y un arma. Una pareja fue acusada de \u201cinfracci\u00f3n a la Ley 23.737\u201d y tambi\u00e9n por<\/p>\n","protected":false},"author":4,"featured_media":107525,"comment_status":"closed","ping_status":"closed","sticky":false,"template":"","format":"standard","meta":{"_jetpack_memberships_contains_paid_content":false,"footnotes":""},"categories":[14,1],"tags":[],"class_list":["post-107521","post","type-post","status-publish","format-standard","has-post-thumbnail","hentry","category-policiales","category-portada"],"jetpack_featured_media_url":"https:\/\/i0.wp.com\/cdnoticias.com\/wp-content\/uploads\/2024\/01\/drogas-villa-aurora-00.jpg?fit=800%2C444&ssl=1","jetpack_sharing_enabled":true,"_links":{"self":[{"href":"https:\/\/cdnoticias.com\/index.php\/wp-json\/wp\/v2\/posts\/107521","targetHints":{"allow":["GET"]}}],"collection":[{"href":"https:\/\/cdnoticias.com\/index.php\/wp-json\/wp\/v2\/posts"}],"about":[{"href":"https:\/\/cdnoticias.com\/index.php\/wp-json\/wp\/v2\/types\/post"}],"author":[{"embeddable":true,"href":"https:\/\/cdnoticias.com\/index.php\/wp-json\/wp\/v2\/users\/4"}],"replies":[{"embeddable":true,"href":"https:\/\/cdnoticias.com\/index.php\/wp-json\/wp\/v2\/comments?post=107521"}],"version-history":[{"count":0,"href":"https:\/\/cdnoticias.com\/index.php\/wp-json\/wp\/v2\/posts\/107521\/revisions"}],"wp:featuredmedia":[{"embeddable":true,"href":"https:\/\/cdnoticias.com\/index.php\/wp-json\/wp\/v2\/media\/107525"}],"wp:attachment":[{"href":"https:\/\/cdnoticias.com\/index.php\/wp-json\/wp\/v2\/media?parent=107521"}],"wp:term":[{"taxonomy":"category","embeddable":true,"href":"https:\/\/cdnoticias.com\/index.php\/wp-json\/wp\/v2\/categories?post=107521"},{"taxonomy":"post_tag","embeddable":true,"href":"https:\/\/cdnoticias.com\/index.php\/wp-json\/wp\/v2\/tags?post=107521"}],"curies":[{"name":"wp","href":"https:\/\/api.w.org\/{rel}","templated":true}]}}