{"id":107513,"date":"2024-01-25T13:02:00","date_gmt":"2024-01-25T16:02:00","guid":{"rendered":"https:\/\/cdnoticias.com\/?p=107513"},"modified":"2024-01-25T16:58:04","modified_gmt":"2024-01-25T19:58:04","slug":"se-normalizo-el-servicio-de-retiro-de-licencias-de-conducir","status":"publish","type":"post","link":"https:\/\/cdnoticias.com\/index.php\/2024\/01\/25\/se-normalizo-el-servicio-de-retiro-de-licencias-de-conducir\/","title":{"rendered":"Se normaliz\u00f3 el servicio de retiro de licencias de conducir"},"content":{"rendered":"\n<p>Ya est\u00e1n disponibles las credenciales de quienes hayan hecho el tr\u00e1mite hasta el 15 de enero inclusive. Informaron que tambi\u00e9n se regulariz\u00f3 la solicitud de turnos presencial y online.<\/p>\n\n\n\n<hr class=\"wp-block-separator aligncenter has-alpha-channel-opacity is-style-wide\"\/>\n\n\n\n<p>Desde la Direcci\u00f3n de Licencias de Conducir del Municipio de Olavarr\u00eda informaron que <strong>ya se encuentran disponibles para retirar aquellas licencias tramitadas hasta el 15 de enero inclusive.<\/strong> Las personas que cumplan ese requisito pueden pasar por el Sal\u00f3n Rivadavia de lunes a viernes, en el horario de 7 a 14 horas.<\/p>\n\n\n\n<p>Al respecto la directora de Licencias de Conducir, <strong>Romina Podetti, expres\u00f3 que ya se encuentra normalizado el servicio<\/strong>, tanto para la entrega como para la solicitud de turnos para tr\u00e1mites de obtenci\u00f3n o renovaci\u00f3n. Adem\u00e1s, agreg\u00f3 que <em><strong>ya se regulariz\u00f3 el sistema de turnos online<\/strong>.<\/em><\/p>\n\n\n\n<p>D\u00edas atr\u00e1s hab\u00edan informado que, ante la gran cantidad de turnos demorados, se agregaba el viernes y el s\u00e1bado como d\u00edas h\u00e1biles para rendir el examen te\u00f3rico y la prueba de manejo en el circuito vial de La M\u00e1xima.<\/p>\n\n\n\n<blockquote class=\"wp-block-quote is-layout-flow wp-block-quote-is-layout-flow\">\n<p>Con el objetivo de poder ofrecer una entrega organizada, es que se adopt\u00f3 la medida de desdoblarla y que primero la retiren aquellas personas que concretaron el tr\u00e1mite hasta el 15 de enero. Para fechas posteriores se adoptar\u00e1 una medida similar que ser\u00e1 comunicada oportunamente.<\/p>\n<\/blockquote>\n\n\n\n<p>Las demoras en la entrega de licencias <strong>responden al faltante de pl\u00e1sticos para realizar los tr\u00e1mites<\/strong> de parte de la Agencia Nacional de Seguridad Vial. A principios de mes, el <strong>Ministerio de Transporte de la Provincia<\/strong> hab\u00eda habilitado la circulaci\u00f3n con certificado de tr\u00e1mite aprobado y con la licencia digital en la app Mi Argentina. <strong>Dicha resoluci\u00f3n seguir\u00e1 vigente por todo enero<\/strong>.<\/p>\n\n\n\n<p>Desde la Direcci\u00f3n recordaron que, por consultas e inquietudes administrativas, inclusive la reprogramaci\u00f3n de turnos, se pueden comunicar al WhatsApp de la Direcci\u00f3n de Licencias al n\u00famero 2284 695804, de lunes a viernes, en el horario de 7 a 14.<\/p>\n\n\n\n<p>A la par, tambi\u00e9n se encuentra la v\u00eda de comunicaci\u00f3n con el Circuito Vial que se encuentra en el Bioparque La M\u00e1xima, que es donde se desarrollan las pruebas tanto te\u00f3ricas como pr\u00e1cticas. Por consultas, tambi\u00e9n a trav\u00e9s de WhatsApp, se pueden comunicar al 2284 230610 de lunes a viernes de 7 a 14, o s\u00e1bados de 8 a 13.<\/p>\n","protected":false},"excerpt":{"rendered":"<p>Ya est\u00e1n disponibles las credenciales de quienes hayan hecho el tr\u00e1mite hasta el 15 de enero inclusive. Informaron que tambi\u00e9n<\/p>\n","protected":false},"author":2,"featured_media":41463,"comment_status":"closed","ping_status":"closed","sticky":false,"template":"","format":"standard","meta":{"_jetpack_memberships_contains_paid_content":false,"footnotes":""},"categories":[5,1],"tags":[],"class_list":["post-107513","post","type-post","status-publish","format-standard","has-post-thumbnail","hentry","category-informacion-general","category-portada"],"jetpack_featured_media_url":"https:\/\/i0.wp.com\/cdnoticias.com\/wp-content\/uploads\/2021\/12\/licencias.jpg?fit=800%2C530&ssl=1","jetpack_sharing_enabled":true,"_links":{"self":[{"href":"https:\/\/cdnoticias.com\/index.php\/wp-json\/wp\/v2\/posts\/107513","targetHints":{"allow":["GET"]}}],"collection":[{"href":"https:\/\/cdnoticias.com\/index.php\/wp-json\/wp\/v2\/posts"}],"about":[{"href":"https:\/\/cdnoticias.com\/index.php\/wp-json\/wp\/v2\/types\/post"}],"author":[{"embeddable":true,"href":"https:\/\/cdnoticias.com\/index.php\/wp-json\/wp\/v2\/users\/2"}],"replies":[{"embeddable":true,"href":"https:\/\/cdnoticias.com\/index.php\/wp-json\/wp\/v2\/comments?post=107513"}],"version-history":[{"count":0,"href":"https:\/\/cdnoticias.com\/index.php\/wp-json\/wp\/v2\/posts\/107513\/revisions"}],"wp:featuredmedia":[{"embeddable":true,"href":"https:\/\/cdnoticias.com\/index.php\/wp-json\/wp\/v2\/media\/41463"}],"wp:attachment":[{"href":"https:\/\/cdnoticias.com\/index.php\/wp-json\/wp\/v2\/media?parent=107513"}],"wp:term":[{"taxonomy":"category","embeddable":true,"href":"https:\/\/cdnoticias.com\/index.php\/wp-json\/wp\/v2\/categories?post=107513"},{"taxonomy":"post_tag","embeddable":true,"href":"https:\/\/cdnoticias.com\/index.php\/wp-json\/wp\/v2\/tags?post=107513"}],"curies":[{"name":"wp","href":"https:\/\/api.w.org\/{rel}","templated":true}]}}