{"id":107504,"date":"2024-01-25T17:53:27","date_gmt":"2024-01-25T20:53:27","guid":{"rendered":"https:\/\/cdnoticias.com\/?p=107504"},"modified":"2024-01-25T17:53:29","modified_gmt":"2024-01-25T20:53:29","slug":"lo-que-es-necesario-y-urgente-es-defender-nuestros-derechos","status":"publish","type":"post","link":"https:\/\/cdnoticias.com\/index.php\/2024\/01\/25\/lo-que-es-necesario-y-urgente-es-defender-nuestros-derechos\/","title":{"rendered":"\u201cLo que es necesario y urgente es defender nuestros derechos\u201d"},"content":{"rendered":"\n<p>Lo expres\u00f3 el dirigente de la CTA Regional Olavarr\u00eda y del SUTEBA Bruno Ferrante. En una plaza colmada de manifestantes, el referente sindical denunci\u00f3 que \u201cel DNU y la ley perjudican la soberan\u00eda nacional en beneficio de unos pocos y en detrimento del pueblo argentino\u201d.<\/p>\n\n\n\n<hr class=\"wp-block-separator aligncenter has-alpha-channel-opacity is-style-wide\"\/>\n\n\n\n<p>Este mi\u00e9rcoles <strong>la seccional del SUTEBA Olavarr\u00eda, en el marco de la CTERA y la CTA-T, particip\u00f3 del paro general<\/strong> y la jornada nacional de lucha convocada en conjunto por representantes de las Centrales Obreras (la CTA-T, la CGT, la CTA Aut\u00f3noma y la UTEP)<strong> en rechazo al DNU 70\/23 y al proyecto de Ley \u00d3mnibus<\/strong>.<\/p>\n\n\n\n<p>\u201c<em>Salimos a las calles <strong>para decir no al DNU que intenta otorgar a Milei la suma del poder p\u00fablico <\/strong>y a la Ley \u00d3mnibus, porque quieren entregar nuestros recursos naturales y los derechos de lxs trabajadorxs para destruir el aparato productivo de nuestro pa\u00eds, la educaci\u00f3n p\u00fablica, el derecho a la salud, la cultura, el ambiente, el desarrollo cient\u00edfico y<strong> todo aquello que nos hace grande como Naci\u00f3n<\/strong><\/em>\u201d indicaron.<\/p>\n\n\n\n<p>En una multitudinaria concentraci\u00f3n en el Paseo Jes\u00fas Mend\u00eda, que se autorreplic\u00f3 en todo el pa\u00eds, el dirigente del SUTEBA en Olavarr\u00eda <strong>Bruno Ferrante<\/strong> tom\u00f3 la palabra y afirm\u00f3 que \u201c<em>tanto el DNU como la Ley \u00d3mnibus <strong>perjudican la soberan\u00eda nacional en beneficio de unos pocos y en detrimento del pueblo argentino<\/strong>, ya que plantea la privatizaci\u00f3n de 40 empresas estatales que dan ganancias en d\u00f3lares y no p\u00e9rdidas como intentan hacernos cree<\/em>r\u201d.<\/p>\n\n\n\n<p><\/p>\n\n\n\n<figure class=\"wp-block-image size-large\"><img data-recalc-dims=\"1\" loading=\"lazy\" decoding=\"async\" width=\"800\" height=\"445\" src=\"https:\/\/i0.wp.com\/cdnoticias.com\/wp-content\/uploads\/2024\/01\/Bruno-Ferrante-01.jpg?resize=800%2C445&#038;ssl=1\" alt=\"\" class=\"wp-image-107507\" srcset=\"https:\/\/i0.wp.com\/cdnoticias.com\/wp-content\/uploads\/2024\/01\/Bruno-Ferrante-01.jpg?resize=1024%2C570&amp;ssl=1 1024w, https:\/\/i0.wp.com\/cdnoticias.com\/wp-content\/uploads\/2024\/01\/Bruno-Ferrante-01.jpg?resize=300%2C167&amp;ssl=1 300w, https:\/\/i0.wp.com\/cdnoticias.com\/wp-content\/uploads\/2024\/01\/Bruno-Ferrante-01.jpg?resize=768%2C427&amp;ssl=1 768w, https:\/\/i0.wp.com\/cdnoticias.com\/wp-content\/uploads\/2024\/01\/Bruno-Ferrante-01.jpg?resize=1536%2C855&amp;ssl=1 1536w, https:\/\/i0.wp.com\/cdnoticias.com\/wp-content\/uploads\/2024\/01\/Bruno-Ferrante-01.jpg?resize=2048%2C1140&amp;ssl=1 2048w, https:\/\/i0.wp.com\/cdnoticias.com\/wp-content\/uploads\/2024\/01\/Bruno-Ferrante-01.jpg?resize=800%2C445&amp;ssl=1 800w, https:\/\/i0.wp.com\/cdnoticias.com\/wp-content\/uploads\/2024\/01\/Bruno-Ferrante-01.jpg?w=1600&amp;ssl=1 1600w\" sizes=\"auto, (max-width: 800px) 100vw, 800px\" \/><\/figure>\n\n\n\n<blockquote class=\"wp-block-quote is-layout-flow wp-block-quote-is-layout-flow\">\n<p>Ferrante fue firme contra de las medidas de Javier Milei y declar\u00f3 que \u201cnada de esto es necesario y urgente. S\u00ed es necesario y urgente defender nuestros derechos y nuestro pa\u00eds. Hoy paramos, movilizamos para defender a toda la Argentina porque nuestra patria no se vende, nuestros derechos no se venden y nuestra dignidad tampoco\u201d.<\/p>\n<\/blockquote>\n\n\n\n<p>En su discurso manifest\u00f3 que &#8220;<strong>hoy tenemos la urgencia y necesidad de encontrarnos en esta plaza,<\/strong> no como el DNU que quiere implementar este gobierno y que avasalla las conquistas hist\u00f3ricas de todos los trabajadores. <strong>Lo que realmente es una necesidad y una urgencia es frenar el avance de este gobierno que tiene muy poco de liberal y mucho de conservador y hasta de colonial<\/strong>\u201d.<\/p>\n\n\n\n<figure class=\"wp-block-image size-full\"><img data-recalc-dims=\"1\" loading=\"lazy\" decoding=\"async\" width=\"800\" height=\"446\" src=\"https:\/\/i0.wp.com\/cdnoticias.com\/wp-content\/uploads\/2024\/01\/cta-suteba.jpg?resize=800%2C446&#038;ssl=1\" alt=\"\" class=\"wp-image-107508\" srcset=\"https:\/\/i0.wp.com\/cdnoticias.com\/wp-content\/uploads\/2024\/01\/cta-suteba.jpg?w=800&amp;ssl=1 800w, https:\/\/i0.wp.com\/cdnoticias.com\/wp-content\/uploads\/2024\/01\/cta-suteba.jpg?resize=300%2C167&amp;ssl=1 300w, https:\/\/i0.wp.com\/cdnoticias.com\/wp-content\/uploads\/2024\/01\/cta-suteba.jpg?resize=768%2C428&amp;ssl=1 768w\" sizes=\"auto, (max-width: 800px) 100vw, 800px\" \/><\/figure>\n\n\n\n<p><\/p>\n\n\n\n<p><em>&#8220;El DNU y la ley \u00f3mnibus no buscan mejorar la econom\u00eda argentina, buscan concretar el deseo de las familias que concentran la mayor riqueza de nuestro pa\u00eds<\/em>. Adem\u00e1s, <strong>quiere rematar el tan preciado Fondo de Garant\u00eda de Sustentabilidad del ANSES<\/strong> que es lo que asegura el presente y futuro de todas y todos los jubilados y atenta contra la autonom\u00eda de las cajas provinciales como es nuestro IPS\u201d afirm\u00f3.<\/p>\n\n\n\n<p>A su vez cuestion\u00f3 la derogaci\u00f3n de la <strong>ley de tierras, la ley de fuego y la ley de glaciares<\/strong> \u201c<em>que permiten una mayor concentraci\u00f3n de suelo y p\u00e9rdida concreta de soberan\u00eda favoreciendo el desmonte de los bosques y el avance de los monocultivos<\/em>\u201d.<\/p>\n\n\n\n<p>\u201cDesde la CTA de los Trabajadores <em>rechazamos de plano el DNU y la Ley \u00d3mnibus<\/em>. <strong>No vamos a permitir que nos arrebaten los derechos y la democracia que tanta sangre, sudor y l\u00e1grimas nos cost\u00f3 recuperar<\/strong>\u201d subray\u00f3.<\/p>\n","protected":false},"excerpt":{"rendered":"<p>Lo expres\u00f3 el dirigente de la CTA Regional Olavarr\u00eda y del SUTEBA Bruno Ferrante. En una plaza colmada de manifestantes,<\/p>\n","protected":false},"author":2,"featured_media":107506,"comment_status":"closed","ping_status":"closed","sticky":false,"template":"","format":"standard","meta":{"_jetpack_memberships_contains_paid_content":false,"footnotes":""},"categories":[4,1],"tags":[],"class_list":["post-107504","post","type-post","status-publish","format-standard","has-post-thumbnail","hentry","category-politica","category-portada"],"jetpack_featured_media_url":"https:\/\/i0.wp.com\/cdnoticias.com\/wp-content\/uploads\/2024\/01\/Bruno-ferrante-02.jpg?fit=800%2C445&ssl=1","jetpack_sharing_enabled":true,"_links":{"self":[{"href":"https:\/\/cdnoticias.com\/index.php\/wp-json\/wp\/v2\/posts\/107504","targetHints":{"allow":["GET"]}}],"collection":[{"href":"https:\/\/cdnoticias.com\/index.php\/wp-json\/wp\/v2\/posts"}],"about":[{"href":"https:\/\/cdnoticias.com\/index.php\/wp-json\/wp\/v2\/types\/post"}],"author":[{"embeddable":true,"href":"https:\/\/cdnoticias.com\/index.php\/wp-json\/wp\/v2\/users\/2"}],"replies":[{"embeddable":true,"href":"https:\/\/cdnoticias.com\/index.php\/wp-json\/wp\/v2\/comments?post=107504"}],"version-history":[{"count":0,"href":"https:\/\/cdnoticias.com\/index.php\/wp-json\/wp\/v2\/posts\/107504\/revisions"}],"wp:featuredmedia":[{"embeddable":true,"href":"https:\/\/cdnoticias.com\/index.php\/wp-json\/wp\/v2\/media\/107506"}],"wp:attachment":[{"href":"https:\/\/cdnoticias.com\/index.php\/wp-json\/wp\/v2\/media?parent=107504"}],"wp:term":[{"taxonomy":"category","embeddable":true,"href":"https:\/\/cdnoticias.com\/index.php\/wp-json\/wp\/v2\/categories?post=107504"},{"taxonomy":"post_tag","embeddable":true,"href":"https:\/\/cdnoticias.com\/index.php\/wp-json\/wp\/v2\/tags?post=107504"}],"curies":[{"name":"wp","href":"https:\/\/api.w.org\/{rel}","templated":true}]}}