{"id":10750,"date":"2021-01-06T16:38:18","date_gmt":"2021-01-06T19:38:18","guid":{"rendered":"http:\/\/www.centraldenoticias.com.ar\/?p=10750"},"modified":"2021-01-06T17:33:08","modified_gmt":"2021-01-06T20:33:08","slug":"recalde-un-homenaje-al-personal-de-salud-termino-con-casi-todos-contagiados-de-covid-19","status":"publish","type":"post","link":"https:\/\/cdnoticias.com\/index.php\/2021\/01\/06\/recalde-un-homenaje-al-personal-de-salud-termino-con-casi-todos-contagiados-de-covid-19\/","title":{"rendered":"Recalde: un homenaje al personal de salud termin\u00f3 con casi todos contagiados de Covid-19"},"content":{"rendered":"<p>As\u00ed lo manifest\u00f3 el subsecretario de Gobierno, Emilio Vitale, en dialogo con el programa <strong>\u201cLa Primera Ma\u00f1ana\u201d que se emite por Cadena 103.<\/strong> La reuni\u00f3n termin\u00f3 con <strong>m\u00e1s del 70 por ciento de los asistentes contagiados<\/strong> de coronavirus.<!--more--><\/p>\n<hr \/>\n<p>El subsecretario de Gobierno Municipal, Emilio Vitale, habl\u00f3 con el programa <strong>\u201cLa Primera Ma\u00f1ana\u201d de Cadena 103<\/strong> sobre una reuni\u00f3n que se realiz\u00f3 en Recalde organizada por el grupo <strong>\u201cProyectar por los Pueblos\u201d<\/strong>, con la intenci\u00f3n de reconocer al personal de salud por el trabajo realizado en pandemia.<\/p>\n<p>&nbsp;<\/p>\n<p>Sin embargo, en el encuentro no se habr\u00edan respetado los protocolos y esto deriv\u00f3 en una <strong>gran cantidad de personas contagiadas de Covid-19.<\/strong><\/p>\n<p>&nbsp;<\/p>\n<p>El propio funcionario, detall\u00f3 que <em>&#8220;el d\u00eda lunes a primera hora se contacta conmigo el delegado de Recalde preocupado porque se notifica que el d\u00eda 30 de diciembre hubo una reuni\u00f3n social en el Club de Recalde que junt\u00f3 a m\u00e1s de veinte personas porque <strong>el grupo \u201cProyectar por los Pueblos\u201d quer\u00eda hacer un homenaje al m\u00e9dico de Recalde, a la enfermera de Blanca Grande y al chofer<\/strong> por el trabajo en la pandemia\u201d.<\/em><\/p>\n<p>&nbsp;<\/p>\n<p><img data-recalc-dims=\"1\" loading=\"lazy\" decoding=\"async\" class=\"alignnone size-large wp-image-3756\" src=\"https:\/\/i0.wp.com\/cdnoticias.com\/wp-content\/uploads\/2020\/10\/recalde.jpeg?resize=800%2C600&#038;ssl=1\" alt=\"\" width=\"800\" height=\"600\" srcset=\"https:\/\/i0.wp.com\/cdnoticias.com\/wp-content\/uploads\/2020\/10\/recalde.jpeg?w=1024&amp;ssl=1 1024w, https:\/\/i0.wp.com\/cdnoticias.com\/wp-content\/uploads\/2020\/10\/recalde.jpeg?resize=300%2C225&amp;ssl=1 300w, https:\/\/i0.wp.com\/cdnoticias.com\/wp-content\/uploads\/2020\/10\/recalde.jpeg?resize=768%2C576&amp;ssl=1 768w\" sizes=\"auto, (max-width: 800px) 100vw, 800px\" \/><\/p>\n<p>&nbsp;<\/p>\n<p>Vitale se\u00f1al\u00f3 que pudo ver im\u00e1genes del encuentro donde<strong><em> \u201cno se cumplieron los protocolos\u201d<\/em> <\/strong>y que <strong>dentro de los asistentes hab\u00eda una persona que \u201cel d\u00eda s\u00e1bado dio positivo\u201d.<\/strong> Esto desat\u00f3 la realizaci\u00f3n de un seguimiento del resto de las personas que hab\u00edan estado en el lugar. De esta forma, el martes <strong>17 personas se realizaron el hisopado en Olavarr\u00eda y <em>\u201clamentablemente m\u00e1s del 70 por ciento dieron positivo\u201d.<\/em><\/strong><\/p>\n<p>&nbsp;<\/p>\n<blockquote><p>Lamentamos lo que este grupo \u201cProyectar por los Pueblos\u201d hizo, porque podr\u00edan haber hecho una publicaci\u00f3n, un comunicado, un agradecimiento o algo al aire libre, con burbujas, algo cortito. Esto dur\u00f3 desde las 8 de la noche hasta la 1:15 de la ma\u00f1ana.<\/p><\/blockquote>\n<p>&nbsp;<\/p>\n<p>Vitale fue contundente al calificar la actitud como <strong><em>\u201cirresponsable\u201d<\/em><\/strong> y sobretodo <em>\u201cen una comunidad que venimos bregando para conseguir un m\u00e9dico\u201d<\/em>, e insisti\u00f3 en mencionar que<strong> \u201cen las im\u00e1genes que me llegan hay, por ejemplo, abrazos sin barbijo\u201d.<\/strong><\/p>\n<p>&nbsp;<\/p>\n<p>Respecto al grupo que organiz\u00f3 el evento, se\u00f1al\u00f3 que <em>\u201clo primero que tienen que explicar es por qu\u00e9 en el contexto de pandemia en el que estamos actuaron de esta manera irresponsable&#8221;.<\/em><\/p>\n<p>&nbsp;<\/p>\n<p>Adem\u00e1s, a partir de este hecho se decidi\u00f3 la <strong>suspensi\u00f3n de la apertura de la pileta en la localidad<\/strong> <em>\u201cporque tenemos que tomar una decisi\u00f3n de evitar cualquier aglomeraci\u00f3n de personas\u201d.<\/em><\/p>\n<p>&nbsp;<\/p>\n<p>Imagen: Archivo Prensa Municipal<\/p>\n<p>&nbsp;<\/p>\n<p>&nbsp;<\/p>\n","protected":false},"excerpt":{"rendered":"<p>As\u00ed lo manifest\u00f3 el subsecretario de Gobierno, Emilio Vitale, en dialogo con el programa \u201cLa Primera Ma\u00f1ana\u201d que se emite<\/p>\n","protected":false},"author":5,"featured_media":10751,"comment_status":"closed","ping_status":"closed","sticky":false,"template":"","format":"standard","meta":{"_jetpack_memberships_contains_paid_content":false,"footnotes":""},"categories":[5,1],"tags":[],"class_list":["post-10750","post","type-post","status-publish","format-standard","has-post-thumbnail","hentry","category-informacion-general","category-portada"],"jetpack_featured_media_url":"https:\/\/i0.wp.com\/cdnoticias.com\/wp-content\/uploads\/2021\/01\/WhatsApp-Image-2021-01-06-at-16.32.06.jpeg?fit=1280%2C853&ssl=1","jetpack_sharing_enabled":true,"_links":{"self":[{"href":"https:\/\/cdnoticias.com\/index.php\/wp-json\/wp\/v2\/posts\/10750","targetHints":{"allow":["GET"]}}],"collection":[{"href":"https:\/\/cdnoticias.com\/index.php\/wp-json\/wp\/v2\/posts"}],"about":[{"href":"https:\/\/cdnoticias.com\/index.php\/wp-json\/wp\/v2\/types\/post"}],"author":[{"embeddable":true,"href":"https:\/\/cdnoticias.com\/index.php\/wp-json\/wp\/v2\/users\/5"}],"replies":[{"embeddable":true,"href":"https:\/\/cdnoticias.com\/index.php\/wp-json\/wp\/v2\/comments?post=10750"}],"version-history":[{"count":0,"href":"https:\/\/cdnoticias.com\/index.php\/wp-json\/wp\/v2\/posts\/10750\/revisions"}],"wp:featuredmedia":[{"embeddable":true,"href":"https:\/\/cdnoticias.com\/index.php\/wp-json\/wp\/v2\/media\/10751"}],"wp:attachment":[{"href":"https:\/\/cdnoticias.com\/index.php\/wp-json\/wp\/v2\/media?parent=10750"}],"wp:term":[{"taxonomy":"category","embeddable":true,"href":"https:\/\/cdnoticias.com\/index.php\/wp-json\/wp\/v2\/categories?post=10750"},{"taxonomy":"post_tag","embeddable":true,"href":"https:\/\/cdnoticias.com\/index.php\/wp-json\/wp\/v2\/tags?post=10750"}],"curies":[{"name":"wp","href":"https:\/\/api.w.org\/{rel}","templated":true}]}}