{"id":107499,"date":"2024-01-25T11:14:13","date_gmt":"2024-01-25T14:14:13","guid":{"rendered":"https:\/\/cdnoticias.com\/?p=107499"},"modified":"2024-01-25T11:14:15","modified_gmt":"2024-01-25T14:14:15","slug":"a-mi-no-me-llego-la-convocatoria-del-pj-de-olavarria","status":"publish","type":"post","link":"https:\/\/cdnoticias.com\/index.php\/2024\/01\/25\/a-mi-no-me-llego-la-convocatoria-del-pj-de-olavarria\/","title":{"rendered":"\u201cA m\u00ed no me lleg\u00f3 la convocatoria del PJ de Olavarr\u00eda\u201d"},"content":{"rendered":"<p>Estela Peralta es dirigente de la CGT Regional y adem\u00e1s vicepresidenta del PJ local, aunque aclar\u00f3 que \u201choy no tengo contacto\u201d. Critic\u00f3 el accionar del partido aunque valor\u00f3 \u201clo importante es que hoy estuvieron\u201d.<\/p>\n<p><!--more--><\/p>\n<hr \/>\n<p><strong>Estela Peralta<\/strong> fue <a href=\"https:\/\/cdnoticias.com\/index.php\/2024\/01\/25\/estela-peralta-tras-la-marcha-de-cgt-olavarria-no-salimos-antes-porque-en-un-mes-nos-hicieron-bolsa\/\" target=\"_blank\" rel=\"noopener\">entrevistada al cierre de la manifestaci\u00f3n convocada por CGT Regional Olavarr\u00eda<\/a> y entre los temas planteados estuvo el de la<strong> postura del Partido Justicialista.<\/strong> Ella es tambi\u00e9n <strong>vicepresidenta del PJ local<\/strong>, aunque indic\u00f3 que<strong> \u201cno tengo contacto\u201d con el resto de la dirigencia.<\/strong><\/p>\n<p>&nbsp;<\/p>\n<p>Cabe recordar que la semana pasada, <strong>el PJ bonaerense a trav\u00e9s de su presidente M\u00e1ximo Kirchner, hizo p\u00fablica la <a href=\"https:\/\/cdnoticias.com\/index.php\/2024\/01\/21\/el-pj-bonaerense-ratifico-su-acompanamiento-al-paro-y-marcha-del-miercoles-24\/\" target=\"_blank\" rel=\"noopener\">adhesi\u00f3n al paro y movilizaci\u00f3n<\/a><\/strong> convocados por CGT Central. <a href=\"https:\/\/www.facebook.com\/PartidoJusticialistaOlavarria\/posts\/pfbid0qmQ9TA5Nw1yrMKqZUs15DUdgEiDgYKDsULQEJuEUkkd2gDtjDAJp6vRPWxEyNQaEl\" target=\"_blank\" rel=\"noopener\">En el plano local, reci\u00e9n el martes se conoci\u00f3 un escueto pronunciamiento del Justicialismo que expresaba la adhesi\u00f3n<\/a>. <strong>\u201cEsper\u00e1bamos un comunicado de los compa\u00f1eros y compa\u00f1eras de PJ. No estuvo el comunicado\u201d<\/strong> se quej\u00f3 Estela Peralta.<\/p>\n<p>&nbsp;<\/p>\n<p>En di\u00e1logo con <strong>Central de Noticias<\/strong>, la dirigente sindical dijo que<em> \u201cme cuesta opinar de una organizaci\u00f3n que soy parte\u201d.<\/em><\/p>\n<p>&nbsp;<\/p>\n<blockquote><p>En referencia al pronunciamiento del PJ local, sostuvo que \u201choy vi la convocatoria, por supuesto que a m\u00ed no me lleg\u00f3 siendo la vicepresidenta del PJ de Olavarr\u00eda\u201d y estim\u00f3 que \u201cest\u00e1n enviando en forma personal\u201d.<\/p><\/blockquote>\n<p>&nbsp;<\/p>\n<p><strong>\u201cLo importante es que hoy estuvieron y rescatamos eso\u201d<\/strong> subray\u00f3.<\/p>\n<p>&nbsp;<\/p>\n<blockquote class=\"wp-embedded-content\" data-secret=\"sDemYdB884\"><p><a href=\"https:\/\/cdnoticias.com\/index.php\/2024\/01\/24\/24e-las-imagenes-de-la-movilizacion-contra-las-reformas-de-milei\/\">24E: las im\u00e1genes de la movilizaci\u00f3n contra las reformas de Milei<\/a><\/p><\/blockquote>\n<p><iframe loading=\"lazy\" class=\"wp-embedded-content\" sandbox=\"allow-scripts\" security=\"restricted\" style=\"position: absolute; clip: rect(1px, 1px, 1px, 1px);\" title=\"&#8220;24E: las im\u00e1genes de la movilizaci\u00f3n contra las reformas de Milei&#8221; &#8212; Central de Noticias | Olavarr\u00eda\" src=\"https:\/\/cdnoticias.com\/index.php\/2024\/01\/24\/24e-las-imagenes-de-la-movilizacion-contra-las-reformas-de-milei\/embed\/#?secret=lZbNhKEjSn#?secret=sDemYdB884\" data-secret=\"sDemYdB884\" width=\"600\" height=\"338\" frameborder=\"0\" marginwidth=\"0\" marginheight=\"0\" scrolling=\"no\"><\/iframe><\/p>\n<p>&nbsp;<\/p>\n","protected":false},"excerpt":{"rendered":"<p>Estela Peralta es dirigente de la CGT Regional y adem\u00e1s vicepresidenta del PJ local, aunque aclar\u00f3 que \u201choy no tengo<\/p>\n","protected":false},"author":4,"featured_media":107501,"comment_status":"closed","ping_status":"closed","sticky":false,"template":"","format":"standard","meta":{"_jetpack_memberships_contains_paid_content":false,"footnotes":""},"categories":[4,1],"tags":[],"class_list":["post-107499","post","type-post","status-publish","format-standard","has-post-thumbnail","hentry","category-politica","category-portada"],"jetpack_featured_media_url":"https:\/\/i0.wp.com\/cdnoticias.com\/wp-content\/uploads\/2024\/01\/estela-peralta1.jpg?fit=1000%2C556&ssl=1","jetpack_sharing_enabled":true,"_links":{"self":[{"href":"https:\/\/cdnoticias.com\/index.php\/wp-json\/wp\/v2\/posts\/107499","targetHints":{"allow":["GET"]}}],"collection":[{"href":"https:\/\/cdnoticias.com\/index.php\/wp-json\/wp\/v2\/posts"}],"about":[{"href":"https:\/\/cdnoticias.com\/index.php\/wp-json\/wp\/v2\/types\/post"}],"author":[{"embeddable":true,"href":"https:\/\/cdnoticias.com\/index.php\/wp-json\/wp\/v2\/users\/4"}],"replies":[{"embeddable":true,"href":"https:\/\/cdnoticias.com\/index.php\/wp-json\/wp\/v2\/comments?post=107499"}],"version-history":[{"count":0,"href":"https:\/\/cdnoticias.com\/index.php\/wp-json\/wp\/v2\/posts\/107499\/revisions"}],"wp:featuredmedia":[{"embeddable":true,"href":"https:\/\/cdnoticias.com\/index.php\/wp-json\/wp\/v2\/media\/107501"}],"wp:attachment":[{"href":"https:\/\/cdnoticias.com\/index.php\/wp-json\/wp\/v2\/media?parent=107499"}],"wp:term":[{"taxonomy":"category","embeddable":true,"href":"https:\/\/cdnoticias.com\/index.php\/wp-json\/wp\/v2\/categories?post=107499"},{"taxonomy":"post_tag","embeddable":true,"href":"https:\/\/cdnoticias.com\/index.php\/wp-json\/wp\/v2\/tags?post=107499"}],"curies":[{"name":"wp","href":"https:\/\/api.w.org\/{rel}","templated":true}]}}