{"id":10744,"date":"2021-01-06T15:22:46","date_gmt":"2021-01-06T18:22:46","guid":{"rendered":"http:\/\/www.centraldenoticias.com.ar\/?p=10744"},"modified":"2021-01-06T16:38:36","modified_gmt":"2021-01-06T19:38:36","slug":"la-region-sanitaria-ix-incorporo-a-una-trabajadora-trans","status":"publish","type":"post","link":"https:\/\/cdnoticias.com\/index.php\/2021\/01\/06\/la-region-sanitaria-ix-incorporo-a-una-trabajadora-trans\/","title":{"rendered":"La Regi\u00f3n Sanitaria IX incorpor\u00f3 a una trabajadora trans"},"content":{"rendered":"<p>\u201cCelebramos poder avanzar hacia una sociedad m\u00e1s inclusiva\u201d se destac\u00f3 desde el organismo provincial.<!--more--><\/p>\n<hr \/>\n<p><strong>Victoria Alonso comenz\u00f3 a trabajar el martes en la sede central de la Regi\u00f3n Sanitaria IX, en Azul.<\/strong><\/p>\n<p>El organismo dependiente del Ministerio de Salud de la Provincia de Buenos Aires cumpli\u00f3 de esta manera con <strong>la incorporaci\u00f3n de personas transg\u00e9nero a los equipos de trabajo<\/strong> tal como lo dispone la ley provincial \u201cDiana Sacay\u00e1n\u201d.<\/p>\n<blockquote class=\"twitter-tweet\">\n<p dir=\"ltr\" lang=\"es\">Con mucha satisfacci\u00f3n comunicamos la incorporaci\u00f3n de Victoria Alonso en cumplimiento de la ley provincial de cupo laboral travesti trans. La ampliaci\u00f3n de derechos nos gu\u00eda, celebramos poder avanzar hacia una sociedad m\u00e1s inclusiva.<a href=\"https:\/\/twitter.com\/SaludBAP?ref_src=twsrc%5Etfw\">@SaludBAP<\/a> <a href=\"https:\/\/twitter.com\/DrDanielGollan?ref_src=twsrc%5Etfw\">@DrDanielGollan<\/a><a href=\"https:\/\/twitter.com\/nkreplak?ref_src=twsrc%5Etfw\">@nkreplak<\/a> <a href=\"https:\/\/t.co\/yE6k0UUNwd\">pic.twitter.com\/yE6k0UUNwd<\/a><\/p>\n<p>\u2014 @RegSanIX (@regsanix) <a href=\"https:\/\/twitter.com\/regsanix\/status\/1346610599631974400?ref_src=twsrc%5Etfw\">January 6, 2021<\/a><\/p><\/blockquote>\n<p><script async src=\"https:\/\/platform.twitter.com\/widgets.js\" charset=\"utf-8\"><\/script><br \/>\nLa normativa bonaerense estableci\u00f3 <strong>el cupo laboral travesti-trans del 1% en la administraci\u00f3n p\u00fablica<\/strong> para personas travestis, transexuales, transg\u00e9neros y masculinidades trans. Cabe recordar que a fines de noviembre se dispuso <a href=\"https:\/\/cdnoticias.com\/index.php\/2020\/11\/26\/hcd-olavarria-tiene-ordenanza-de-cupo-laboral-trans\/\" target=\"_blank\" rel=\"noopener\">la adhesi\u00f3n de Olavarr\u00eda<\/a> a la misma ley con lo que tambi\u00e9n se fij\u00f3 el cupo en la administraci\u00f3n municipal.<\/p>\n<p>\u201cCon mucha satisfacci\u00f3n comunicamos la incorporaci\u00f3n de Victoria Alonso en cumplimiento de la ley provincial de cupo laboral travesti trans. <strong>La ampliaci\u00f3n de derechos nos gu\u00eda, celebramos poder avanzar hacia una sociedad m\u00e1s inclusiva<\/strong>\u201d se comunic\u00f3 oficialmente desde la Regi\u00f3n IX.<\/p>\n<p>En tanto, a trav\u00e9s de Diario El Tiempo, Alonso asegur\u00f3 estar <strong>&#8220;muy feliz por esta oportunidad que me dan en Regi\u00f3n Sanitaria, y que es el resultado de una lucha que ya lleva 4 a\u00f1os y que va a seguir hasta que logremos que se cumpla lo que dice la ley\u201d<\/strong>.<\/p>\n<p>Por su lado, el director de la Regi\u00f3n Sanitaria IX, el olavarriense Ramiro Borzi, explic\u00f3 que \u201cen este contexto tan especial que nos impone la pandemia de Covid-19 <strong>nos pone muy contentos seguir avanzando en la ampliaci\u00f3n de derechos<\/strong> y hoy podemos contar que Vicky se suma al equipo interdisciplinario de Regi\u00f3n Sanitaria IX\u201d.<\/p>\n","protected":false},"excerpt":{"rendered":"<p>\u201cCelebramos poder avanzar hacia una sociedad m\u00e1s inclusiva\u201d se destac\u00f3 desde el organismo provincial.<\/p>\n","protected":false},"author":4,"featured_media":10745,"comment_status":"closed","ping_status":"closed","sticky":false,"template":"","format":"standard","meta":{"_jetpack_memberships_contains_paid_content":false,"footnotes":""},"categories":[6,1],"tags":[],"class_list":["post-10744","post","type-post","status-publish","format-standard","has-post-thumbnail","hentry","category-nacionales","category-portada"],"jetpack_featured_media_url":"https:\/\/i0.wp.com\/cdnoticias.com\/wp-content\/uploads\/2021\/01\/region-sanitaria-IX-tw.jpg?fit=680%2C475&ssl=1","jetpack_sharing_enabled":true,"_links":{"self":[{"href":"https:\/\/cdnoticias.com\/index.php\/wp-json\/wp\/v2\/posts\/10744","targetHints":{"allow":["GET"]}}],"collection":[{"href":"https:\/\/cdnoticias.com\/index.php\/wp-json\/wp\/v2\/posts"}],"about":[{"href":"https:\/\/cdnoticias.com\/index.php\/wp-json\/wp\/v2\/types\/post"}],"author":[{"embeddable":true,"href":"https:\/\/cdnoticias.com\/index.php\/wp-json\/wp\/v2\/users\/4"}],"replies":[{"embeddable":true,"href":"https:\/\/cdnoticias.com\/index.php\/wp-json\/wp\/v2\/comments?post=10744"}],"version-history":[{"count":0,"href":"https:\/\/cdnoticias.com\/index.php\/wp-json\/wp\/v2\/posts\/10744\/revisions"}],"wp:featuredmedia":[{"embeddable":true,"href":"https:\/\/cdnoticias.com\/index.php\/wp-json\/wp\/v2\/media\/10745"}],"wp:attachment":[{"href":"https:\/\/cdnoticias.com\/index.php\/wp-json\/wp\/v2\/media?parent=10744"}],"wp:term":[{"taxonomy":"category","embeddable":true,"href":"https:\/\/cdnoticias.com\/index.php\/wp-json\/wp\/v2\/categories?post=10744"},{"taxonomy":"post_tag","embeddable":true,"href":"https:\/\/cdnoticias.com\/index.php\/wp-json\/wp\/v2\/tags?post=10744"}],"curies":[{"name":"wp","href":"https:\/\/api.w.org\/{rel}","templated":true}]}}