{"id":107432,"date":"2024-01-24T20:33:18","date_gmt":"2024-01-24T23:33:18","guid":{"rendered":"https:\/\/cdnoticias.com\/?p=107432"},"modified":"2024-01-25T08:40:13","modified_gmt":"2024-01-25T11:40:13","slug":"multitudinaria-marcha-los-olavarrienses-se-manifestaron-en-contra-del-dnu-y-la-ley-omnibus","status":"publish","type":"post","link":"https:\/\/cdnoticias.com\/index.php\/2024\/01\/24\/multitudinaria-marcha-los-olavarrienses-se-manifestaron-en-contra-del-dnu-y-la-ley-omnibus\/","title":{"rendered":"Multitudinaria marcha: los olavarrienses se manifestaron en contra del DNU y la Ley \u00d3mnibus"},"content":{"rendered":"\n<p>El paro, movilizaci\u00f3n y marcha se realiz\u00f3 este mi\u00e9rcoles en el Paseo Jes\u00fas Mend\u00eda con sindicatos, organizaciones sociales, agrupaciones feministas, funcionarios pol\u00edticos, pe\u00f1as de f\u00fatbol, artistas locales, referentes de derechos humanos, autoconvocados y el intendente de la ciudad, Maximiliano Wesner. <\/p>\n\n\n\n<hr class=\"wp-block-separator aligncenter has-alpha-channel-opacity\"\/>\n\n\n\n<p>Finalmente, se llev\u00f3 a cabo el <strong>paro y movilizaci\u00f3n en el Paseo Jes\u00fas Mend\u00eda convocado por la CGT Regional Olavarr\u00eda, medida que se autorreplic\u00f3 en todo el pa\u00eds en oposici\u00f3n al proyecto de Ley \u00d3mnibus del presidente Milei.<\/strong><\/p>\n\n\n\n<p><\/p>\n\n\n\n<p>Semanas atr\u00e1s, la CGT Olavarr\u00eda convoc\u00f3 a referentes de organizaciones para debatir las medidas de fuerza previamente al paro de este mi\u00e9rcoles, reuni\u00f3n de la que participaron <strong>m\u00e1s de 40 gremios y m\u00e1s de 20 organizaciones sociales<\/strong> en las instalaciones del Sindicato Gr\u00e1fico.<\/p>\n\n\n\n<p><\/p>\n\n\n\n<figure class=\"wp-block-image aligncenter size-full\"><img data-recalc-dims=\"1\" loading=\"lazy\" decoding=\"async\" width=\"800\" height=\"445\" src=\"https:\/\/i0.wp.com\/cdnoticias.com\/wp-content\/uploads\/2024\/01\/paro-24E-2024-CGT-Ley-Omnibus-1.jpg?resize=800%2C445&#038;ssl=1\" alt=\"\" class=\"wp-image-107421\" srcset=\"https:\/\/i0.wp.com\/cdnoticias.com\/wp-content\/uploads\/2024\/01\/paro-24E-2024-CGT-Ley-Omnibus-1.jpg?w=800&amp;ssl=1 800w, https:\/\/i0.wp.com\/cdnoticias.com\/wp-content\/uploads\/2024\/01\/paro-24E-2024-CGT-Ley-Omnibus-1.jpg?resize=300%2C167&amp;ssl=1 300w, https:\/\/i0.wp.com\/cdnoticias.com\/wp-content\/uploads\/2024\/01\/paro-24E-2024-CGT-Ley-Omnibus-1.jpg?resize=768%2C427&amp;ssl=1 768w\" sizes=\"auto, (max-width: 800px) 100vw, 800px\" \/><\/figure>\n\n\n\n<p><\/p>\n\n\n\n<p>El paro <strong>impact\u00f3 en la actividad de distintos organismos y dependencias locales, <\/strong>entre ellos el Municipio, Coopelectric, los bancos y el transporte p\u00fablico.<\/p>\n\n\n\n<p><\/p>\n\n\n\n<figure class=\"wp-block-image aligncenter size-full\"><img data-recalc-dims=\"1\" loading=\"lazy\" decoding=\"async\" width=\"800\" height=\"495\" src=\"https:\/\/i0.wp.com\/cdnoticias.com\/wp-content\/uploads\/2024\/01\/paro-24E-2024-CGT-Ley-Omibus-1.jpg?resize=800%2C495&#038;ssl=1\" alt=\"\" class=\"wp-image-107430\" srcset=\"https:\/\/i0.wp.com\/cdnoticias.com\/wp-content\/uploads\/2024\/01\/paro-24E-2024-CGT-Ley-Omibus-1.jpg?w=800&amp;ssl=1 800w, https:\/\/i0.wp.com\/cdnoticias.com\/wp-content\/uploads\/2024\/01\/paro-24E-2024-CGT-Ley-Omibus-1.jpg?resize=300%2C186&amp;ssl=1 300w, https:\/\/i0.wp.com\/cdnoticias.com\/wp-content\/uploads\/2024\/01\/paro-24E-2024-CGT-Ley-Omibus-1.jpg?resize=768%2C475&amp;ssl=1 768w\" sizes=\"auto, (max-width: 800px) 100vw, 800px\" \/><\/figure>\n\n\n\n<p><\/p>\n\n\n\n<figure class=\"wp-block-image aligncenter size-full is-resized\"><img data-recalc-dims=\"1\" loading=\"lazy\" decoding=\"async\" width=\"800\" height=\"448\" src=\"https:\/\/i0.wp.com\/cdnoticias.com\/wp-content\/uploads\/2024\/01\/paro-24E-2024-CGT-Ley-Omibus-4.jpg?resize=800%2C448&#038;ssl=1\" alt=\"\" class=\"wp-image-107431\" style=\"width:800px;height:auto\" srcset=\"https:\/\/i0.wp.com\/cdnoticias.com\/wp-content\/uploads\/2024\/01\/paro-24E-2024-CGT-Ley-Omibus-4.jpg?w=800&amp;ssl=1 800w, https:\/\/i0.wp.com\/cdnoticias.com\/wp-content\/uploads\/2024\/01\/paro-24E-2024-CGT-Ley-Omibus-4.jpg?resize=300%2C168&amp;ssl=1 300w, https:\/\/i0.wp.com\/cdnoticias.com\/wp-content\/uploads\/2024\/01\/paro-24E-2024-CGT-Ley-Omibus-4.jpg?resize=768%2C430&amp;ssl=1 768w\" sizes=\"auto, (max-width: 800px) 100vw, 800px\" \/><\/figure>\n\n\n\n<p><\/p>\n\n\n\n<figure class=\"wp-block-image aligncenter size-full\"><img data-recalc-dims=\"1\" loading=\"lazy\" decoding=\"async\" width=\"800\" height=\"453\" src=\"https:\/\/i0.wp.com\/cdnoticias.com\/wp-content\/uploads\/2024\/01\/24E-2024-CGT-LEY-OMNIBUS-10.jpg?resize=800%2C453&#038;ssl=1\" alt=\"\" class=\"wp-image-107442\" srcset=\"https:\/\/i0.wp.com\/cdnoticias.com\/wp-content\/uploads\/2024\/01\/24E-2024-CGT-LEY-OMNIBUS-10.jpg?w=800&amp;ssl=1 800w, https:\/\/i0.wp.com\/cdnoticias.com\/wp-content\/uploads\/2024\/01\/24E-2024-CGT-LEY-OMNIBUS-10.jpg?resize=300%2C170&amp;ssl=1 300w, https:\/\/i0.wp.com\/cdnoticias.com\/wp-content\/uploads\/2024\/01\/24E-2024-CGT-LEY-OMNIBUS-10.jpg?resize=768%2C435&amp;ssl=1 768w\" sizes=\"auto, (max-width: 800px) 100vw, 800px\" \/><\/figure>\n\n\n\n<blockquote class=\"wp-block-quote is-layout-flow wp-block-quote-is-layout-flow\">\n<p>En el Paseo Jes\u00fas Mend\u00eda se manifestaron sindicatos, organizaciones sociales, agrupaciones feministas, funcionarios pol\u00edticos, pe\u00f1as de f\u00fatbol, artistas locales, referentes de derechos humanos, autoconvocados y el intendente de la ciudad, Maximiliano Wesner junto con su gabinete.<\/p>\n<\/blockquote>\n\n\n\n<p><\/p>\n\n\n\n<figure class=\"wp-block-image aligncenter size-full\"><img data-recalc-dims=\"1\" loading=\"lazy\" decoding=\"async\" width=\"800\" height=\"498\" src=\"https:\/\/i0.wp.com\/cdnoticias.com\/wp-content\/uploads\/2024\/01\/24E-2024-CGT-LEY-OMNIBUS-24.jpg?resize=800%2C498&#038;ssl=1\" alt=\"\" class=\"wp-image-107456\" srcset=\"https:\/\/i0.wp.com\/cdnoticias.com\/wp-content\/uploads\/2024\/01\/24E-2024-CGT-LEY-OMNIBUS-24.jpg?w=800&amp;ssl=1 800w, https:\/\/i0.wp.com\/cdnoticias.com\/wp-content\/uploads\/2024\/01\/24E-2024-CGT-LEY-OMNIBUS-24.jpg?resize=300%2C187&amp;ssl=1 300w, https:\/\/i0.wp.com\/cdnoticias.com\/wp-content\/uploads\/2024\/01\/24E-2024-CGT-LEY-OMNIBUS-24.jpg?resize=768%2C478&amp;ssl=1 768w\" sizes=\"auto, (max-width: 800px) 100vw, 800px\" \/><\/figure>\n\n\n\n<p><\/p>\n\n\n\n<figure class=\"wp-block-image aligncenter size-full\"><img data-recalc-dims=\"1\" loading=\"lazy\" decoding=\"async\" width=\"800\" height=\"450\" src=\"https:\/\/i0.wp.com\/cdnoticias.com\/wp-content\/uploads\/2024\/01\/24E-2024-CGT-LEY-OMNIBUS-23.jpg?resize=800%2C450&#038;ssl=1\" alt=\"\" class=\"wp-image-107455\" srcset=\"https:\/\/i0.wp.com\/cdnoticias.com\/wp-content\/uploads\/2024\/01\/24E-2024-CGT-LEY-OMNIBUS-23.jpg?w=800&amp;ssl=1 800w, https:\/\/i0.wp.com\/cdnoticias.com\/wp-content\/uploads\/2024\/01\/24E-2024-CGT-LEY-OMNIBUS-23.jpg?resize=300%2C169&amp;ssl=1 300w, https:\/\/i0.wp.com\/cdnoticias.com\/wp-content\/uploads\/2024\/01\/24E-2024-CGT-LEY-OMNIBUS-23.jpg?resize=768%2C432&amp;ssl=1 768w\" sizes=\"auto, (max-width: 800px) 100vw, 800px\" \/><\/figure>\n\n\n\n<p><\/p>\n\n\n\n<figure class=\"wp-block-image aligncenter size-full\"><img data-recalc-dims=\"1\" loading=\"lazy\" decoding=\"async\" width=\"800\" height=\"473\" src=\"https:\/\/i0.wp.com\/cdnoticias.com\/wp-content\/uploads\/2024\/01\/24E-2024-CGT-LEY-OMNIBUS-19.jpg?resize=800%2C473&#038;ssl=1\" alt=\"\" class=\"wp-image-107451\" srcset=\"https:\/\/i0.wp.com\/cdnoticias.com\/wp-content\/uploads\/2024\/01\/24E-2024-CGT-LEY-OMNIBUS-19.jpg?w=800&amp;ssl=1 800w, https:\/\/i0.wp.com\/cdnoticias.com\/wp-content\/uploads\/2024\/01\/24E-2024-CGT-LEY-OMNIBUS-19.jpg?resize=300%2C177&amp;ssl=1 300w, https:\/\/i0.wp.com\/cdnoticias.com\/wp-content\/uploads\/2024\/01\/24E-2024-CGT-LEY-OMNIBUS-19.jpg?resize=768%2C454&amp;ssl=1 768w\" sizes=\"auto, (max-width: 800px) 100vw, 800px\" \/><\/figure>\n\n\n\n<p><strong>Estela peralta,<\/strong> integrante de la CGT fue la primera oradora de la tarde, quien pidi\u00f3 un aplauso para todas las organizaciones y movimientos presentes.<\/p>\n\n\n\n<p><\/p>\n\n\n\n<p>\u201c<em><strong>Tenemos preocupaci\u00f3n por retrocesos en pol\u00edticas que defienden los derechos de los trabajadores y trabajadoras, mujeres, ni\u00f1eces y disidencias. Rechazamos totalmente el proyecto de ley y el DNU por violarla la constituci\u00f3n Nacional. La patria no se vende<\/strong><\/em>\u201d reafirm\u00f3 Peralta.<\/p>\n\n\n\n<p><\/p>\n\n\n\n<figure class=\"wp-block-image aligncenter size-full\"><img data-recalc-dims=\"1\" loading=\"lazy\" decoding=\"async\" width=\"800\" height=\"450\" src=\"https:\/\/i0.wp.com\/cdnoticias.com\/wp-content\/uploads\/2024\/01\/24E-2024-CGT-LEY-OMNIBUS-3.jpg?resize=800%2C450&#038;ssl=1\" alt=\"\" class=\"wp-image-107435\" srcset=\"https:\/\/i0.wp.com\/cdnoticias.com\/wp-content\/uploads\/2024\/01\/24E-2024-CGT-LEY-OMNIBUS-3.jpg?w=800&amp;ssl=1 800w, https:\/\/i0.wp.com\/cdnoticias.com\/wp-content\/uploads\/2024\/01\/24E-2024-CGT-LEY-OMNIBUS-3.jpg?resize=300%2C169&amp;ssl=1 300w, https:\/\/i0.wp.com\/cdnoticias.com\/wp-content\/uploads\/2024\/01\/24E-2024-CGT-LEY-OMNIBUS-3.jpg?resize=768%2C432&amp;ssl=1 768w\" sizes=\"auto, (max-width: 800px) 100vw, 800px\" \/><\/figure>\n\n\n\n<p><\/p>\n\n\n\n<p>Por su parte, el <strong>secretario general del Sindicato de Trabajadores Municipales (STMO), Jos\u00e9 Stuppia <\/strong>expres\u00f3: \u201c<strong><em>Desde la delegaci\u00f3n regional Olavarr\u00eda de la CGT no solamente reclamamos los derechos laborales de la familia trabajadora, sino por el derecho de todos los argentinos, por la independencia de poderes\u201d<\/em><\/strong>.<\/p>\n\n\n\n<p><\/p>\n\n\n\n<blockquote class=\"wp-block-quote is-layout-flow wp-block-quote-is-layout-flow\">\n<p>\u201cQueremos una educaci\u00f3n p\u00fablica pero no arancelada. La CGT de Olavarr\u00eda no tiene una mirada sesgada, sino que es por los derechos de todos. Estamos muy orgullosos\u201d remarc\u00f3 Stuppia.<\/p>\n<\/blockquote>\n\n\n\n<p><\/p>\n\n\n\n<figure class=\"wp-block-image aligncenter size-full\"><img data-recalc-dims=\"1\" loading=\"lazy\" decoding=\"async\" width=\"800\" height=\"458\" src=\"https:\/\/i0.wp.com\/cdnoticias.com\/wp-content\/uploads\/2024\/01\/24E-2024-CGT-LEY-OMNIBUS-4.jpg?resize=800%2C458&#038;ssl=1\" alt=\"\" class=\"wp-image-107436\" srcset=\"https:\/\/i0.wp.com\/cdnoticias.com\/wp-content\/uploads\/2024\/01\/24E-2024-CGT-LEY-OMNIBUS-4.jpg?w=800&amp;ssl=1 800w, https:\/\/i0.wp.com\/cdnoticias.com\/wp-content\/uploads\/2024\/01\/24E-2024-CGT-LEY-OMNIBUS-4.jpg?resize=300%2C172&amp;ssl=1 300w, https:\/\/i0.wp.com\/cdnoticias.com\/wp-content\/uploads\/2024\/01\/24E-2024-CGT-LEY-OMNIBUS-4.jpg?resize=768%2C440&amp;ssl=1 768w\" sizes=\"auto, (max-width: 800px) 100vw, 800px\" \/><\/figure>\n\n\n\n<p><\/p>\n\n\n\n<p>Otro de los oradores fue <strong>Bruno Ferrante, integrante de la CTA<\/strong> quien sostuvo que \u201c<strong><em>lo que es una necesidad y una urgencia es frenar el avance de este gobierno que tiene poco de liberal, es m\u00e1s conservador y neocolonial\u201d.<\/em><\/strong><\/p>\n\n\n\n<p><\/p>\n\n\n\n<figure class=\"wp-block-image aligncenter size-full\"><img data-recalc-dims=\"1\" loading=\"lazy\" decoding=\"async\" width=\"800\" height=\"450\" src=\"https:\/\/i0.wp.com\/cdnoticias.com\/wp-content\/uploads\/2024\/01\/24E-2024-CGT-LEY-OMNIBUS-5.jpg?resize=800%2C450&#038;ssl=1\" alt=\"\" class=\"wp-image-107437\" srcset=\"https:\/\/i0.wp.com\/cdnoticias.com\/wp-content\/uploads\/2024\/01\/24E-2024-CGT-LEY-OMNIBUS-5.jpg?w=800&amp;ssl=1 800w, https:\/\/i0.wp.com\/cdnoticias.com\/wp-content\/uploads\/2024\/01\/24E-2024-CGT-LEY-OMNIBUS-5.jpg?resize=300%2C169&amp;ssl=1 300w, https:\/\/i0.wp.com\/cdnoticias.com\/wp-content\/uploads\/2024\/01\/24E-2024-CGT-LEY-OMNIBUS-5.jpg?resize=768%2C432&amp;ssl=1 768w\" sizes=\"auto, (max-width: 800px) 100vw, 800px\" \/><\/figure>\n\n\n\n<p><\/p>\n\n\n\n<p><strong>Javier Zelaya,<\/strong> integrante de la<strong> Juventud Peronista<\/strong> tambi\u00e9n hizo uso de la palabra y se\u00f1al\u00f3 que \u201c<strong><em>es necesario saber que donde se avance sobre un derecho de los trabajadores la JP detr\u00e1s de la CGT va a poner un pie en la calle\u201d.<\/em><\/strong><\/p>\n\n\n\n<p><\/p>\n\n\n\n<figure class=\"wp-block-image aligncenter size-full\"><img data-recalc-dims=\"1\" loading=\"lazy\" decoding=\"async\" width=\"800\" height=\"450\" src=\"https:\/\/i0.wp.com\/cdnoticias.com\/wp-content\/uploads\/2024\/01\/24E-2024-CGT-LEY-OMNIBUS-7.jpg?resize=800%2C450&#038;ssl=1\" alt=\"\" class=\"wp-image-107439\" srcset=\"https:\/\/i0.wp.com\/cdnoticias.com\/wp-content\/uploads\/2024\/01\/24E-2024-CGT-LEY-OMNIBUS-7.jpg?w=800&amp;ssl=1 800w, https:\/\/i0.wp.com\/cdnoticias.com\/wp-content\/uploads\/2024\/01\/24E-2024-CGT-LEY-OMNIBUS-7.jpg?resize=300%2C169&amp;ssl=1 300w, https:\/\/i0.wp.com\/cdnoticias.com\/wp-content\/uploads\/2024\/01\/24E-2024-CGT-LEY-OMNIBUS-7.jpg?resize=768%2C432&amp;ssl=1 768w\" sizes=\"auto, (max-width: 800px) 100vw, 800px\" \/><\/figure>\n\n\n\n<p><\/p>\n\n\n\n<p>Asimismo, <strong>Lucrecia \u00c1lvarez, integrante del FOL<\/strong>, indic\u00f3 que \u201c<strong><em>hemos dado batalla en la calle con cada gobierno que estuvo en el poder, este grupo de libertarios son la m\u00e1xima expresi\u00f3n del capitalismo\u201d.<\/em><\/strong><\/p>\n\n\n\n<p><\/p>\n\n\n\n<figure class=\"wp-block-image aligncenter size-full\"><img data-recalc-dims=\"1\" loading=\"lazy\" decoding=\"async\" width=\"800\" height=\"450\" src=\"https:\/\/i0.wp.com\/cdnoticias.com\/wp-content\/uploads\/2024\/01\/24E-2024-CGT-LEY-OMNIBUS-8.jpg?resize=800%2C450&#038;ssl=1\" alt=\"\" class=\"wp-image-107440\" srcset=\"https:\/\/i0.wp.com\/cdnoticias.com\/wp-content\/uploads\/2024\/01\/24E-2024-CGT-LEY-OMNIBUS-8.jpg?w=800&amp;ssl=1 800w, https:\/\/i0.wp.com\/cdnoticias.com\/wp-content\/uploads\/2024\/01\/24E-2024-CGT-LEY-OMNIBUS-8.jpg?resize=300%2C169&amp;ssl=1 300w, https:\/\/i0.wp.com\/cdnoticias.com\/wp-content\/uploads\/2024\/01\/24E-2024-CGT-LEY-OMNIBUS-8.jpg?resize=768%2C432&amp;ssl=1 768w\" sizes=\"auto, (max-width: 800px) 100vw, 800px\" \/><\/figure>\n\n\n\n<p><\/p>\n\n\n\n<p>A la par, <strong>Agust\u00edn Mestralet,<\/strong> integrante del Polo Obrero remarc\u00f3: \u201c<strong><em>Es un orgullo haber sido de las primeras organizaciones que dimos los pasos para enfrentar a este gobierno. El pueblo argentino le est\u00e1 diciendo no al ajuste de Milei\u201d.<\/em><\/strong><\/p>\n\n\n\n<p><\/p>\n\n\n\n<blockquote class=\"wp-block-quote is-layout-flow wp-block-quote-is-layout-flow\">\n<p>\u201cVamos a derrotar a Milei con la fuerza del pueblo organizado, la oposici\u00f3n en el Congreso no le ha puesto un freno al tratamiento del DNU. Hoy empieza un plan de lucha progresivo\u201d agreg\u00f3 Mestralet.<\/p>\n<\/blockquote>\n\n\n\n<p><\/p>\n\n\n\n<figure class=\"wp-block-image aligncenter size-full\"><img data-recalc-dims=\"1\" loading=\"lazy\" decoding=\"async\" width=\"800\" height=\"450\" src=\"https:\/\/i0.wp.com\/cdnoticias.com\/wp-content\/uploads\/2024\/01\/24E-2024-CGT-LEY-OMNIBUS-9.jpg?resize=800%2C450&#038;ssl=1\" alt=\"\" class=\"wp-image-107441\" srcset=\"https:\/\/i0.wp.com\/cdnoticias.com\/wp-content\/uploads\/2024\/01\/24E-2024-CGT-LEY-OMNIBUS-9.jpg?w=800&amp;ssl=1 800w, https:\/\/i0.wp.com\/cdnoticias.com\/wp-content\/uploads\/2024\/01\/24E-2024-CGT-LEY-OMNIBUS-9.jpg?resize=300%2C169&amp;ssl=1 300w, https:\/\/i0.wp.com\/cdnoticias.com\/wp-content\/uploads\/2024\/01\/24E-2024-CGT-LEY-OMNIBUS-9.jpg?resize=768%2C432&amp;ssl=1 768w\" sizes=\"auto, (max-width: 800px) 100vw, 800px\" \/><\/figure>\n\n\n\n<p><\/p>\n\n\n\n<p>Otra de las oradoras fue <strong>Mirta Mill\u00e1n, integrante de la comunidad mapuche urbana Pillan Manke <\/strong>quien expres\u00f3: \u201c<strong><em>Tenemos memoria, tenemos resistencia. Es una verg\u00fcenza como los pol\u00edticos nos han vendido, nos van vaciando. Cuando el pueblo se empodera no hay nadie que lo detenga\u201d<\/em><\/strong>.<\/p>\n\n\n\n<p><\/p>\n\n\n\n<figure class=\"wp-block-image size-full\"><img data-recalc-dims=\"1\" loading=\"lazy\" decoding=\"async\" width=\"800\" height=\"528\" src=\"https:\/\/i0.wp.com\/cdnoticias.com\/wp-content\/uploads\/2024\/01\/24E-2024-CGT-LEY-OMNIBUS-1.jpg?resize=800%2C528&#038;ssl=1\" alt=\"\" class=\"wp-image-107433\" srcset=\"https:\/\/i0.wp.com\/cdnoticias.com\/wp-content\/uploads\/2024\/01\/24E-2024-CGT-LEY-OMNIBUS-1.jpg?w=800&amp;ssl=1 800w, https:\/\/i0.wp.com\/cdnoticias.com\/wp-content\/uploads\/2024\/01\/24E-2024-CGT-LEY-OMNIBUS-1.jpg?resize=300%2C198&amp;ssl=1 300w, https:\/\/i0.wp.com\/cdnoticias.com\/wp-content\/uploads\/2024\/01\/24E-2024-CGT-LEY-OMNIBUS-1.jpg?resize=768%2C507&amp;ssl=1 768w\" sizes=\"auto, (max-width: 800px) 100vw, 800px\" \/><\/figure>\n\n\n\n<figure class=\"wp-block-image aligncenter size-full\"><img data-recalc-dims=\"1\" loading=\"lazy\" decoding=\"async\" width=\"800\" height=\"450\" src=\"https:\/\/i0.wp.com\/cdnoticias.com\/wp-content\/uploads\/2024\/01\/24E-2024-CGT-LEY-OMNIBUS-11.jpg?resize=800%2C450&#038;ssl=1\" alt=\"\" class=\"wp-image-107443\" srcset=\"https:\/\/i0.wp.com\/cdnoticias.com\/wp-content\/uploads\/2024\/01\/24E-2024-CGT-LEY-OMNIBUS-11.jpg?w=800&amp;ssl=1 800w, https:\/\/i0.wp.com\/cdnoticias.com\/wp-content\/uploads\/2024\/01\/24E-2024-CGT-LEY-OMNIBUS-11.jpg?resize=300%2C169&amp;ssl=1 300w, https:\/\/i0.wp.com\/cdnoticias.com\/wp-content\/uploads\/2024\/01\/24E-2024-CGT-LEY-OMNIBUS-11.jpg?resize=768%2C432&amp;ssl=1 768w\" sizes=\"auto, (max-width: 800px) 100vw, 800px\" \/><\/figure>\n\n\n\n<p><\/p>\n\n\n\n<p>Desde la <strong>Asamblea Feminista y Disidente, Casandra Mu\u00f1oz del Campo <\/strong>enfatiz\u00f3 que \u201c<strong>El DNU nos atraviesa en todos los espacios que habitamos. Somos trabajadoras, jubiladas, inquilinas, artistas. Exigimos plan de lucha activo hasta derrotar este gobierno que nos ajuste\u201d.<\/strong><\/p>\n\n\n\n<figure class=\"wp-block-image aligncenter size-full\"><img data-recalc-dims=\"1\" loading=\"lazy\" decoding=\"async\" width=\"800\" height=\"450\" src=\"https:\/\/i0.wp.com\/cdnoticias.com\/wp-content\/uploads\/2024\/01\/24E-2024-CGT-LEY-OMNIBUS-12.jpg?resize=800%2C450&#038;ssl=1\" alt=\"\" class=\"wp-image-107444\" srcset=\"https:\/\/i0.wp.com\/cdnoticias.com\/wp-content\/uploads\/2024\/01\/24E-2024-CGT-LEY-OMNIBUS-12.jpg?w=800&amp;ssl=1 800w, https:\/\/i0.wp.com\/cdnoticias.com\/wp-content\/uploads\/2024\/01\/24E-2024-CGT-LEY-OMNIBUS-12.jpg?resize=300%2C169&amp;ssl=1 300w, https:\/\/i0.wp.com\/cdnoticias.com\/wp-content\/uploads\/2024\/01\/24E-2024-CGT-LEY-OMNIBUS-12.jpg?resize=768%2C432&amp;ssl=1 768w\" sizes=\"auto, (max-width: 800px) 100vw, 800px\" \/><\/figure>\n\n\n\n<p><\/p>\n\n\n\n<p>A la par,<strong> Mar\u00eda Eugenia Iturralde, integrante de ADUNCE <\/strong>sostuvo: \u201c<strong><em>estamos preocupados por el recorte en educaci\u00f3n. Le pedimos a la ciudadan\u00eda que defienda la educaci\u00f3n p\u00fablica y gratuita. Se van a ampliar las facultades extraordinarias del presidente, es un atropello\u201d.<\/em><\/strong><\/p>\n\n\n\n<p><\/p>\n\n\n\n<figure class=\"wp-block-image aligncenter size-full\"><img data-recalc-dims=\"1\" loading=\"lazy\" decoding=\"async\" width=\"800\" height=\"445\" src=\"https:\/\/i0.wp.com\/cdnoticias.com\/wp-content\/uploads\/2024\/01\/paro-24E-2024-CGT-Ley-Omnibus-5.jpg?resize=800%2C445&#038;ssl=1\" alt=\"\" class=\"wp-image-107425\" srcset=\"https:\/\/i0.wp.com\/cdnoticias.com\/wp-content\/uploads\/2024\/01\/paro-24E-2024-CGT-Ley-Omnibus-5.jpg?w=800&amp;ssl=1 800w, https:\/\/i0.wp.com\/cdnoticias.com\/wp-content\/uploads\/2024\/01\/paro-24E-2024-CGT-Ley-Omnibus-5.jpg?resize=300%2C167&amp;ssl=1 300w, https:\/\/i0.wp.com\/cdnoticias.com\/wp-content\/uploads\/2024\/01\/paro-24E-2024-CGT-Ley-Omnibus-5.jpg?resize=768%2C427&amp;ssl=1 768w\" sizes=\"auto, (max-width: 800px) 100vw, 800px\" \/><\/figure>\n\n\n\n<p><\/p>\n\n\n\n<figure class=\"wp-block-image aligncenter size-full\"><img data-recalc-dims=\"1\" loading=\"lazy\" decoding=\"async\" width=\"800\" height=\"450\" src=\"https:\/\/i0.wp.com\/cdnoticias.com\/wp-content\/uploads\/2024\/01\/24E-2024-CGT-LEY-OMNIBUS-13.jpg?resize=800%2C450&#038;ssl=1\" alt=\"\" class=\"wp-image-107445\" srcset=\"https:\/\/i0.wp.com\/cdnoticias.com\/wp-content\/uploads\/2024\/01\/24E-2024-CGT-LEY-OMNIBUS-13.jpg?w=800&amp;ssl=1 800w, https:\/\/i0.wp.com\/cdnoticias.com\/wp-content\/uploads\/2024\/01\/24E-2024-CGT-LEY-OMNIBUS-13.jpg?resize=300%2C169&amp;ssl=1 300w, https:\/\/i0.wp.com\/cdnoticias.com\/wp-content\/uploads\/2024\/01\/24E-2024-CGT-LEY-OMNIBUS-13.jpg?resize=768%2C432&amp;ssl=1 768w\" sizes=\"auto, (max-width: 800px) 100vw, 800px\" \/><\/figure>\n\n\n\n<p><\/p>\n\n\n\n<p>En tanto, <strong>Delfina Valvo, integrante del PTS<\/strong>, expres\u00f3 que \u201c<strong><em>mientras nosotros no llegamos a fin de mes ellos negocian nuestros derechos\u201d.<\/em><\/strong><\/p>\n\n\n\n<p><\/p>\n\n\n\n<figure class=\"wp-block-image aligncenter size-full\"><img data-recalc-dims=\"1\" loading=\"lazy\" decoding=\"async\" width=\"800\" height=\"450\" src=\"https:\/\/i0.wp.com\/cdnoticias.com\/wp-content\/uploads\/2024\/01\/24E-2024-CGT-LEY-OMNIBUS-14.jpg?resize=800%2C450&#038;ssl=1\" alt=\"\" class=\"wp-image-107446\" srcset=\"https:\/\/i0.wp.com\/cdnoticias.com\/wp-content\/uploads\/2024\/01\/24E-2024-CGT-LEY-OMNIBUS-14.jpg?w=800&amp;ssl=1 800w, https:\/\/i0.wp.com\/cdnoticias.com\/wp-content\/uploads\/2024\/01\/24E-2024-CGT-LEY-OMNIBUS-14.jpg?resize=300%2C169&amp;ssl=1 300w, https:\/\/i0.wp.com\/cdnoticias.com\/wp-content\/uploads\/2024\/01\/24E-2024-CGT-LEY-OMNIBUS-14.jpg?resize=768%2C432&amp;ssl=1 768w\" sizes=\"auto, (max-width: 800px) 100vw, 800px\" \/><\/figure>\n\n\n\n<p><\/p>\n\n\n\n<figure class=\"wp-block-image aligncenter size-full\"><img data-recalc-dims=\"1\" loading=\"lazy\" decoding=\"async\" width=\"800\" height=\"445\" src=\"https:\/\/i0.wp.com\/cdnoticias.com\/wp-content\/uploads\/2024\/01\/paro-24E-2024-CGT-Ley-Omnibus-6.jpg?resize=800%2C445&#038;ssl=1\" alt=\"\" class=\"wp-image-107426\" srcset=\"https:\/\/i0.wp.com\/cdnoticias.com\/wp-content\/uploads\/2024\/01\/paro-24E-2024-CGT-Ley-Omnibus-6.jpg?w=800&amp;ssl=1 800w, https:\/\/i0.wp.com\/cdnoticias.com\/wp-content\/uploads\/2024\/01\/paro-24E-2024-CGT-Ley-Omnibus-6.jpg?resize=300%2C167&amp;ssl=1 300w, https:\/\/i0.wp.com\/cdnoticias.com\/wp-content\/uploads\/2024\/01\/paro-24E-2024-CGT-Ley-Omnibus-6.jpg?resize=768%2C427&amp;ssl=1 768w\" sizes=\"auto, (max-width: 800px) 100vw, 800px\" \/><\/figure>\n\n\n\n<p>Por \u00faltimo, <strong>los olavarrienses realizaron una marcha pacifica <\/strong>que se extendi\u00f3 por el centro de la ciudad y se escucharon c\u00e1nticos como \u201c<strong><em>Milei basura vos sos la dictadura\u201d,  \u201cla patria no se vende\u201d y &#8220;el pueblo unido jam\u00e1s ser\u00e1 vencido&#8221;.<\/em><\/strong><\/p>\n\n\n\n<p><\/p>\n\n\n\n<figure class=\"wp-block-image aligncenter size-full\"><img data-recalc-dims=\"1\" loading=\"lazy\" decoding=\"async\" width=\"800\" height=\"445\" src=\"https:\/\/i0.wp.com\/cdnoticias.com\/wp-content\/uploads\/2024\/01\/paro-24E-2024-CGT-Ley-Omnibus-2.jpg?resize=800%2C445&#038;ssl=1\" alt=\"\" class=\"wp-image-107422\" srcset=\"https:\/\/i0.wp.com\/cdnoticias.com\/wp-content\/uploads\/2024\/01\/paro-24E-2024-CGT-Ley-Omnibus-2.jpg?w=800&amp;ssl=1 800w, https:\/\/i0.wp.com\/cdnoticias.com\/wp-content\/uploads\/2024\/01\/paro-24E-2024-CGT-Ley-Omnibus-2.jpg?resize=300%2C167&amp;ssl=1 300w, https:\/\/i0.wp.com\/cdnoticias.com\/wp-content\/uploads\/2024\/01\/paro-24E-2024-CGT-Ley-Omnibus-2.jpg?resize=768%2C427&amp;ssl=1 768w\" sizes=\"auto, (max-width: 800px) 100vw, 800px\" \/><\/figure>\n\n\n\n<p><\/p>\n\n\n\n<figure class=\"wp-block-image aligncenter size-full\"><img data-recalc-dims=\"1\" loading=\"lazy\" decoding=\"async\" width=\"800\" height=\"498\" src=\"https:\/\/i0.wp.com\/cdnoticias.com\/wp-content\/uploads\/2024\/01\/24E-2024-CGT-LEY-OMNIBUS-20.jpg?resize=800%2C498&#038;ssl=1\" alt=\"\" class=\"wp-image-107452\" srcset=\"https:\/\/i0.wp.com\/cdnoticias.com\/wp-content\/uploads\/2024\/01\/24E-2024-CGT-LEY-OMNIBUS-20.jpg?w=800&amp;ssl=1 800w, https:\/\/i0.wp.com\/cdnoticias.com\/wp-content\/uploads\/2024\/01\/24E-2024-CGT-LEY-OMNIBUS-20.jpg?resize=300%2C187&amp;ssl=1 300w, https:\/\/i0.wp.com\/cdnoticias.com\/wp-content\/uploads\/2024\/01\/24E-2024-CGT-LEY-OMNIBUS-20.jpg?resize=768%2C478&amp;ssl=1 768w\" sizes=\"auto, (max-width: 800px) 100vw, 800px\" \/><\/figure>\n\n\n\n<figure class=\"wp-block-image size-full\"><img data-recalc-dims=\"1\" loading=\"lazy\" decoding=\"async\" width=\"800\" height=\"468\" src=\"https:\/\/i0.wp.com\/cdnoticias.com\/wp-content\/uploads\/2024\/01\/24E-2024-CGT-LEY-OMNIBUS-22.jpg?resize=800%2C468&#038;ssl=1\" alt=\"\" class=\"wp-image-107454\" srcset=\"https:\/\/i0.wp.com\/cdnoticias.com\/wp-content\/uploads\/2024\/01\/24E-2024-CGT-LEY-OMNIBUS-22.jpg?w=800&amp;ssl=1 800w, https:\/\/i0.wp.com\/cdnoticias.com\/wp-content\/uploads\/2024\/01\/24E-2024-CGT-LEY-OMNIBUS-22.jpg?resize=300%2C176&amp;ssl=1 300w, https:\/\/i0.wp.com\/cdnoticias.com\/wp-content\/uploads\/2024\/01\/24E-2024-CGT-LEY-OMNIBUS-22.jpg?resize=768%2C449&amp;ssl=1 768w\" sizes=\"auto, (max-width: 800px) 100vw, 800px\" \/><\/figure>\n\n\n\n<figure class=\"wp-block-image size-full\"><img data-recalc-dims=\"1\" loading=\"lazy\" decoding=\"async\" width=\"800\" height=\"502\" src=\"https:\/\/i0.wp.com\/cdnoticias.com\/wp-content\/uploads\/2024\/01\/24E-2024-CGT-LEY-OMNIBUS-17.jpg?resize=800%2C502&#038;ssl=1\" alt=\"\" class=\"wp-image-107449\" srcset=\"https:\/\/i0.wp.com\/cdnoticias.com\/wp-content\/uploads\/2024\/01\/24E-2024-CGT-LEY-OMNIBUS-17.jpg?w=800&amp;ssl=1 800w, https:\/\/i0.wp.com\/cdnoticias.com\/wp-content\/uploads\/2024\/01\/24E-2024-CGT-LEY-OMNIBUS-17.jpg?resize=300%2C188&amp;ssl=1 300w, https:\/\/i0.wp.com\/cdnoticias.com\/wp-content\/uploads\/2024\/01\/24E-2024-CGT-LEY-OMNIBUS-17.jpg?resize=768%2C482&amp;ssl=1 768w\" sizes=\"auto, (max-width: 800px) 100vw, 800px\" \/><\/figure>\n","protected":false},"excerpt":{"rendered":"<p>El paro, movilizaci\u00f3n y marcha se realiz\u00f3 este mi\u00e9rcoles en el Paseo Jes\u00fas Mend\u00eda con sindicatos, organizaciones sociales, agrupaciones feministas,<\/p>\n","protected":false},"author":6,"featured_media":107438,"comment_status":"closed","ping_status":"closed","sticky":false,"template":"","format":"standard","meta":{"_jetpack_memberships_contains_paid_content":false,"footnotes":""},"categories":[5,1],"tags":[],"class_list":["post-107432","post","type-post","status-publish","format-standard","has-post-thumbnail","hentry","category-informacion-general","category-portada"],"jetpack_featured_media_url":"https:\/\/i0.wp.com\/cdnoticias.com\/wp-content\/uploads\/2024\/01\/24E-2024-CGT-LEY-OMNIBUS-6.jpg?fit=800%2C501&ssl=1","jetpack_sharing_enabled":true,"_links":{"self":[{"href":"https:\/\/cdnoticias.com\/index.php\/wp-json\/wp\/v2\/posts\/107432","targetHints":{"allow":["GET"]}}],"collection":[{"href":"https:\/\/cdnoticias.com\/index.php\/wp-json\/wp\/v2\/posts"}],"about":[{"href":"https:\/\/cdnoticias.com\/index.php\/wp-json\/wp\/v2\/types\/post"}],"author":[{"embeddable":true,"href":"https:\/\/cdnoticias.com\/index.php\/wp-json\/wp\/v2\/users\/6"}],"replies":[{"embeddable":true,"href":"https:\/\/cdnoticias.com\/index.php\/wp-json\/wp\/v2\/comments?post=107432"}],"version-history":[{"count":0,"href":"https:\/\/cdnoticias.com\/index.php\/wp-json\/wp\/v2\/posts\/107432\/revisions"}],"wp:featuredmedia":[{"embeddable":true,"href":"https:\/\/cdnoticias.com\/index.php\/wp-json\/wp\/v2\/media\/107438"}],"wp:attachment":[{"href":"https:\/\/cdnoticias.com\/index.php\/wp-json\/wp\/v2\/media?parent=107432"}],"wp:term":[{"taxonomy":"category","embeddable":true,"href":"https:\/\/cdnoticias.com\/index.php\/wp-json\/wp\/v2\/categories?post=107432"},{"taxonomy":"post_tag","embeddable":true,"href":"https:\/\/cdnoticias.com\/index.php\/wp-json\/wp\/v2\/tags?post=107432"}],"curies":[{"name":"wp","href":"https:\/\/api.w.org\/{rel}","templated":true}]}}