{"id":107407,"date":"2024-01-24T17:39:47","date_gmt":"2024-01-24T20:39:47","guid":{"rendered":"https:\/\/cdnoticias.com\/?p=107407"},"modified":"2024-01-24T20:33:35","modified_gmt":"2024-01-24T23:33:35","slug":"la-cgt-pidio-a-los-legisladores-que-miren-al-pueblo-y-no-traicionen-a-los-trabajadores","status":"publish","type":"post","link":"https:\/\/cdnoticias.com\/index.php\/2024\/01\/24\/la-cgt-pidio-a-los-legisladores-que-miren-al-pueblo-y-no-traicionen-a-los-trabajadores\/","title":{"rendered":"La CGT pidi\u00f3 a los legisladores que &#8220;miren al pueblo y no traicionen a los trabajadores&#8221;"},"content":{"rendered":"<p>Mientras se cumple el paro nacional de actividades y se realizan protestas en todas las provincias, H\u00e9ctor Daer y Pablo Moyano reclamaron a diputados y senadores que no aprueben el DNU y el proyecto de ley &#8220;Bases&#8221; que impulsa el gobierno de Javier Milei.<!--more--><\/p>\n<hr \/>\n<p>El <strong>cosecretario general de la CGT H\u00e9ctor Daer<\/strong> reclam\u00f3 este mi\u00e9rcoles a los diputados nacionales que &#8220;no act\u00faen agazapados en la oscuridad, miren al pueblo a la cara&#8221; y <strong>rechacen el DNU y la ley &#8220;Bases&#8221; promovidas por el Gobierno de Javier Milei<\/strong>, tras lo cual advirti\u00f3 que desde la central obrera &#8220;vamos a seguir la lucha y no vamos a dar un paso atr\u00e1s hasta que caigan&#8221; esas medidas.<\/p>\n<p>Al hablar ante una multitud en la Plaza Congreso, en el marco del paro nacional y la marcha contra el Gobierno organizados por la CGT, Daer dijo que los planes de la administraci\u00f3n Milei <strong>&#8220;destruyen los derechos individuales de los trabajadores, los derechos colectivos, los sindicatos y la libertad de acci\u00f3n sindical&#8221;.<\/strong><\/p>\n<p>&#8220;Vamos a seguir la lucha hasta que lleguemos al \u00e9xito, hasta que caigan el DNU y la ley \u00f3mnibus; no vamos a dar un paso atr\u00e1s, viva el pueblo argentino, viva el movimiento obrero, la patria no se vende&#8221;, enfatiz\u00f3.<\/p>\n<p><img data-recalc-dims=\"1\" loading=\"lazy\" decoding=\"async\" class=\"alignnone size-full wp-image-107409\" src=\"https:\/\/i0.wp.com\/cdnoticias.com\/wp-content\/uploads\/2024\/01\/paro-cgt-02.jpg?resize=800%2C445&#038;ssl=1\" alt=\"\" width=\"800\" height=\"445\" srcset=\"https:\/\/i0.wp.com\/cdnoticias.com\/wp-content\/uploads\/2024\/01\/paro-cgt-02.jpg?w=800&amp;ssl=1 800w, https:\/\/i0.wp.com\/cdnoticias.com\/wp-content\/uploads\/2024\/01\/paro-cgt-02.jpg?resize=300%2C167&amp;ssl=1 300w, https:\/\/i0.wp.com\/cdnoticias.com\/wp-content\/uploads\/2024\/01\/paro-cgt-02.jpg?resize=768%2C427&amp;ssl=1 768w\" sizes=\"auto, (max-width: 800px) 100vw, 800px\" \/><\/p>\n<p>Al referirse a los diputados que discuten el decreto de necesidad y urgencia (DNU) y el proyecto de ley &#8220;Bases&#8221;, el l\u00edder del sindicato de la Sanidad les advirti\u00f3, dirigi\u00e9ndose a los manifestantes: &#8220;Ahora les decimos que de acuerdo al mandato popular que miren a todos ustedes a la cara, que nos miren a los ojos, que act\u00faen en consecuencia, que no act\u00faen en la oscuridad, agazapados, porque les dijeron que son coimeros&#8221;.<\/p>\n<p>Daer destac\u00f3 que &#8220;hoy vinieron ac\u00e1 la CGT, las CTA y todos los sindicatos y organizaciones obreras de nuestro pa\u00eds, los cient\u00edficos, la cultura, el deporte, los inquillinos, los jubilados, los socialistas, los de izquierda, de la Uni\u00f3n C\u00edvica y los radicales que no olvidan a (Hip\u00f3lito) Yrigoyen ni a (Ra\u00fal) Alfons\u00edn&#8221;.<\/p>\n<h2>&#8220;No traicionen a los trabajadores&#8221;<\/h2>\n<p>Minutos antes de las palabras de Daer, <strong>el cotitular de la CGT y dirigente de Camioneros, Pablo Moyano,<\/strong> pidi\u00f3 a los legisladores rechazar la Ley &#8220;Bases&#8221; que se encuentra en la C\u00e1mara de Diputados y reclam\u00f3 que &#8220;no traicionen a los trabajadores&#8221; y a la &#8220;doctrina del peronismo&#8221;, que es &#8220;defender a los laburantes, a los que menos tienen y a los jubilados&#8221;.<\/p>\n<p>Al hablar en la Plaza del Congreso, en el contexto del paro y marcha que realiza la CGT, el dirigente se\u00f1al\u00f3 que<strong> quienes tienen una gran responsabilidad de respaldar al movimiento obrero son los mismos legisladores<\/strong> que &#8220;hacen campa\u00f1a cantando la marcha, con los cuadros de Per\u00f3n y Evita, pero cuando tienen que tratar una ley se esconden y los tenemos que venir a buscar a su despacho&#8221;.<\/p>\n<p><img data-recalc-dims=\"1\" loading=\"lazy\" decoding=\"async\" class=\"alignnone size-full wp-image-107408\" src=\"https:\/\/i0.wp.com\/cdnoticias.com\/wp-content\/uploads\/2024\/01\/65b15b6abc52b_1200.jpg?resize=800%2C450&#038;ssl=1\" alt=\"\" width=\"800\" height=\"450\" srcset=\"https:\/\/i0.wp.com\/cdnoticias.com\/wp-content\/uploads\/2024\/01\/65b15b6abc52b_1200.jpg?w=800&amp;ssl=1 800w, https:\/\/i0.wp.com\/cdnoticias.com\/wp-content\/uploads\/2024\/01\/65b15b6abc52b_1200.jpg?resize=300%2C169&amp;ssl=1 300w, https:\/\/i0.wp.com\/cdnoticias.com\/wp-content\/uploads\/2024\/01\/65b15b6abc52b_1200.jpg?resize=768%2C432&amp;ssl=1 768w\" sizes=\"auto, (max-width: 800px) 100vw, 800px\" \/><\/p>\n<p><strong>&#8220;Que digan p\u00fablicamente si est\u00e1n con los trabajadores o con las corporaciones y el modelo econ\u00f3mico que lleva adelante el presidente Javier Milei&#8221;,<\/strong> pidi\u00f3.<\/p>\n<blockquote><p>Moyano advirti\u00f3 que &#8220;un peronista no puede votar este DNU que va en contra de los trabajadores y la soberan\u00eda nacional&#8221;.<\/p><\/blockquote>\n<p>&#8220;<strong>Les pedimos a los diputados que tengan dignidad y principios<\/strong> y no se ofendan si les dicen algo en los medios. Les pedimos que no traicionen a los trabajadores, a la doctrina del peronismo, que es defender a los laburantes, a lo que menos tienen y a los jubilados&#8221;, sostuvo.<\/p>\n<p>Fuente: T\u00e9lam.<\/p>\n","protected":false},"excerpt":{"rendered":"<p>Mientras se cumple el paro nacional de actividades y se realizan protestas en todas las provincias, H\u00e9ctor Daer y Pablo<\/p>\n","protected":false},"author":2,"featured_media":107410,"comment_status":"closed","ping_status":"closed","sticky":false,"template":"","format":"standard","meta":{"_jetpack_memberships_contains_paid_content":false,"footnotes":""},"categories":[6,1],"tags":[],"class_list":["post-107407","post","type-post","status-publish","format-standard","has-post-thumbnail","hentry","category-nacionales","category-portada"],"jetpack_featured_media_url":"https:\/\/i0.wp.com\/cdnoticias.com\/wp-content\/uploads\/2024\/01\/paro-cgt-01.jpg?fit=800%2C445&ssl=1","jetpack_sharing_enabled":true,"_links":{"self":[{"href":"https:\/\/cdnoticias.com\/index.php\/wp-json\/wp\/v2\/posts\/107407","targetHints":{"allow":["GET"]}}],"collection":[{"href":"https:\/\/cdnoticias.com\/index.php\/wp-json\/wp\/v2\/posts"}],"about":[{"href":"https:\/\/cdnoticias.com\/index.php\/wp-json\/wp\/v2\/types\/post"}],"author":[{"embeddable":true,"href":"https:\/\/cdnoticias.com\/index.php\/wp-json\/wp\/v2\/users\/2"}],"replies":[{"embeddable":true,"href":"https:\/\/cdnoticias.com\/index.php\/wp-json\/wp\/v2\/comments?post=107407"}],"version-history":[{"count":0,"href":"https:\/\/cdnoticias.com\/index.php\/wp-json\/wp\/v2\/posts\/107407\/revisions"}],"wp:featuredmedia":[{"embeddable":true,"href":"https:\/\/cdnoticias.com\/index.php\/wp-json\/wp\/v2\/media\/107410"}],"wp:attachment":[{"href":"https:\/\/cdnoticias.com\/index.php\/wp-json\/wp\/v2\/media?parent=107407"}],"wp:term":[{"taxonomy":"category","embeddable":true,"href":"https:\/\/cdnoticias.com\/index.php\/wp-json\/wp\/v2\/categories?post=107407"},{"taxonomy":"post_tag","embeddable":true,"href":"https:\/\/cdnoticias.com\/index.php\/wp-json\/wp\/v2\/tags?post=107407"}],"curies":[{"name":"wp","href":"https:\/\/api.w.org\/{rel}","templated":true}]}}