{"id":107361,"date":"2024-01-23T19:10:15","date_gmt":"2024-01-23T22:10:15","guid":{"rendered":"https:\/\/cdnoticias.com\/?p=107361"},"modified":"2024-01-24T08:22:44","modified_gmt":"2024-01-24T11:22:44","slug":"un-joven-amenazo-con-un-arma-blanca-a-personal-policial-y-fue-detenido","status":"publish","type":"post","link":"https:\/\/cdnoticias.com\/index.php\/2024\/01\/23\/un-joven-amenazo-con-un-arma-blanca-a-personal-policial-y-fue-detenido\/","title":{"rendered":"Un joven amenaz\u00f3 con un arma blanca a personal policial y fue detenido"},"content":{"rendered":"\n<p>El hecho ocurri\u00f3 en avenida Pueyrred\u00f3n y Moya. Adem\u00e1s, se secuestr\u00f3 una cuchilla de 13 cm de largo, una hoja de hierro de 26 cm y un destornillador.<\/p>\n\n\n\n<hr class=\"wp-block-separator aligncenter has-alpha-channel-opacity\"\/>\n\n\n\n<p>Este martes, <strong>un joven de 20 a\u00f1os qued\u00f3 detenido por amenazar a personal policial con un arma blanca<\/strong>, espec\u00edficamente con una <strong>cuchilla de 13 cm de largo.<\/strong><\/p>\n\n\n\n<p><\/p>\n\n\n\n<p>El hecho ocurri\u00f3 en <strong>avenida Pueyrred\u00f3n y Moya <\/strong>a ra\u00edz de un llamado al 911, cuando personal de Comando de Patrullas observ\u00f3 al joven portando el arma blanca.<\/p>\n\n\n\n<p><\/p>\n\n\n\n<blockquote class=\"wp-block-quote is-layout-flow wp-block-quote-is-layout-flow\">\n<p>Seg\u00fan se indic\u00f3, al detectar la presencia de la polic\u00eda, el joven comenz\u00f3 a exhibir la cuchilla, incitando a la pelea y alterando el orden p\u00fablico.<\/p>\n<\/blockquote>\n\n\n\n<p><\/p>\n\n\n\n<p>Finalmente, <strong> fue detenido y trasladado a Comisar\u00eda Segunda<\/strong>. \u00a0Se secuestr\u00f3 una <strong>cuchilla de 13 cm de largo, una hoja de hierro de 26 cm y un destornillador.<\/strong><\/p>\n","protected":false},"excerpt":{"rendered":"<p>El hecho ocurri\u00f3 en avenida Pueyrred\u00f3n y Moya. Adem\u00e1s, se secuestr\u00f3 una cuchilla de 13 cm de largo, una hoja<\/p>\n","protected":false},"author":6,"featured_media":107362,"comment_status":"closed","ping_status":"closed","sticky":false,"template":"","format":"standard","meta":{"_jetpack_memberships_contains_paid_content":false,"footnotes":""},"categories":[14,1],"tags":[],"class_list":["post-107361","post","type-post","status-publish","format-standard","has-post-thumbnail","hentry","category-policiales","category-portada"],"jetpack_featured_media_url":"https:\/\/i0.wp.com\/cdnoticias.com\/wp-content\/uploads\/2024\/01\/cuchilla-joven-via-publica.png?fit=869%2C410&ssl=1","jetpack_sharing_enabled":true,"_links":{"self":[{"href":"https:\/\/cdnoticias.com\/index.php\/wp-json\/wp\/v2\/posts\/107361","targetHints":{"allow":["GET"]}}],"collection":[{"href":"https:\/\/cdnoticias.com\/index.php\/wp-json\/wp\/v2\/posts"}],"about":[{"href":"https:\/\/cdnoticias.com\/index.php\/wp-json\/wp\/v2\/types\/post"}],"author":[{"embeddable":true,"href":"https:\/\/cdnoticias.com\/index.php\/wp-json\/wp\/v2\/users\/6"}],"replies":[{"embeddable":true,"href":"https:\/\/cdnoticias.com\/index.php\/wp-json\/wp\/v2\/comments?post=107361"}],"version-history":[{"count":0,"href":"https:\/\/cdnoticias.com\/index.php\/wp-json\/wp\/v2\/posts\/107361\/revisions"}],"wp:featuredmedia":[{"embeddable":true,"href":"https:\/\/cdnoticias.com\/index.php\/wp-json\/wp\/v2\/media\/107362"}],"wp:attachment":[{"href":"https:\/\/cdnoticias.com\/index.php\/wp-json\/wp\/v2\/media?parent=107361"}],"wp:term":[{"taxonomy":"category","embeddable":true,"href":"https:\/\/cdnoticias.com\/index.php\/wp-json\/wp\/v2\/categories?post=107361"},{"taxonomy":"post_tag","embeddable":true,"href":"https:\/\/cdnoticias.com\/index.php\/wp-json\/wp\/v2\/tags?post=107361"}],"curies":[{"name":"wp","href":"https:\/\/api.w.org\/{rel}","templated":true}]}}