{"id":107353,"date":"2024-01-24T08:12:32","date_gmt":"2024-01-24T11:12:32","guid":{"rendered":"https:\/\/cdnoticias.com\/?p=107353"},"modified":"2024-01-24T10:52:10","modified_gmt":"2024-01-24T13:52:10","slug":"jornada-de-vacunacion-en-espigas","status":"publish","type":"post","link":"https:\/\/cdnoticias.com\/index.php\/2024\/01\/24\/jornada-de-vacunacion-en-espigas\/","title":{"rendered":"Jornada de vacunaci\u00f3n en Espigas este mi\u00e9rcoles"},"content":{"rendered":"\n<p>Se aplicar\u00e1n vacunas del calendario obligatorio, as\u00ed como tambi\u00e9n contra el Covid 19.<\/p>\n\n\n\n<hr class=\"wp-block-separator aligncenter has-alpha-channel-opacity\"\/>\n\n\n\n<p>Este mi\u00e9rcoles 24, se concretar\u00e1 una <strong>nueva jornada de vacunaci\u00f3n en Espigas destinada a toda a comunidad<\/strong> de esa localidad y sectores aleda\u00f1os.<\/p>\n\n\n\n<p><\/p>\n\n\n\n<p>La jornada se realizar\u00e1 en el horario de <strong>9 a 12 horas<\/strong> en el H<strong>ospital Municipal de Espigas.<\/strong><\/p>\n\n\n\n<p><\/p>\n\n\n\n<p>Se detall\u00f3 que se realizar\u00e1n <strong>aplicaciones de vacunas tanto del calendario nacional obligatorio,<\/strong> como as\u00ed tambi\u00e9n contra el <strong>Covid19<\/strong>.<\/p>\n\n\n\n<p><\/p>\n","protected":false},"excerpt":{"rendered":"<p>Se aplicar\u00e1n vacunas del calendario obligatorio, as\u00ed como tambi\u00e9n contra el Covid 19. Este mi\u00e9rcoles 24, se concretar\u00e1 una nueva<\/p>\n","protected":false},"author":6,"featured_media":44435,"comment_status":"closed","ping_status":"closed","sticky":false,"template":"","format":"standard","meta":{"_jetpack_memberships_contains_paid_content":false,"footnotes":""},"categories":[5,1],"tags":[],"class_list":["post-107353","post","type-post","status-publish","format-standard","has-post-thumbnail","hentry","category-informacion-general","category-portada"],"jetpack_featured_media_url":"https:\/\/i0.wp.com\/cdnoticias.com\/wp-content\/uploads\/2022\/01\/DIB-vacunacion-693x420-1.jpg?fit=693%2C420&ssl=1","jetpack_sharing_enabled":true,"_links":{"self":[{"href":"https:\/\/cdnoticias.com\/index.php\/wp-json\/wp\/v2\/posts\/107353","targetHints":{"allow":["GET"]}}],"collection":[{"href":"https:\/\/cdnoticias.com\/index.php\/wp-json\/wp\/v2\/posts"}],"about":[{"href":"https:\/\/cdnoticias.com\/index.php\/wp-json\/wp\/v2\/types\/post"}],"author":[{"embeddable":true,"href":"https:\/\/cdnoticias.com\/index.php\/wp-json\/wp\/v2\/users\/6"}],"replies":[{"embeddable":true,"href":"https:\/\/cdnoticias.com\/index.php\/wp-json\/wp\/v2\/comments?post=107353"}],"version-history":[{"count":0,"href":"https:\/\/cdnoticias.com\/index.php\/wp-json\/wp\/v2\/posts\/107353\/revisions"}],"wp:featuredmedia":[{"embeddable":true,"href":"https:\/\/cdnoticias.com\/index.php\/wp-json\/wp\/v2\/media\/44435"}],"wp:attachment":[{"href":"https:\/\/cdnoticias.com\/index.php\/wp-json\/wp\/v2\/media?parent=107353"}],"wp:term":[{"taxonomy":"category","embeddable":true,"href":"https:\/\/cdnoticias.com\/index.php\/wp-json\/wp\/v2\/categories?post=107353"},{"taxonomy":"post_tag","embeddable":true,"href":"https:\/\/cdnoticias.com\/index.php\/wp-json\/wp\/v2\/tags?post=107353"}],"curies":[{"name":"wp","href":"https:\/\/api.w.org\/{rel}","templated":true}]}}