{"id":107351,"date":"2024-01-23T20:04:24","date_gmt":"2024-01-23T23:04:24","guid":{"rendered":"https:\/\/cdnoticias.com\/?p=107351"},"modified":"2024-01-24T09:31:05","modified_gmt":"2024-01-24T12:31:05","slug":"ya-se-palpita-un-nuevo-festival-de-doma-y-folclore-de-olavarria","status":"publish","type":"post","link":"https:\/\/cdnoticias.com\/index.php\/2024\/01\/23\/ya-se-palpita-un-nuevo-festival-de-doma-y-folclore-de-olavarria\/","title":{"rendered":"Ya se palpita un nuevo Festival de Doma y Folclore en Olavarr\u00eda"},"content":{"rendered":"<p>Del 8 al 10 de marzo de 2024 se realizar\u00e1 la vig\u00e9sima edici\u00f3n del Festival de Olavarr\u00eda en el que se presentar\u00e1n las figuras m\u00e1s importantes del folclore argentino. El gran cierre estar\u00e1 a cargo del Chaque\u00f1o Palavecino.<!--more--><\/p>\n<hr \/>\n<p>La ciudad se prepara para recibir a miles de personas que asistir\u00e1n al<strong> 20\u00ba Festival Nacional de Doma y Folclore<\/strong>, que se llevar\u00e1 a cabo <strong>del 8 al 10 de marzo.<\/strong><\/p>\n<p>El evento, considerado el festival tradicionalista por excelencia, promete ser una verdadera fiesta para los amantes de la m\u00fasica y la cultura tradicional.<\/p>\n<p>En este sentido, desde la organizaci\u00f3n confirmaron la grilla de artistas definitiva que engalanar\u00e1n las tres noches del escenario mayor Horacio Guarany. El <strong>viernes 8 de marzo<\/strong> se presentar\u00e1n <strong>Paloma Pacheco, Karen Montes de Oca, Los Del Riel, Campero Campero, Los Caldenes, Los Kyjanos y Canto 4.<\/strong><\/p>\n<p><img data-recalc-dims=\"1\" loading=\"lazy\" decoding=\"async\" class=\"alignnone size-large wp-image-78596\" src=\"https:\/\/i0.wp.com\/cdnoticias.com\/wp-content\/uploads\/2023\/03\/festival-doma-folclore-domigo-01.jpg?resize=800%2C445&#038;ssl=1\" alt=\"\" width=\"800\" height=\"445\" srcset=\"https:\/\/i0.wp.com\/cdnoticias.com\/wp-content\/uploads\/2023\/03\/festival-doma-folclore-domigo-01-scaled.jpg?resize=1024%2C570&amp;ssl=1 1024w, https:\/\/i0.wp.com\/cdnoticias.com\/wp-content\/uploads\/2023\/03\/festival-doma-folclore-domigo-01-scaled.jpg?resize=300%2C167&amp;ssl=1 300w, https:\/\/i0.wp.com\/cdnoticias.com\/wp-content\/uploads\/2023\/03\/festival-doma-folclore-domigo-01-scaled.jpg?resize=768%2C427&amp;ssl=1 768w, https:\/\/i0.wp.com\/cdnoticias.com\/wp-content\/uploads\/2023\/03\/festival-doma-folclore-domigo-01-scaled.jpg?resize=1536%2C854&amp;ssl=1 1536w, https:\/\/i0.wp.com\/cdnoticias.com\/wp-content\/uploads\/2023\/03\/festival-doma-folclore-domigo-01-scaled.jpg?resize=2048%2C1139&amp;ssl=1 2048w, https:\/\/i0.wp.com\/cdnoticias.com\/wp-content\/uploads\/2023\/03\/festival-doma-folclore-domigo-01-scaled.jpg?resize=800%2C445&amp;ssl=1 800w, https:\/\/i0.wp.com\/cdnoticias.com\/wp-content\/uploads\/2023\/03\/festival-doma-folclore-domigo-01-scaled.jpg?w=1600&amp;ssl=1 1600w, https:\/\/i0.wp.com\/cdnoticias.com\/wp-content\/uploads\/2023\/03\/festival-doma-folclore-domigo-01-scaled.jpg?w=2400&amp;ssl=1 2400w\" sizes=\"auto, (max-width: 800px) 100vw, 800px\" \/><\/p>\n<p>El <strong>s\u00e1bado 9<\/strong> lo har\u00e1n <strong>Martin Graff, Bel\u00e9n Laurenz, Los Moya, Alex Friedig, Leandro Lovato, Ceibo y Jorge Rojas.<\/strong> Mientras que el <strong>domingo 10<\/strong> de marzo estar\u00e1n haciendo lo propio: <strong>Las Chinas, Daiana Colamarino, Martin Barraza, Carlos Ram\u00f3n Fern\u00e1ndez, Guitarreros<\/strong> y el gran cierre a cargo del <strong>Chaque\u00f1o Palavecino.<\/strong><\/p>\n<p>Adem\u00e1s de la m\u00fasica y el baile, el festival contar\u00e1 la participaci\u00f3n de 100 jinetes.<\/p>\n<p><img data-recalc-dims=\"1\" loading=\"lazy\" decoding=\"async\" class=\"alignnone size-large wp-image-78607\" src=\"https:\/\/i0.wp.com\/cdnoticias.com\/wp-content\/uploads\/2023\/03\/festival-doma-folclore-domigo-12.jpg?resize=800%2C445&#038;ssl=1\" alt=\"\" width=\"800\" height=\"445\" srcset=\"https:\/\/i0.wp.com\/cdnoticias.com\/wp-content\/uploads\/2023\/03\/festival-doma-folclore-domigo-12-scaled.jpg?resize=1024%2C570&amp;ssl=1 1024w, https:\/\/i0.wp.com\/cdnoticias.com\/wp-content\/uploads\/2023\/03\/festival-doma-folclore-domigo-12-scaled.jpg?resize=300%2C167&amp;ssl=1 300w, https:\/\/i0.wp.com\/cdnoticias.com\/wp-content\/uploads\/2023\/03\/festival-doma-folclore-domigo-12-scaled.jpg?resize=768%2C427&amp;ssl=1 768w, https:\/\/i0.wp.com\/cdnoticias.com\/wp-content\/uploads\/2023\/03\/festival-doma-folclore-domigo-12-scaled.jpg?resize=1536%2C855&amp;ssl=1 1536w, https:\/\/i0.wp.com\/cdnoticias.com\/wp-content\/uploads\/2023\/03\/festival-doma-folclore-domigo-12-scaled.jpg?resize=2048%2C1140&amp;ssl=1 2048w, https:\/\/i0.wp.com\/cdnoticias.com\/wp-content\/uploads\/2023\/03\/festival-doma-folclore-domigo-12-scaled.jpg?resize=800%2C445&amp;ssl=1 800w, https:\/\/i0.wp.com\/cdnoticias.com\/wp-content\/uploads\/2023\/03\/festival-doma-folclore-domigo-12-scaled.jpg?w=1600&amp;ssl=1 1600w, https:\/\/i0.wp.com\/cdnoticias.com\/wp-content\/uploads\/2023\/03\/festival-doma-folclore-domigo-12-scaled.jpg?w=2400&amp;ssl=1 2400w\" sizes=\"auto, (max-width: 800px) 100vw, 800px\" \/><\/p>\n<p>Las entradas, con acceso a los shows y jineteadas, tienen un valor de <strong>40 mil pesos y se adquiere una rifa<\/strong> con la que se participa por una gran cantidad de premios, incluida una camioneta 0Km. Con la rifa se otorgan dos entradas v\u00e1lidas para los tres d\u00edas que dura el festival. Las entradas individuales para un d\u00eda en particular se pondr\u00e1n a la venta reci\u00e9n en febrero.<\/p>\n<p>Los interesados en adquirir la rifa se pueden comunicar al tel\u00e9fono de la oficina de ventas e informes del <strong>Festival que es el 02284 427660,<\/strong> o personalmente en <strong>Galer\u00eda Vicente L\u00f3pez local 9, ubicada en Vicente L\u00f3pez 2865<\/strong> de Olavarr\u00eda.<\/p>\n","protected":false},"excerpt":{"rendered":"<p>Del 8 al 10 de marzo de 2024 se realizar\u00e1 la vig\u00e9sima edici\u00f3n del Festival de Olavarr\u00eda en el que<\/p>\n","protected":false},"author":2,"featured_media":78597,"comment_status":"closed","ping_status":"closed","sticky":false,"template":"","format":"standard","meta":{"_jetpack_memberships_contains_paid_content":false,"footnotes":""},"categories":[9,1],"tags":[],"class_list":["post-107351","post","type-post","status-publish","format-standard","has-post-thumbnail","hentry","category-cultura","category-portada"],"jetpack_featured_media_url":"https:\/\/i0.wp.com\/cdnoticias.com\/wp-content\/uploads\/2023\/03\/festival-doma-folclore-domigo-02-scaled.jpg?fit=2560%2C1424&ssl=1","jetpack_sharing_enabled":true,"_links":{"self":[{"href":"https:\/\/cdnoticias.com\/index.php\/wp-json\/wp\/v2\/posts\/107351","targetHints":{"allow":["GET"]}}],"collection":[{"href":"https:\/\/cdnoticias.com\/index.php\/wp-json\/wp\/v2\/posts"}],"about":[{"href":"https:\/\/cdnoticias.com\/index.php\/wp-json\/wp\/v2\/types\/post"}],"author":[{"embeddable":true,"href":"https:\/\/cdnoticias.com\/index.php\/wp-json\/wp\/v2\/users\/2"}],"replies":[{"embeddable":true,"href":"https:\/\/cdnoticias.com\/index.php\/wp-json\/wp\/v2\/comments?post=107351"}],"version-history":[{"count":0,"href":"https:\/\/cdnoticias.com\/index.php\/wp-json\/wp\/v2\/posts\/107351\/revisions"}],"wp:featuredmedia":[{"embeddable":true,"href":"https:\/\/cdnoticias.com\/index.php\/wp-json\/wp\/v2\/media\/78597"}],"wp:attachment":[{"href":"https:\/\/cdnoticias.com\/index.php\/wp-json\/wp\/v2\/media?parent=107351"}],"wp:term":[{"taxonomy":"category","embeddable":true,"href":"https:\/\/cdnoticias.com\/index.php\/wp-json\/wp\/v2\/categories?post=107351"},{"taxonomy":"post_tag","embeddable":true,"href":"https:\/\/cdnoticias.com\/index.php\/wp-json\/wp\/v2\/tags?post=107351"}],"curies":[{"name":"wp","href":"https:\/\/api.w.org\/{rel}","templated":true}]}}