{"id":10734,"date":"2021-01-06T12:30:44","date_gmt":"2021-01-06T15:30:44","guid":{"rendered":"http:\/\/www.centraldenoticias.com.ar\/?p=10734"},"modified":"2021-01-06T12:30:44","modified_gmt":"2021-01-06T15:30:44","slug":"larreta-se-contagio-de-covid-tras-un-viaje-a-la-costa","status":"publish","type":"post","link":"https:\/\/cdnoticias.com\/index.php\/2021\/01\/06\/larreta-se-contagio-de-covid-tras-un-viaje-a-la-costa\/","title":{"rendered":"Larreta se contagi\u00f3 de COVID tras un viaje a la costa"},"content":{"rendered":"<p>As\u00ed lo confirm\u00f3 en sus redes sociales. Se aisl\u00f3 en su casa y coment\u00f3 que se encuentra en buen estado de salud.<!--more--><\/p>\n<hr \/>\n<p>El <strong>jefe de Gobierno porte\u00f1o, Horacio Rodr\u00edguez Larreta, fue diagnosticado con coronavirus tras pasar el fin de semana junto a su familia en la localidad de Caril\u00f3 (Pinamar)<\/strong> y se encuentra aislado en su casa.<\/p>\n<p>&nbsp;<\/p>\n<blockquote><p>As\u00ed lo confirm\u00f3 en la red social Twitter, donde se\u00f1al\u00f3 que \u201cayer volv\u00ed de la Costa, donde pas\u00e9 el fin de semana en familia. Como tuve dolor de cabeza, decid\u00ed no esperar e hisoparme. Hoy el resultado dio positivo\u201d.<\/p><\/blockquote>\n<p>&nbsp;<\/p>\n<p>Rodr\u00edguez Larreta indic\u00f3 que se encuentra \u201cbien\u201d y en su casa\u201d.<strong><em> \u201cEstoy bien en casa. Por favor sigamos cuid\u00e1ndonos y, ante el primer s\u00edntoma o a la vuelta de las vacaciones, hag\u00e1monos el test\u201d<\/em><\/strong>, pidi\u00f3.<\/p>\n<p>&nbsp;<\/p>\n<p><strong>Su positivo aparece tras varias pol\u00e9micas por la temporada de verano y la falta de cumplimiento de protocolos en la costa<\/strong>, sumado a un general incremento fuerte de casos, vinculados a \u201clas puertas\u201d de la segunda ola de contagios de COVID.<\/p>\n","protected":false},"excerpt":{"rendered":"<p>As\u00ed lo confirm\u00f3 en sus redes sociales. Se aisl\u00f3 en su casa y coment\u00f3 que se encuentra en buen estado<\/p>\n","protected":false},"author":2,"featured_media":10736,"comment_status":"closed","ping_status":"closed","sticky":false,"template":"","format":"standard","meta":{"_jetpack_memberships_contains_paid_content":false,"footnotes":""},"categories":[6,1],"tags":[],"class_list":["post-10734","post","type-post","status-publish","format-standard","has-post-thumbnail","hentry","category-nacionales","category-portada"],"jetpack_featured_media_url":"https:\/\/i0.wp.com\/cdnoticias.com\/wp-content\/uploads\/2021\/01\/larreta-carilo.jpg?fit=1920%2C1080&ssl=1","jetpack_sharing_enabled":true,"_links":{"self":[{"href":"https:\/\/cdnoticias.com\/index.php\/wp-json\/wp\/v2\/posts\/10734","targetHints":{"allow":["GET"]}}],"collection":[{"href":"https:\/\/cdnoticias.com\/index.php\/wp-json\/wp\/v2\/posts"}],"about":[{"href":"https:\/\/cdnoticias.com\/index.php\/wp-json\/wp\/v2\/types\/post"}],"author":[{"embeddable":true,"href":"https:\/\/cdnoticias.com\/index.php\/wp-json\/wp\/v2\/users\/2"}],"replies":[{"embeddable":true,"href":"https:\/\/cdnoticias.com\/index.php\/wp-json\/wp\/v2\/comments?post=10734"}],"version-history":[{"count":0,"href":"https:\/\/cdnoticias.com\/index.php\/wp-json\/wp\/v2\/posts\/10734\/revisions"}],"wp:featuredmedia":[{"embeddable":true,"href":"https:\/\/cdnoticias.com\/index.php\/wp-json\/wp\/v2\/media\/10736"}],"wp:attachment":[{"href":"https:\/\/cdnoticias.com\/index.php\/wp-json\/wp\/v2\/media?parent=10734"}],"wp:term":[{"taxonomy":"category","embeddable":true,"href":"https:\/\/cdnoticias.com\/index.php\/wp-json\/wp\/v2\/categories?post=10734"},{"taxonomy":"post_tag","embeddable":true,"href":"https:\/\/cdnoticias.com\/index.php\/wp-json\/wp\/v2\/tags?post=10734"}],"curies":[{"name":"wp","href":"https:\/\/api.w.org\/{rel}","templated":true}]}}