{"id":107338,"date":"2024-01-23T12:22:08","date_gmt":"2024-01-23T15:22:08","guid":{"rendered":"https:\/\/cdnoticias.com\/?p=107338"},"modified":"2024-01-23T17:56:57","modified_gmt":"2024-01-23T20:56:57","slug":"el-paro-del-24e-impactara-en-la-municipalidad-de-olavarria-la-adhesion-del-stmo","status":"publish","type":"post","link":"https:\/\/cdnoticias.com\/index.php\/2024\/01\/23\/el-paro-del-24e-impactara-en-la-municipalidad-de-olavarria-la-adhesion-del-stmo\/","title":{"rendered":"El paro del 24E impactar\u00e1 en la Municipalidad de Olavarr\u00eda: la adhesi\u00f3n del STMO"},"content":{"rendered":"<p>El STMO iniciar\u00e1 al mediod\u00eda la medida de fuerza. \u201cSe paralizar\u00e1 el funcionamiento de la atenci\u00f3n comunal, con la excepci\u00f3n de los servicios de emergencias y urgencias que mantendr\u00e1n su actividad\u201d se indic\u00f3.<\/p>\n<p><!--more--><\/p>\n<hr \/>\n<p>El <strong>Sindicato de Trabajadores Municipales<\/strong> adelant\u00f3 su <strong>adhesi\u00f3n al paro general del mi\u00e9rcoles<\/strong>, <a href=\"https:\/\/cdnoticias.com\/index.php\/2024\/01\/18\/la-cgt-olavarria-convoco-a-referentes-de-organizaciones-y-vecinos-de-cara-al-24e\/\" target=\"_blank\" rel=\"noopener\">convocado por la CGT<\/a>, lo que implicar\u00e1 la <strong>paralizaci\u00f3n de las actividades del Municipio<\/strong>, con excepci\u00f3n de los servicios de emergencia.<\/p>\n<p>&nbsp; <\/p>\n<p>A trav\u00e9s del un comunicado, la entidad indic\u00f3:<em> \u201cLa Comisi\u00f3n Directiva del Sindicato de Trabajadores Municipales de Olavarr\u00eda comunica que este mi\u00e9rcoles 24 de enero adherir\u00e1 al paro nacional, que se iniciar\u00e1 a las 12 del mediod\u00eda y se extender\u00e1 hasta la medianoche\u201d<\/em>.<\/p>\n<p>&nbsp; <\/p>\n<blockquote><p>\u201cPor este motivo, en ese lapso se paralizar\u00e1 el funcionamiento de la atenci\u00f3n comunal, con la excepci\u00f3n de los servicios de emergencias y urgencias que mantendr\u00e1n su actividad\u201d a partir del mediod\u00eda, explicit\u00f3 el STMO.<\/p><\/blockquote>\n<p>&nbsp; <\/p>\n<p><img data-recalc-dims=\"1\" loading=\"lazy\" decoding=\"async\" class=\"aligncenter wp-image-106984\" src=\"https:\/\/i0.wp.com\/cdnoticias.com\/wp-content\/uploads\/2024\/01\/CGT-olavarria-asamblea-00.jpg?resize=450%2C636&#038;ssl=1\" alt=\"\" width=\"450\" height=\"636\" srcset=\"https:\/\/i0.wp.com\/cdnoticias.com\/wp-content\/uploads\/2024\/01\/CGT-olavarria-asamblea-00.jpg?resize=724%2C1024&amp;ssl=1 724w, https:\/\/i0.wp.com\/cdnoticias.com\/wp-content\/uploads\/2024\/01\/CGT-olavarria-asamblea-00.jpg?resize=212%2C300&amp;ssl=1 212w, https:\/\/i0.wp.com\/cdnoticias.com\/wp-content\/uploads\/2024\/01\/CGT-olavarria-asamblea-00.jpg?resize=768%2C1086&amp;ssl=1 768w, https:\/\/i0.wp.com\/cdnoticias.com\/wp-content\/uploads\/2024\/01\/CGT-olavarria-asamblea-00.jpg?w=1000&amp;ssl=1 1000w\" sizes=\"auto, (max-width: 450px) 100vw, 450px\" \/><\/p>\n<p>&nbsp; <\/p>\n<p>Asimismo, la conducci\u00f3n del sindicato de municipales <strong>reiter\u00f3 su convocatoria a la manifestaci\u00f3n<\/strong> que se llevar\u00e1 adelante este mi\u00e9rcoles por la tarde.<\/p>\n<p>&nbsp; <\/p>\n<p>\u201cLa dirigencia del STMO convoca a <strong>todos los trabajadores y trabajadoras municipales a las 19 horas en el Paseo Jes\u00fas Mend\u00eda para sumarse a la manifestaci\u00f3n multisectorial<\/strong> en protesta contra las medidas que impulsa el Gobierno Nacional contra los derechos de todos los argentinos y argentinas, encabezada por los gremios que forman parte de la CGT Regional Olavarr\u00eda\u201d cerr\u00f3 el comunicado.<\/p>\n<p>&nbsp; <\/p>\n","protected":false},"excerpt":{"rendered":"<p>El STMO iniciar\u00e1 al mediod\u00eda la medida de fuerza. \u201cSe paralizar\u00e1 el funcionamiento de la atenci\u00f3n comunal, con la excepci\u00f3n<\/p>\n","protected":false},"author":4,"featured_media":107115,"comment_status":"closed","ping_status":"closed","sticky":false,"template":"","format":"standard","meta":{"_jetpack_memberships_contains_paid_content":false,"footnotes":""},"categories":[5,1],"tags":[],"class_list":["post-107338","post","type-post","status-publish","format-standard","has-post-thumbnail","hentry","category-informacion-general","category-portada"],"jetpack_featured_media_url":"https:\/\/i0.wp.com\/cdnoticias.com\/wp-content\/uploads\/2024\/01\/sindicato-de-municipales-STMO-1.jpg?fit=1200%2C668&ssl=1","jetpack_sharing_enabled":true,"_links":{"self":[{"href":"https:\/\/cdnoticias.com\/index.php\/wp-json\/wp\/v2\/posts\/107338","targetHints":{"allow":["GET"]}}],"collection":[{"href":"https:\/\/cdnoticias.com\/index.php\/wp-json\/wp\/v2\/posts"}],"about":[{"href":"https:\/\/cdnoticias.com\/index.php\/wp-json\/wp\/v2\/types\/post"}],"author":[{"embeddable":true,"href":"https:\/\/cdnoticias.com\/index.php\/wp-json\/wp\/v2\/users\/4"}],"replies":[{"embeddable":true,"href":"https:\/\/cdnoticias.com\/index.php\/wp-json\/wp\/v2\/comments?post=107338"}],"version-history":[{"count":0,"href":"https:\/\/cdnoticias.com\/index.php\/wp-json\/wp\/v2\/posts\/107338\/revisions"}],"wp:featuredmedia":[{"embeddable":true,"href":"https:\/\/cdnoticias.com\/index.php\/wp-json\/wp\/v2\/media\/107115"}],"wp:attachment":[{"href":"https:\/\/cdnoticias.com\/index.php\/wp-json\/wp\/v2\/media?parent=107338"}],"wp:term":[{"taxonomy":"category","embeddable":true,"href":"https:\/\/cdnoticias.com\/index.php\/wp-json\/wp\/v2\/categories?post=107338"},{"taxonomy":"post_tag","embeddable":true,"href":"https:\/\/cdnoticias.com\/index.php\/wp-json\/wp\/v2\/tags?post=107338"}],"curies":[{"name":"wp","href":"https:\/\/api.w.org\/{rel}","templated":true}]}}