{"id":107335,"date":"2024-01-23T11:50:34","date_gmt":"2024-01-23T14:50:34","guid":{"rendered":"https:\/\/cdnoticias.com\/?p=107335"},"modified":"2024-01-24T08:16:20","modified_gmt":"2024-01-24T11:16:20","slug":"cinco-heridos-en-el-vuelco-sobre-ruta-226-en-bolivar","status":"publish","type":"post","link":"https:\/\/cdnoticias.com\/index.php\/2024\/01\/23\/cinco-heridos-en-el-vuelco-sobre-ruta-226-en-bolivar\/","title":{"rendered":"Cinco heridos en el vuelco sobre ruta 226 en Bol\u00edvar"},"content":{"rendered":"<p>El conductor, oriundo de Olavarr\u00eda, y sus cuatro acompa\u00f1antes sufrieron lesiones de car\u00e1cter leve. Transitaban en una Renault Kangoo que volc\u00f3 a la altura del kil\u00f3metro 402.<!--more--><\/p>\n<hr \/>\n<p>Tal como se inform\u00f3, <a href=\"https:\/\/cdnoticias.com\/index.php\/2024\/01\/23\/bolivar-un-vehiculo-de-olavarria-volco-en-ruta-226\/\" target=\"_blank\" rel=\"noopener\">un siniestro vial se registr\u00f3 hacia las 6.40 de este martes<\/a> en el distrito de Bol\u00edvar donde <strong>un veh\u00edculo conducido por un olavarriense<\/strong> se vio involucrado.<\/p>\n<p>&nbsp; <\/p>\n<p>El hecho de tr\u00e1nsito ocurri\u00f3<strong> sobre la ruta nacional 226 a la altura del kil\u00f3metro 402.<\/strong><\/p>\n<p>&nbsp; <\/p>\n<p>Una <strong>Renault Kangoo<\/strong> volc\u00f3 en la banquina de la calzada y fue el \u00fanico veh\u00edculo que particip\u00f3 del siniestro.<\/p>\n<p>&nbsp; <\/p>\n<blockquote><p>El rodado era conducido por Mariano Roberto Messineo, domiciliado en Olavarr\u00eda. Adem\u00e1s, otras 4 personas viajaban como acompa\u00f1antes: Federico Mart\u00edn Linares, Ezequiel Maximiliano Mac\u00edas, Nicol\u00e1s Federico Gnocchini y Alessandro Maletta.<\/p><\/blockquote>\n<p>&nbsp; <\/p>\n<figure id=\"attachment_107306\" aria-describedby=\"caption-attachment-107306\" style=\"width: 1000px\" class=\"wp-caption aligncenter\"><img data-recalc-dims=\"1\" loading=\"lazy\" decoding=\"async\" class=\"wp-image-107306 size-full\" src=\"https:\/\/i0.wp.com\/cdnoticias.com\/wp-content\/uploads\/2024\/01\/vuelco-ruta-226-bolivar-FM10.jpg?resize=800%2C446&#038;ssl=1\" alt=\"\" width=\"800\" height=\"446\" srcset=\"https:\/\/i0.wp.com\/cdnoticias.com\/wp-content\/uploads\/2024\/01\/vuelco-ruta-226-bolivar-FM10.jpg?w=1000&amp;ssl=1 1000w, https:\/\/i0.wp.com\/cdnoticias.com\/wp-content\/uploads\/2024\/01\/vuelco-ruta-226-bolivar-FM10.jpg?resize=300%2C167&amp;ssl=1 300w, https:\/\/i0.wp.com\/cdnoticias.com\/wp-content\/uploads\/2024\/01\/vuelco-ruta-226-bolivar-FM10.jpg?resize=768%2C428&amp;ssl=1 768w, https:\/\/i0.wp.com\/cdnoticias.com\/wp-content\/uploads\/2024\/01\/vuelco-ruta-226-bolivar-FM10.jpg?resize=800%2C445&amp;ssl=1 800w\" sizes=\"auto, (max-width: 800px) 100vw, 800px\" \/><figcaption id=\"caption-attachment-107306\" class=\"wp-caption-text\"><em>Foto: FM 10<\/em><\/figcaption><\/figure>\n<p>&nbsp; <\/p>\n<p>Seg\u00fan se inform\u00f3 en Diario La Ma\u00f1ana,<strong> los cinco individuos fueron derivados en ambulancia del SAME al hospital local<\/strong> &#8220;Miguel Capredoni&#8221; de Bol\u00edvar. Se estableci\u00f3 que<strong> sufrieron lesiones de car\u00e1cter leve.<\/strong><\/p>\n<p>&nbsp; <\/p>\n<p>Intervinieron en el caso <em>Defensa Civil, Seguridad Vial, Polic\u00eda local y Bomberos Voluntarios.<\/em><\/p>\n<p>&nbsp; <\/p>\n<p>Fuente y foto de tapa: <em>Diario La Ma\u00f1ana<\/em><\/p>\n<p>&nbsp; <\/p>\n","protected":false},"excerpt":{"rendered":"<p>El conductor, oriundo de Olavarr\u00eda, y sus cuatro acompa\u00f1antes sufrieron lesiones de car\u00e1cter leve. Transitaban en una Renault Kangoo que<\/p>\n","protected":false},"author":4,"featured_media":107336,"comment_status":"closed","ping_status":"closed","sticky":false,"template":"","format":"standard","meta":{"_jetpack_memberships_contains_paid_content":false,"footnotes":""},"categories":[14,1],"tags":[],"class_list":["post-107335","post","type-post","status-publish","format-standard","has-post-thumbnail","hentry","category-policiales","category-portada"],"jetpack_featured_media_url":"https:\/\/i0.wp.com\/cdnoticias.com\/wp-content\/uploads\/2024\/01\/vuelco-ruta-226-diario-la-manana.jpg?fit=1000%2C557&ssl=1","jetpack_sharing_enabled":true,"_links":{"self":[{"href":"https:\/\/cdnoticias.com\/index.php\/wp-json\/wp\/v2\/posts\/107335","targetHints":{"allow":["GET"]}}],"collection":[{"href":"https:\/\/cdnoticias.com\/index.php\/wp-json\/wp\/v2\/posts"}],"about":[{"href":"https:\/\/cdnoticias.com\/index.php\/wp-json\/wp\/v2\/types\/post"}],"author":[{"embeddable":true,"href":"https:\/\/cdnoticias.com\/index.php\/wp-json\/wp\/v2\/users\/4"}],"replies":[{"embeddable":true,"href":"https:\/\/cdnoticias.com\/index.php\/wp-json\/wp\/v2\/comments?post=107335"}],"version-history":[{"count":0,"href":"https:\/\/cdnoticias.com\/index.php\/wp-json\/wp\/v2\/posts\/107335\/revisions"}],"wp:featuredmedia":[{"embeddable":true,"href":"https:\/\/cdnoticias.com\/index.php\/wp-json\/wp\/v2\/media\/107336"}],"wp:attachment":[{"href":"https:\/\/cdnoticias.com\/index.php\/wp-json\/wp\/v2\/media?parent=107335"}],"wp:term":[{"taxonomy":"category","embeddable":true,"href":"https:\/\/cdnoticias.com\/index.php\/wp-json\/wp\/v2\/categories?post=107335"},{"taxonomy":"post_tag","embeddable":true,"href":"https:\/\/cdnoticias.com\/index.php\/wp-json\/wp\/v2\/tags?post=107335"}],"curies":[{"name":"wp","href":"https:\/\/api.w.org\/{rel}","templated":true}]}}