{"id":10733,"date":"2021-01-06T12:45:17","date_gmt":"2021-01-06T15:45:17","guid":{"rendered":"http:\/\/www.centraldenoticias.com.ar\/?p=10733"},"modified":"2021-01-06T12:46:46","modified_gmt":"2021-01-06T15:46:46","slug":"en-azul-ya-se-aplican-las-vacunas-y-se-restringio-la-circulacion-nocturna","status":"publish","type":"post","link":"https:\/\/cdnoticias.com\/index.php\/2021\/01\/06\/en-azul-ya-se-aplican-las-vacunas-y-se-restringio-la-circulacion-nocturna\/","title":{"rendered":"Pandemia: en Azul ya se aplican las vacunas y se restringi\u00f3 la circulaci\u00f3n nocturna"},"content":{"rendered":"<p>El impacto de la pandemia en la vecina localidad no cesa: \u201cse evidencia una suba de casos de Covid-19\u201d dijo el intendente Bertellys. Paralelamente, comenz\u00f3 la vacunaci\u00f3n en el Hospital Materno Infantil.<!--more--><\/p>\n<hr \/>\n<p><strong>El martes comenz\u00f3 la vacunaci\u00f3n contra el Covid-19<\/strong> para el personal de salud en la localidad de Azul. Al mismo tiempo, <strong>el Municipio decidi\u00f3 restringir la circulaci\u00f3n en horario nocturno<\/strong> en base a los estudios de los contagios que, principalmente, se dan en j\u00f3venes.<\/p>\n<p>El <strong>director del Hospital Materno Infantil, N\u00e9stor Couste<\/strong>, y el <strong>director de Regi\u00f3n Sanitaria IX, Ramiro Borzi<\/strong>, brindaron una conferencia en la que hablaron de la log\u00edstica de la campa\u00f1a de vacunaci\u00f3n. El lunes por la noche hab\u00edan llegado las 450 dosis de la vacuna Sputnik V. En la primera etapa llegar\u00e1 a los trabajadores de la salud que estuvieron m\u00e1s expuestos durante los meses que van de pandemia: <strong>trabajadores de las terapias intensivas y de los laboratorios<\/strong>.<\/p>\n<p>En ese sentido Couste afirm\u00f3 que una vez que se haya cubierto a estos trabajadores de la salud y sus auxiliares, se ir\u00e1 progresando con la campa\u00f1a hasta alcanzar a otros sectores de la poblaci\u00f3n.<\/p>\n<p>El director del Hospital azule\u00f1o se\u00f1al\u00f3 que durante diciembre la instituci\u00f3n organiz\u00f3 la log\u00edstica: \u201ccont\u00e1bamos con un freezer, en este caso hac\u00eda falta uno que fuera exclusivo para la vacunaci\u00f3n Covid\u201d dijo.<\/p>\n<p><img data-recalc-dims=\"1\" loading=\"lazy\" decoding=\"async\" class=\"aligncenter wp-image-10739\" src=\"https:\/\/i0.wp.com\/cdnoticias.com\/wp-content\/uploads\/2021\/01\/couste-borzi.jpg?resize=800%2C533&#038;ssl=1\" alt=\"\" width=\"800\" height=\"533\" srcset=\"https:\/\/i0.wp.com\/cdnoticias.com\/wp-content\/uploads\/2021\/01\/couste-borzi.jpg?resize=300%2C200&amp;ssl=1 300w, https:\/\/i0.wp.com\/cdnoticias.com\/wp-content\/uploads\/2021\/01\/couste-borzi.jpg?resize=768%2C511&amp;ssl=1 768w, https:\/\/i0.wp.com\/cdnoticias.com\/wp-content\/uploads\/2021\/01\/couste-borzi.jpg?resize=272%2C182&amp;ssl=1 272w, https:\/\/i0.wp.com\/cdnoticias.com\/wp-content\/uploads\/2021\/01\/couste-borzi.jpg?w=910&amp;ssl=1 910w\" sizes=\"auto, (max-width: 800px) 100vw, 800px\" \/><\/p>\n<p>En tanto,<strong> el titular de la Regi\u00f3n Sanitaria IX expres\u00f3 su satisfacci\u00f3n<\/strong> por el pasaje de la <a href=\"https:\/\/cdnoticias.com\/index.php\/2020\/12\/30\/queja-de-azul-porque-no-recibieron-las-vacunas-contra-el-covid\/\" target=\"_blank\" rel=\"noopener\">pol\u00e9mica de la semana pasada<\/a>, a la acci\u00f3n sanitaria que va a permitir que Azul empiece a \u201ccambiar de vereda\u201d.<\/p>\n<p>Se consult\u00f3 a Borzi sobre si hab\u00eda posibilidades que <a href=\"https:\/\/cdnoticias.com\/index.php\/2021\/01\/04\/por-la-perdida-de-la-cadena-de-frio-debieron-tirar-todas-las-vacunas-contra-el-coronavirus\/\" target=\"_blank\" rel=\"noopener\">ante lo sucedido en Olavarr\u00eda<\/a> <strong>el personal de salud de nuestra ciudad pueda ser vacunado en Azul<\/strong>.<\/p>\n<blockquote><p>\u201cHay posibilidades\u201d dijo al tiempo que aclar\u00f3 que \u201cpor supuesto que ac\u00e1 se va a priorizar al personal de salud de Azul, pero tambi\u00e9n entendemos que la regi\u00f3n sanitaria es una red y que muchas veces hay un ida y vuelta en salud. De hecho con el tema de <a href=\"https:\/\/cdnoticias.com\/index.php\/2020\/12\/23\/un-nino-debio-ser-trasladado-desde-azul-a-olavarria-por-un-paro-de-anestesistas\/\" target=\"_blank\" rel=\"noopener\">los anestesi\u00f3logos<\/a>, hubo derivaciones a Olavarr\u00eda y ese mismo personal es el que cuida al azule\u00f1o y tiene que estar inmunizado y debemos ver c\u00f3mo se coordina\u201d respondi\u00f3.<\/p><\/blockquote>\n<p>A su vez, <strong>el titular de la Regi\u00f3n IX explic\u00f3 porqu\u00e9 todos los distritos reciben el mismo n\u00famero de vacunas (450)<\/strong>, sin depender de su densidad de poblaci\u00f3n o de la cantidad de personal de salud. Apunt\u00f3 a que est\u00e1 relacionado con el envasado de las vacunas. \u201cSabemos por ejemplo la poblaci\u00f3n que tiene Olavarr\u00eda y la que tiene Tapalqu\u00e9 y si nosotros no funcionamos en red tenemos una mirada muy acotada y esto dura todo el a\u00f1o, tenemos que cuidar a nuestro personal de salud sea de la ciudad que sea, sin descuidar al propio\u201d.<\/p>\n<p><strong>Restricci\u00f3n de circulaci\u00f3n<\/strong><\/p>\n<p>Tras el anuncio oficial del <a href=\"https:\/\/cdnoticias.com\/index.php\/2021\/01\/05\/kicillof-advirtio-sobre-un-crecimiento-marcado-y-muy-acelerado-de-casos\/\" target=\"_blank\" rel=\"noopener\">sistema de fases provincial<\/a>, las autoridades azule\u00f1as comunicaron que <strong>desde el martes se restringi\u00f3 la circulaci\u00f3n entre las 2 y las 6 de la ma\u00f1ana, con la \u00fanica excepci\u00f3n del personal esencial<\/strong>. La definici\u00f3n municipal se enmarc\u00f3 en el an\u00e1lisis de los contagios por \u201cfiestas clandestinas\u201d.<\/p>\n<p>El intendente Hern\u00e1n Bertellys y funcionarios comunales <strong>se reunieron de manera virtual con el gobernador de la Provincia, Axel Kicillof<\/strong>, y su equipo de trabajo.<\/p>\n<p><img data-recalc-dims=\"1\" loading=\"lazy\" decoding=\"async\" class=\"aligncenter wp-image-10741\" src=\"https:\/\/i0.wp.com\/cdnoticias.com\/wp-content\/uploads\/2021\/01\/bertellys-kicillof-1609883097.jpg?resize=800%2C450&#038;ssl=1\" alt=\"\" width=\"800\" height=\"450\" srcset=\"https:\/\/i0.wp.com\/cdnoticias.com\/wp-content\/uploads\/2021\/01\/bertellys-kicillof-1609883097.jpg?resize=300%2C169&amp;ssl=1 300w, https:\/\/i0.wp.com\/cdnoticias.com\/wp-content\/uploads\/2021\/01\/bertellys-kicillof-1609883097.jpg?resize=768%2C432&amp;ssl=1 768w, https:\/\/i0.wp.com\/cdnoticias.com\/wp-content\/uploads\/2021\/01\/bertellys-kicillof-1609883097.jpg?w=948&amp;ssl=1 948w\" sizes=\"auto, (max-width: 800px) 100vw, 800px\" \/><\/p>\n<p>El mandatario provincial afirm\u00f3 que \u201cse est\u00e1 viendo un crecimiento muy acelerado de los casos\u201d y remarc\u00f3 la necesidad de continuar con los cuidados as\u00ed como reducir lo m\u00e1s posible los contactos para lograr que los contagios bajen.<\/p>\n<blockquote><p>En ese marco, Bertellys expres\u00f3 que \u201cen Azul se evidencia una suba de casos de Covid-19 que comenz\u00f3 a hacerse visible los \u00faltimos d\u00edas del 2020. Los resultados de los \u00faltimos hisopados realizados indican que j\u00f3venes de entre 15 y 29 a\u00f1os conforman la franja etaria que m\u00e1s creci\u00f3 en contagios durante los \u00faltimos 15 d\u00edas\u201d.<\/p><\/blockquote>\n<p>El jefe comunal a\u00f1adi\u00f3 que \u201cdel an\u00e1lisis de las rutas epidemiol\u00f3gicas realizadas, concluimos que <strong>el contagio de los j\u00f3venes proviene del contacto estrecho entre pares<\/strong>, mientras que los adultos que en los \u00faltimos d\u00edas devienen positivos es por contacto estrecho con hijos y\/o nietos. <strong>Se entiende que este aumento en los contagios tiene correlaci\u00f3n directa con la realizaci\u00f3n y participaci\u00f3n de fiestas clandestinas<\/strong>\u201d.<\/p>\n<p>Al respecto, enfatiz\u00f3 que \u201cestos datos nos alertan y presuponen un rebrote, poniendo en riesgo a los adultos mayores quienes son los m\u00e1s vulnerables ante el contagio\u201d.<\/p>\n<p><em>Fuente y fotos: El Tiempo<\/em><\/p>\n","protected":false},"excerpt":{"rendered":"<p>El impacto de la pandemia en la vecina localidad no cesa: \u201cse evidencia una suba de casos de Covid-19\u201d dijo<\/p>\n","protected":false},"author":4,"featured_media":10740,"comment_status":"closed","ping_status":"closed","sticky":false,"template":"","format":"standard","meta":{"_jetpack_memberships_contains_paid_content":false,"footnotes":""},"categories":[6,1],"tags":[],"class_list":["post-10733","post","type-post","status-publish","format-standard","has-post-thumbnail","hentry","category-nacionales","category-portada"],"jetpack_featured_media_url":"https:\/\/i0.wp.com\/cdnoticias.com\/wp-content\/uploads\/2021\/01\/vacunacion-azul-1609929456.jpg?fit=948%2C533&ssl=1","jetpack_sharing_enabled":true,"_links":{"self":[{"href":"https:\/\/cdnoticias.com\/index.php\/wp-json\/wp\/v2\/posts\/10733","targetHints":{"allow":["GET"]}}],"collection":[{"href":"https:\/\/cdnoticias.com\/index.php\/wp-json\/wp\/v2\/posts"}],"about":[{"href":"https:\/\/cdnoticias.com\/index.php\/wp-json\/wp\/v2\/types\/post"}],"author":[{"embeddable":true,"href":"https:\/\/cdnoticias.com\/index.php\/wp-json\/wp\/v2\/users\/4"}],"replies":[{"embeddable":true,"href":"https:\/\/cdnoticias.com\/index.php\/wp-json\/wp\/v2\/comments?post=10733"}],"version-history":[{"count":0,"href":"https:\/\/cdnoticias.com\/index.php\/wp-json\/wp\/v2\/posts\/10733\/revisions"}],"wp:featuredmedia":[{"embeddable":true,"href":"https:\/\/cdnoticias.com\/index.php\/wp-json\/wp\/v2\/media\/10740"}],"wp:attachment":[{"href":"https:\/\/cdnoticias.com\/index.php\/wp-json\/wp\/v2\/media?parent=10733"}],"wp:term":[{"taxonomy":"category","embeddable":true,"href":"https:\/\/cdnoticias.com\/index.php\/wp-json\/wp\/v2\/categories?post=10733"},{"taxonomy":"post_tag","embeddable":true,"href":"https:\/\/cdnoticias.com\/index.php\/wp-json\/wp\/v2\/tags?post=10733"}],"curies":[{"name":"wp","href":"https:\/\/api.w.org\/{rel}","templated":true}]}}