{"id":107328,"date":"2024-01-23T13:25:04","date_gmt":"2024-01-23T16:25:04","guid":{"rendered":"https:\/\/cdnoticias.com\/?p=107328"},"modified":"2024-01-23T13:25:06","modified_gmt":"2024-01-23T16:25:06","slug":"una-mujer-y-un-hombre-aprehendidos-por-incumplir-prohibicion-de-acercamiento","status":"publish","type":"post","link":"https:\/\/cdnoticias.com\/index.php\/2024\/01\/23\/una-mujer-y-un-hombre-aprehendidos-por-incumplir-prohibicion-de-acercamiento\/","title":{"rendered":"Una mujer y un hombre aprehendidos por incumplir prohibici\u00f3n de acercamiento"},"content":{"rendered":"<p>La mujer fue arrestada en Olavarr\u00eda y el hombre, en Loma Negra. Fueron acusados por \u201cdesobediencia\u201d. Las \u00f3rdenes hab\u00edan sido emitidas por el Juzgado de Familia N\u00ba 1 de Olavarr\u00eda.<\/p>\n<p><!--more--><\/p>\n<hr \/>\n<p><strong>Dos personas fueron aprehendidas<\/strong> por<strong> incumplimientos de medidas de exclusi\u00f3n perimetral<\/strong> emitidos por el<strong> Juzgado de Familia N\u00ba 1 de Olavarr\u00eda.<\/strong><\/p>\n<p>&nbsp; <\/p>\n<p>En <strong>Saavedra al 1900 de Olavarr\u00eda<\/strong> fue arrestada una <strong>mujer de 35 a\u00f1os<\/strong> este lunes. Se estableci\u00f3 que pesaba en su contra una <strong>\u201cprohibici\u00f3n de acercamiento\u201d para con su ex pareja<\/strong>.<\/p>\n<p>&nbsp; <\/p>\n<p>La medida cautelar fue emitida en una causa de \u201cprotecci\u00f3n contra la violencia familiar\u201d. La aprehendida qued\u00f3 a disposici\u00f3n del Juzgado de Intervenci\u00f3n.<\/p>\n<p>&nbsp; <\/p>\n<p>En tanto, <strong>en Loma Negra<\/strong>, un <strong>hombre de 28 a\u00f1os<\/strong> qued\u00f3 aprehendido en<strong> La Galera al 8700<\/strong> el s\u00e1bado.<\/p>\n<p>&nbsp; <\/p>\n<p>De igual manera, se determin\u00f3 que se hab\u00eda emitido en su contra una<strong> \u201cprohibici\u00f3n de acercamiento con per\u00edmetro de exclusi\u00f3n de 200 metros a la redonda\u201d para con una mujer de 29 a\u00f1os<\/strong>, v\u00edctima del caso.<\/p>\n<p>&nbsp; <\/p>\n<p>Se aclar\u00f3 que <strong>el lugar del arresto es el domicilio de la mujer<\/strong>.<\/p>\n<p>&nbsp; <\/p>\n<p>En ambos casos se iniciaron actuaciones por <strong>\u201cdesobediencia\u201d<\/strong> en contra de sendos acusados con intervenci\u00f3n de la UFI N\u00ba 5 a cargo de la fiscal subrogante Mariela Viceconte.<\/p>\n<p>&nbsp; <\/p>\n<h2>Atenci\u00f3n, contenci\u00f3n y asesoramiento en situaciones de violencia de g\u00e9nero<\/h2>\n<p>&nbsp; <\/p>\n<p><em>Si sos v\u00edctima o conoces alguien que est\u00e9 sufriendo violencia de g\u00e9nero comun\u00edcate al 144.<\/em><br \/>\n<em>Olavarr\u00eda cuenta con la Direcci\u00f3n de Pol\u00edticas de G\u00e9nero, San Mart\u00edn N\u00b01106 de lunes a viernes de 8 a 18 o mediante los tel\u00e9fonos 02284 417400 o el celular de guardia: 02284 \u2013 15672508.<\/em><br \/>\n<em>A la par, tambi\u00e9n te pod\u00e9s acercar a la Comisar\u00eda De la Mujer y la Familia en 9 de Julio 2652 o al tel\u00e9fono 2284 480100; o la sede judicial local, en Rufino Fal 2943, tel\u00e9fono 2284 423427.<\/em><\/p>\n<p>&nbsp; <\/p>\n","protected":false},"excerpt":{"rendered":"<p>La mujer fue arrestada en Olavarr\u00eda y el hombre, en Loma Negra. Fueron acusados por \u201cdesobediencia\u201d. Las \u00f3rdenes hab\u00edan sido<\/p>\n","protected":false},"author":4,"featured_media":107329,"comment_status":"closed","ping_status":"closed","sticky":false,"template":"","format":"standard","meta":{"_jetpack_memberships_contains_paid_content":false,"footnotes":""},"categories":[14],"tags":[],"class_list":["post-107328","post","type-post","status-publish","format-standard","has-post-thumbnail","hentry","category-policiales"],"jetpack_featured_media_url":"https:\/\/i0.wp.com\/cdnoticias.com\/wp-content\/uploads\/2024\/01\/desobediencia-olavarria-loma-negra.jpg?fit=800%2C445&ssl=1","jetpack_sharing_enabled":true,"_links":{"self":[{"href":"https:\/\/cdnoticias.com\/index.php\/wp-json\/wp\/v2\/posts\/107328","targetHints":{"allow":["GET"]}}],"collection":[{"href":"https:\/\/cdnoticias.com\/index.php\/wp-json\/wp\/v2\/posts"}],"about":[{"href":"https:\/\/cdnoticias.com\/index.php\/wp-json\/wp\/v2\/types\/post"}],"author":[{"embeddable":true,"href":"https:\/\/cdnoticias.com\/index.php\/wp-json\/wp\/v2\/users\/4"}],"replies":[{"embeddable":true,"href":"https:\/\/cdnoticias.com\/index.php\/wp-json\/wp\/v2\/comments?post=107328"}],"version-history":[{"count":0,"href":"https:\/\/cdnoticias.com\/index.php\/wp-json\/wp\/v2\/posts\/107328\/revisions"}],"wp:featuredmedia":[{"embeddable":true,"href":"https:\/\/cdnoticias.com\/index.php\/wp-json\/wp\/v2\/media\/107329"}],"wp:attachment":[{"href":"https:\/\/cdnoticias.com\/index.php\/wp-json\/wp\/v2\/media?parent=107328"}],"wp:term":[{"taxonomy":"category","embeddable":true,"href":"https:\/\/cdnoticias.com\/index.php\/wp-json\/wp\/v2\/categories?post=107328"},{"taxonomy":"post_tag","embeddable":true,"href":"https:\/\/cdnoticias.com\/index.php\/wp-json\/wp\/v2\/tags?post=107328"}],"curies":[{"name":"wp","href":"https:\/\/api.w.org\/{rel}","templated":true}]}}