{"id":107321,"date":"2024-01-23T10:31:34","date_gmt":"2024-01-23T13:31:34","guid":{"rendered":"https:\/\/cdnoticias.com\/?p=107321"},"modified":"2024-01-23T10:34:09","modified_gmt":"2024-01-23T13:34:09","slug":"dos-adolescentes-acusados-de-intentar-robar-en-un-auto","status":"publish","type":"post","link":"https:\/\/cdnoticias.com\/index.php\/2024\/01\/23\/dos-adolescentes-acusados-de-intentar-robar-en-un-auto\/","title":{"rendered":"Dos adolescentes acusados de intentar robar en un auto"},"content":{"rendered":"<p>El veh\u00edculo, un VW Golf, estaba estacionado en General Paz al 1400. Los sospechosos fueron aprehendidos.<\/p>\n<p><!--more--><\/p>\n<hr \/>\n<p>Un<strong> intento de robo<\/strong> se registr\u00f3 en <strong>barrio El Provincial<\/strong> donde <strong>dos adolescentes fueron aprehendidos<\/strong>.<\/p>\n<p>Intervino personal policial del <strong>Comando de Patrullas<\/strong> en<strong> General Paz al 1400<\/strong> que arrest\u00f3 a los<strong> acusados, de 15 y 19 a\u00f1os<\/strong>, quienes<strong> hab\u00edan intentado hurtar la bater\u00eda de un veh\u00edculo VW Golf que estaba estacionado en la v\u00eda p\u00fablica.<\/strong><\/p>\n<p>Se detall\u00f3 que respecto del <strong>menor de edad fue entregado a un mayor responsable<\/strong>, mientras que el<strong> joven de 19 a\u00f1os qued\u00f3 alojado en la sede de la Comisar\u00eda Primera de Olavarr\u00eda<\/strong> a disposici\u00f3n del Juzgado intervenci\u00f3n.<\/p>\n<p>Las actuaciones se llevan adelante por <strong>\u201ctentativa de hurto\u201d<\/strong> con intervenci\u00f3n de la <strong>UFI N\u00ba 17 de Azul especializada en el Fuero Penal Juvenil.<\/strong><\/p>\n","protected":false},"excerpt":{"rendered":"<p>El veh\u00edculo, un VW Golf, estaba estacionado en General Paz al 1400. Los sospechosos fueron aprehendidos.<\/p>\n","protected":false},"author":4,"featured_media":107322,"comment_status":"closed","ping_status":"closed","sticky":false,"template":"","format":"standard","meta":{"_jetpack_memberships_contains_paid_content":false,"footnotes":""},"categories":[14,1],"tags":[],"class_list":["post-107321","post","type-post","status-publish","format-standard","has-post-thumbnail","hentry","category-policiales","category-portada"],"jetpack_featured_media_url":"https:\/\/i0.wp.com\/cdnoticias.com\/wp-content\/uploads\/2024\/01\/general-paz-1400-intento-de-robo.jpg?fit=800%2C444&ssl=1","jetpack_sharing_enabled":true,"_links":{"self":[{"href":"https:\/\/cdnoticias.com\/index.php\/wp-json\/wp\/v2\/posts\/107321","targetHints":{"allow":["GET"]}}],"collection":[{"href":"https:\/\/cdnoticias.com\/index.php\/wp-json\/wp\/v2\/posts"}],"about":[{"href":"https:\/\/cdnoticias.com\/index.php\/wp-json\/wp\/v2\/types\/post"}],"author":[{"embeddable":true,"href":"https:\/\/cdnoticias.com\/index.php\/wp-json\/wp\/v2\/users\/4"}],"replies":[{"embeddable":true,"href":"https:\/\/cdnoticias.com\/index.php\/wp-json\/wp\/v2\/comments?post=107321"}],"version-history":[{"count":0,"href":"https:\/\/cdnoticias.com\/index.php\/wp-json\/wp\/v2\/posts\/107321\/revisions"}],"wp:featuredmedia":[{"embeddable":true,"href":"https:\/\/cdnoticias.com\/index.php\/wp-json\/wp\/v2\/media\/107322"}],"wp:attachment":[{"href":"https:\/\/cdnoticias.com\/index.php\/wp-json\/wp\/v2\/media?parent=107321"}],"wp:term":[{"taxonomy":"category","embeddable":true,"href":"https:\/\/cdnoticias.com\/index.php\/wp-json\/wp\/v2\/categories?post=107321"},{"taxonomy":"post_tag","embeddable":true,"href":"https:\/\/cdnoticias.com\/index.php\/wp-json\/wp\/v2\/tags?post=107321"}],"curies":[{"name":"wp","href":"https:\/\/api.w.org\/{rel}","templated":true}]}}