{"id":107317,"date":"2024-01-23T11:15:49","date_gmt":"2024-01-23T14:15:49","guid":{"rendered":"https:\/\/cdnoticias.com\/?p=107317"},"modified":"2024-01-23T12:22:25","modified_gmt":"2024-01-23T15:22:25","slug":"paro-general-el-transporte-interurbano-funcionara-hasta-las-17","status":"publish","type":"post","link":"https:\/\/cdnoticias.com\/index.php\/2024\/01\/23\/paro-general-el-transporte-interurbano-funcionara-hasta-las-17\/","title":{"rendered":"Paro general: el transporte interurbano funcionar\u00e1 hasta las 17"},"content":{"rendered":"\n<p>El regreso a las 18 desde las localidades ser\u00e1 el \u00faltimo servicio del mi\u00e9rcoles 24.&nbsp; Lo confirm\u00f3 Jorge Pad\u00edn, delegado de UTA local en la empresa Las Sierras.<\/p>\n\n\n\n<hr class=\"wp-block-separator aligncenter has-alpha-channel-opacity is-style-wide\"\/>\n\n\n\n<p>En el marco del paro general convocado por la CGT, <strong>este mi\u00e9rcoles el servicio de transporte p\u00fablico interurbano dejar\u00e1 de funcionar a partir de las 17<\/strong> en Olavarr\u00eda. Los \u00faltimos colectivos que circular\u00e1n ser\u00e1n los que regresen de las localidades a la ciudad, a las 18.<\/p>\n\n\n\n<blockquote class=\"wp-block-quote is-layout-flow wp-block-quote-is-layout-flow\">\n<p><strong>Jorge Pad\u00edn<\/strong>, delegado en Olavarr\u00eda de la Uni\u00f3n Tranviarios Automotor en la empresa Las Sierras SRL, confirm\u00f3 que se sumar\u00e1n al paro general del 24 de enero.<\/p>\n<\/blockquote>\n\n\n\n<p>De la misma forma,<a href=\"https:\/\/cdnoticias.com\/index.php\/2024\/01\/22\/paro-24e-el-transporte-publico-funcionara-hasta-las-19\/\" target=\"_blank\" rel=\"noreferrer noopener\"> el servicio urbano tambi\u00e9n cesar\u00e1<\/a> y <strong>a partir de las 19 no transitar\u00e1n m\u00e1s colectivos de la empresa Tu Bus.<\/strong><\/p>\n","protected":false},"excerpt":{"rendered":"<p>El regreso a las 18 desde las localidades ser\u00e1 el \u00faltimo servicio del mi\u00e9rcoles 24.&nbsp; Lo confirm\u00f3 Jorge Pad\u00edn, delegado<\/p>\n","protected":false},"author":2,"featured_media":85719,"comment_status":"closed","ping_status":"closed","sticky":false,"template":"","format":"standard","meta":{"_jetpack_memberships_contains_paid_content":false,"footnotes":""},"categories":[5,1],"tags":[],"class_list":["post-107317","post","type-post","status-publish","format-standard","has-post-thumbnail","hentry","category-informacion-general","category-portada"],"jetpack_featured_media_url":"https:\/\/i0.wp.com\/cdnoticias.com\/wp-content\/uploads\/2023\/05\/colectivo-las-sierras-interurbano-0.jpg?fit=800%2C445&ssl=1","jetpack_sharing_enabled":true,"_links":{"self":[{"href":"https:\/\/cdnoticias.com\/index.php\/wp-json\/wp\/v2\/posts\/107317","targetHints":{"allow":["GET"]}}],"collection":[{"href":"https:\/\/cdnoticias.com\/index.php\/wp-json\/wp\/v2\/posts"}],"about":[{"href":"https:\/\/cdnoticias.com\/index.php\/wp-json\/wp\/v2\/types\/post"}],"author":[{"embeddable":true,"href":"https:\/\/cdnoticias.com\/index.php\/wp-json\/wp\/v2\/users\/2"}],"replies":[{"embeddable":true,"href":"https:\/\/cdnoticias.com\/index.php\/wp-json\/wp\/v2\/comments?post=107317"}],"version-history":[{"count":0,"href":"https:\/\/cdnoticias.com\/index.php\/wp-json\/wp\/v2\/posts\/107317\/revisions"}],"wp:featuredmedia":[{"embeddable":true,"href":"https:\/\/cdnoticias.com\/index.php\/wp-json\/wp\/v2\/media\/85719"}],"wp:attachment":[{"href":"https:\/\/cdnoticias.com\/index.php\/wp-json\/wp\/v2\/media?parent=107317"}],"wp:term":[{"taxonomy":"category","embeddable":true,"href":"https:\/\/cdnoticias.com\/index.php\/wp-json\/wp\/v2\/categories?post=107317"},{"taxonomy":"post_tag","embeddable":true,"href":"https:\/\/cdnoticias.com\/index.php\/wp-json\/wp\/v2\/tags?post=107317"}],"curies":[{"name":"wp","href":"https:\/\/api.w.org\/{rel}","templated":true}]}}