{"id":107300,"date":"2024-01-22T20:15:35","date_gmt":"2024-01-22T23:15:35","guid":{"rendered":"https:\/\/cdnoticias.com\/?p=107300"},"modified":"2024-01-23T09:18:54","modified_gmt":"2024-01-23T12:18:54","slug":"paro-24e-el-transporte-publico-funcionara-hasta-las-19","status":"publish","type":"post","link":"https:\/\/cdnoticias.com\/index.php\/2024\/01\/22\/paro-24e-el-transporte-publico-funcionara-hasta-las-19\/","title":{"rendered":"Paro 24E: el transporte p\u00fablico funcionar\u00e1 hasta las 19"},"content":{"rendered":"<p>As\u00ed fue acordado por la Uni\u00f3n Tranviarios Automotor (UTA) en el marco del paro general convocado por la CGT. En Olavarr\u00eda se manifest\u00f3 la adhesi\u00f3n a la medida, aunque indicaron que \u201cse espera el comunicado de la seccional\u201d.<!--more--><\/p>\n<hr \/>\n<p>A partir de las <strong>19:00 del mi\u00e9rcoles 24 y hasta las 00:00 del d\u00eda siguiente<\/strong> cesar\u00e1 el servicio de colectivos en el marco del paro general convocado por la CGT. <strong>En Olavarr\u00eda, se comunic\u00f3 la adhesi\u00f3n a la medida tanto del servicio urbano como del interurbano, aunque se aclar\u00f3 que \u201cesperan el comunicado de la seccional\u201d.<\/strong><\/p>\n<p>&#8220;La Uni\u00f3n Tranviarios Automotor pone en conocimiento que, a pedido de la CGT, el d\u00eda 24\/01\/2024 cumplir\u00e1 con los servicios normales hasta las 19. Luego se acoplar\u00e1 a la medida de fuerza, a nivel nacional, hasta las 0:00&#8221;, inform\u00f3 el gremio que lidera Roberto Fern\u00e1ndez en un comunicado.<\/p>\n<p><img data-recalc-dims=\"1\" loading=\"lazy\" decoding=\"async\" class=\"alignnone size-large wp-image-107301\" src=\"https:\/\/i0.wp.com\/cdnoticias.com\/wp-content\/uploads\/2024\/01\/uta-paro24.jpg?resize=800%2C445&#038;ssl=1\" alt=\"\" width=\"800\" height=\"445\" srcset=\"https:\/\/i0.wp.com\/cdnoticias.com\/wp-content\/uploads\/2024\/01\/uta-paro24.jpg?resize=1024%2C569&amp;ssl=1 1024w, https:\/\/i0.wp.com\/cdnoticias.com\/wp-content\/uploads\/2024\/01\/uta-paro24.jpg?resize=300%2C167&amp;ssl=1 300w, https:\/\/i0.wp.com\/cdnoticias.com\/wp-content\/uploads\/2024\/01\/uta-paro24.jpg?resize=768%2C427&amp;ssl=1 768w, https:\/\/i0.wp.com\/cdnoticias.com\/wp-content\/uploads\/2024\/01\/uta-paro24.jpg?resize=800%2C445&amp;ssl=1 800w, https:\/\/i0.wp.com\/cdnoticias.com\/wp-content\/uploads\/2024\/01\/uta-paro24.jpg?w=1101&amp;ssl=1 1101w\" sizes=\"auto, (max-width: 800px) 100vw, 800px\" \/><\/p>\n<p>La Uni\u00f3n Tranviarios Automotor comunic\u00f3 su adhesi\u00f3n a la movilizaci\u00f3n que impulsa la CGT <strong>contra el DNU y ley \u00f3mnibus del Gobierno.<\/strong> De esta forma, los colectivos funcionar\u00e1n con normalidad hasta las 19:00 y no habr\u00e1 servicios desde esa hora y hasta la medianoche.<\/p>\n<p>En nuestra ciudad las actividades del pr\u00f3ximo mi\u00e9rcoles se<strong> concentrar\u00e1n en el Paseo Mend\u00eda a partir de las 19.<\/strong><\/p>\n<blockquote class=\"wp-embedded-content\" data-secret=\"Y0lDrwe2Q3\"><p><a href=\"https:\/\/cdnoticias.com\/index.php\/2024\/01\/18\/la-cgt-olavarria-convoco-a-referentes-de-organizaciones-y-vecinos-de-cara-al-24e\/\">La CGT Olavarr\u00eda convoc\u00f3 a referentes de organizaciones y vecinos de cara al 24E<\/a><\/p><\/blockquote>\n<p><iframe loading=\"lazy\" class=\"wp-embedded-content\" sandbox=\"allow-scripts\" security=\"restricted\" style=\"position: absolute; clip: rect(1px, 1px, 1px, 1px);\" title=\"&#8220;La CGT Olavarr\u00eda convoc\u00f3 a referentes de organizaciones y vecinos de cara al 24E&#8221; &#8212; Central de Noticias | Olavarr\u00eda\" src=\"https:\/\/cdnoticias.com\/index.php\/2024\/01\/18\/la-cgt-olavarria-convoco-a-referentes-de-organizaciones-y-vecinos-de-cara-al-24e\/embed\/#?secret=4JBsjGTKpg#?secret=Y0lDrwe2Q3\" data-secret=\"Y0lDrwe2Q3\" width=\"600\" height=\"338\" frameborder=\"0\" marginwidth=\"0\" marginheight=\"0\" scrolling=\"no\"><\/iframe><\/p>\n","protected":false},"excerpt":{"rendered":"<p>As\u00ed fue acordado por la Uni\u00f3n Tranviarios Automotor (UTA) en el marco del paro general convocado por la CGT. En<\/p>\n","protected":false},"author":2,"featured_media":67720,"comment_status":"closed","ping_status":"closed","sticky":false,"template":"","format":"standard","meta":{"_jetpack_memberships_contains_paid_content":false,"footnotes":""},"categories":[4,1],"tags":[],"class_list":["post-107300","post","type-post","status-publish","format-standard","has-post-thumbnail","hentry","category-politica","category-portada"],"jetpack_featured_media_url":"https:\/\/i0.wp.com\/cdnoticias.com\/wp-content\/uploads\/2022\/10\/colectivo-tu-bus.jpg?fit=800%2C445&ssl=1","jetpack_sharing_enabled":true,"_links":{"self":[{"href":"https:\/\/cdnoticias.com\/index.php\/wp-json\/wp\/v2\/posts\/107300","targetHints":{"allow":["GET"]}}],"collection":[{"href":"https:\/\/cdnoticias.com\/index.php\/wp-json\/wp\/v2\/posts"}],"about":[{"href":"https:\/\/cdnoticias.com\/index.php\/wp-json\/wp\/v2\/types\/post"}],"author":[{"embeddable":true,"href":"https:\/\/cdnoticias.com\/index.php\/wp-json\/wp\/v2\/users\/2"}],"replies":[{"embeddable":true,"href":"https:\/\/cdnoticias.com\/index.php\/wp-json\/wp\/v2\/comments?post=107300"}],"version-history":[{"count":0,"href":"https:\/\/cdnoticias.com\/index.php\/wp-json\/wp\/v2\/posts\/107300\/revisions"}],"wp:featuredmedia":[{"embeddable":true,"href":"https:\/\/cdnoticias.com\/index.php\/wp-json\/wp\/v2\/media\/67720"}],"wp:attachment":[{"href":"https:\/\/cdnoticias.com\/index.php\/wp-json\/wp\/v2\/media?parent=107300"}],"wp:term":[{"taxonomy":"category","embeddable":true,"href":"https:\/\/cdnoticias.com\/index.php\/wp-json\/wp\/v2\/categories?post=107300"},{"taxonomy":"post_tag","embeddable":true,"href":"https:\/\/cdnoticias.com\/index.php\/wp-json\/wp\/v2\/tags?post=107300"}],"curies":[{"name":"wp","href":"https:\/\/api.w.org\/{rel}","templated":true}]}}