{"id":107288,"date":"2024-01-24T08:26:07","date_gmt":"2024-01-24T11:26:07","guid":{"rendered":"https:\/\/cdnoticias.com\/?p=107288"},"modified":"2024-01-24T08:26:09","modified_gmt":"2024-01-24T11:26:09","slug":"primera-correcaminata-del-2024-en-el-centro-cultural-san-jose","status":"publish","type":"post","link":"https:\/\/cdnoticias.com\/index.php\/2024\/01\/24\/primera-correcaminata-del-2024-en-el-centro-cultural-san-jose\/","title":{"rendered":"Primera Correcaminata del 2024 en el Centro Cultural San Jos\u00e9"},"content":{"rendered":"\n<p>Ser\u00e1 este jueves a partir de las 21 horas. Adem\u00e1s, habr\u00e1 actividades para grandes y chicos. La actividad es libre y gratuita.<\/p>\n\n\n\n<hr class=\"wp-block-separator aligncenter has-alpha-channel-opacity\"\/>\n\n\n\n<p>En la <strong>tarde de este jueves 25, el Centro Cultural Municipal San Jos\u00e9 ser\u00e1 sede <\/strong>de una nueva propuesta en la que el deporte y la promoci\u00f3n de h\u00e1bitos saludables ser\u00e1n protagonistas.<\/p>\n\n\n\n<p><\/p>\n\n\n\n<p>Se trata de la realizaci\u00f3n de la <strong>primera Correcaminata del 2024,<\/strong> la tradicional prueba pedestre organizada desde la Subsecretar\u00eda de Deportes que se realiza cada verano, con actividades para todas las edades, por lo que se invita toda la comunidad que sea parte de esta propuesta.<\/p>\n\n\n\n<p><\/p>\n\n\n\n<p>Aquellas personas interesadas en participar podr\u00e1n <strong>acercarse a partir de las 18 y hasta las 20 horas para poder inscribirse de manera libre y gratuita.<\/strong><\/p>\n\n\n\n<p><\/p>\n\n\n\n<figure class=\"wp-block-image aligncenter size-full\"><img data-recalc-dims=\"1\" loading=\"lazy\" decoding=\"async\" width=\"800\" height=\"800\" src=\"https:\/\/i0.wp.com\/cdnoticias.com\/wp-content\/uploads\/2024\/01\/correcaminata-nocturna-2024.jpg?resize=800%2C800&#038;ssl=1\" alt=\"\" class=\"wp-image-107291\" srcset=\"https:\/\/i0.wp.com\/cdnoticias.com\/wp-content\/uploads\/2024\/01\/correcaminata-nocturna-2024.jpg?w=900&amp;ssl=1 900w, https:\/\/i0.wp.com\/cdnoticias.com\/wp-content\/uploads\/2024\/01\/correcaminata-nocturna-2024.jpg?resize=300%2C300&amp;ssl=1 300w, https:\/\/i0.wp.com\/cdnoticias.com\/wp-content\/uploads\/2024\/01\/correcaminata-nocturna-2024.jpg?resize=150%2C150&amp;ssl=1 150w, https:\/\/i0.wp.com\/cdnoticias.com\/wp-content\/uploads\/2024\/01\/correcaminata-nocturna-2024.jpg?resize=768%2C768&amp;ssl=1 768w\" sizes=\"auto, (max-width: 800px) 100vw, 800px\" \/><\/figure>\n\n\n\n<p><\/p>\n\n\n\n<p>Se recuerda, a la par, que desde el Circulo de Atletas Veteranos de Olavarr\u00eda (CAVO), que fiscalizar\u00e1 la prueba, se gener\u00f3 tambi\u00e9n un formulario para poder preinscribirse online, al que se le puede acceder <a href=\"https:\/\/docs.google.com\/forms\/d\/e\/1FAIpQLSd-CnzC1gPRL7gK_QNSh3Q_2GNtgYMKKVn0krLxZtfPha1W-Q\/viewform?vc=0&amp;c=0&amp;w=1&amp;flr=0&amp;fbclid=IwAR20eiICs_Dq-UhkMs8G9J4BpSV-YjrALr5cKe-RU3fcc1meFsYU_IAB4vU\" target=\"_blank\" rel=\"noreferrer noopener\">haciendo click aqu\u00ed.<\/a><\/p>\n\n\n\n<p><\/p>\n\n\n\n<p>No obstante, todas las personas que quieran ser parte de la prueba deber\u00e1n pasar por el Centro Cultural Municipal San Jos\u00e9 a retirar el n\u00famero correspondiente.<\/p>\n\n\n\n<p><\/p>\n\n\n\n<blockquote class=\"wp-block-quote is-layout-flow wp-block-quote-is-layout-flow\">\n<p>Adem\u00e1s, se ofrecer\u00e1n actividades para que p\u00fablico de todas las edades sea parte de esta verdadera fiesta del deporte. A partir de las 19 horas profesoras del staff de la Direcci\u00f3n de Deporte Social ofrecer\u00e1n una clase abierta de gimnasia, mientras que a las 20 se realizar\u00e1 la prueba para los m\u00e1s chicos.<\/p>\n<\/blockquote>\n\n\n\n<p><\/p>\n\n\n\n<p>La <strong>Correcaminata<\/strong>, que tendr\u00e1 un trazado de<strong> 3 kil\u00f3metros,<\/strong> se iniciar\u00e1 a las <strong>21 horas<\/strong>. Se invita a participar a toda la comunidad, tanto de manera competitiva como recreativa, ya que el objetivo de la propuesta es promover h\u00e1bitos saludables.<\/p>\n\n\n\n<p><\/p>\n\n\n\n<p>Por \u00faltimo, se detall\u00f3 que el <strong>21 de febrero se llevar\u00e1 a cabo la segunda edici\u00f3n<\/strong> de la propuesta deportiva.<\/p>\n","protected":false},"excerpt":{"rendered":"<p>Ser\u00e1 este jueves a partir de las 21 horas. Adem\u00e1s, habr\u00e1 actividades para grandes y chicos. La actividad es libre<\/p>\n","protected":false},"author":6,"featured_media":75117,"comment_status":"closed","ping_status":"closed","sticky":false,"template":"","format":"standard","meta":{"_jetpack_memberships_contains_paid_content":false,"footnotes":""},"categories":[5,1],"tags":[],"class_list":["post-107288","post","type-post","status-publish","format-standard","has-post-thumbnail","hentry","category-informacion-general","category-portada"],"jetpack_featured_media_url":"https:\/\/i0.wp.com\/cdnoticias.com\/wp-content\/uploads\/2023\/01\/correcaminata-nocturna-5-800x445-1.jpeg?fit=800%2C445&ssl=1","jetpack_sharing_enabled":true,"_links":{"self":[{"href":"https:\/\/cdnoticias.com\/index.php\/wp-json\/wp\/v2\/posts\/107288","targetHints":{"allow":["GET"]}}],"collection":[{"href":"https:\/\/cdnoticias.com\/index.php\/wp-json\/wp\/v2\/posts"}],"about":[{"href":"https:\/\/cdnoticias.com\/index.php\/wp-json\/wp\/v2\/types\/post"}],"author":[{"embeddable":true,"href":"https:\/\/cdnoticias.com\/index.php\/wp-json\/wp\/v2\/users\/6"}],"replies":[{"embeddable":true,"href":"https:\/\/cdnoticias.com\/index.php\/wp-json\/wp\/v2\/comments?post=107288"}],"version-history":[{"count":0,"href":"https:\/\/cdnoticias.com\/index.php\/wp-json\/wp\/v2\/posts\/107288\/revisions"}],"wp:featuredmedia":[{"embeddable":true,"href":"https:\/\/cdnoticias.com\/index.php\/wp-json\/wp\/v2\/media\/75117"}],"wp:attachment":[{"href":"https:\/\/cdnoticias.com\/index.php\/wp-json\/wp\/v2\/media?parent=107288"}],"wp:term":[{"taxonomy":"category","embeddable":true,"href":"https:\/\/cdnoticias.com\/index.php\/wp-json\/wp\/v2\/categories?post=107288"},{"taxonomy":"post_tag","embeddable":true,"href":"https:\/\/cdnoticias.com\/index.php\/wp-json\/wp\/v2\/tags?post=107288"}],"curies":[{"name":"wp","href":"https:\/\/api.w.org\/{rel}","templated":true}]}}