{"id":107272,"date":"2024-01-22T11:50:46","date_gmt":"2024-01-22T14:50:46","guid":{"rendered":"https:\/\/cdnoticias.com\/?p=107272"},"modified":"2024-01-22T16:38:04","modified_gmt":"2024-01-22T19:38:04","slug":"dengue-crecen-87-los-casos-en-una-semana-en-la-provincia","status":"publish","type":"post","link":"https:\/\/cdnoticias.com\/index.php\/2024\/01\/22\/dengue-crecen-87-los-casos-en-una-semana-en-la-provincia\/","title":{"rendered":"Dengue: crecen 87% los casos en una semana en la provincia"},"content":{"rendered":"\n<p>Adem\u00e1s, subieron un 60% en el pa\u00eds. En territorio bonaerense a\u00fan son m\u00e1s los casos importados que los aut\u00f3ctonos. Las autoridades llaman a extremar medidas de prevenci\u00f3n y recomiendan vacunarse a quienes ya cursaron la enfermedad.<\/p>\n\n\n\n<hr class=\"wp-block-separator aligncenter has-alpha-channel-opacity is-style-wide\"\/>\n\n\n\n<p>Los datos oficiales sobre el dengue sugieren una fuerte suba de los casos en la \u00faltima semana: <strong>a nivel pa\u00eds el crecimiento promedi\u00f3 un 60,5%, mientras que en la provincia de Buenos Aires fue de un 87%. <\/strong>No obstante, en territorio bonaerense, a\u00fan son m\u00e1s las notificaciones de contagios importados que aut\u00f3ctonos, pero las autoridades sanitarias llaman a extremar medidas.<\/p>\n\n\n\n<p>Los datos pertenecen al \u00faltimo Bolet\u00edn Epidemiol\u00f3gico del Ministerio de Salud nacional.<strong> En rigor, la cifra total de casos declarados pas\u00f3 de 10.056 a 16.141 en solo una semana en todo el pa\u00eds<\/strong>. En la provincia de Buenos Aires, en tanto, los casos notificados (entre importados, aut\u00f3ctonos y en investigaci\u00f3n) eran 141 (entre la SE 50\/2023 a 1\/2024) y ahora son 264 (SE 51\/2023 a 2\/2024).<\/p>\n\n\n\n<p>De esos 264, 49 son aut\u00f3ctonos \u2013que vienen en crecimiento\u2013, 133 est\u00e1n en investigaci\u00f3n y 82 son los importados. <strong>En tanto, este mi\u00e9rcoles, el Ministerio de Salud bonaerense publicar\u00e1 los nuevos datos semanales en su Bolet\u00edn.<\/strong><\/p>\n\n\n\n<blockquote class=\"wp-block-quote is-layout-flow wp-block-quote-is-layout-flow\">\n<p>La regi\u00f3n m\u00e1s complicada es la que comprenden Chaco, Formosa, Corrientes y Misiones. A partir del 10 de diciembre pasado, la curva de contagios se dispar\u00f3: all\u00ed se notificaron 15.249 el total de 16.141 casos.<\/p>\n<\/blockquote>\n\n\n\n<p>En tanto, los datos del \u00faltimo Bolet\u00edn Epidemiol\u00f3gico nacional indican, adem\u00e1s, <strong><em>que en la primera quincena del a\u00f1o crecieron de ocho a once los distritos con una suba en las notificaciones.<\/em><\/strong><\/p>\n\n\n\n<p>El dengue es una enfermedad causada por un virus que se transmite a trav\u00e9s de la picadura del mosquito Aedes aegypti, vector de la enfermedad, que tiene <strong>h\u00e1bitos domiciliarios<\/strong>, por lo que la transmisi\u00f3n es predominantemente dom\u00e9stica.<\/p>\n\n\n\n<p>Las medidas preventivas se centran en la eliminaci\u00f3n y el control de los criaderos del mosquito. La principal medida tiene que ver eliminar y limpiar los elementos que acumulen agua en la casa y alrededores.<\/p>\n\n\n\n<h2 class=\"wp-block-heading\"><strong>\u00bfQu\u00e9 pasa con la vacuna?<\/strong><\/h2>\n\n\n\n<p>La vacuna fue aprobada por la ANMAT en el mes de abril de 2023. <strong>Ya est\u00e1 disponible en la Argentina desde el mes de noviembre en los principales vacunatorios privados y en las farmacias.<\/strong><\/p>\n\n\n\n<p>Est\u00e1 indicada \u2013con presentaci\u00f3n de receta m\u00e9dica- para la prevenci\u00f3n de la enfermedad producida por los 4 (cuatro) serotipos del dengue en todas las personas mayores de 4 a\u00f1os, sin l\u00edmite de edad. Est\u00e1 contraindicada en las embarazadas y en las personas inmunosuprimidas.<\/p>\n\n\n\n<blockquote class=\"wp-block-quote is-layout-flow wp-block-quote-is-layout-flow\">\n<p>El esquema completo incluye 2 dosis separadas de 3 meses y el costo en enero asciende a $51.113.<\/p>\n<\/blockquote>\n\n\n\n<p>En las \u00faltimas horas, <strong>el bloque de Diputados del PRO<\/strong> present\u00f3 un proyecto de ley nacional <strong>con el objetivo de que el Ministerio de Salud nacional incorpore la vacuna contra el dengue al Calendario naciona<\/strong>l, es decir, garantice que los centros m\u00e9dicos p\u00fablicos, obras sociales y prepagas distribuyan de manera gratuita y obligatoria el esquema completo de vacunaci\u00f3n para las personas que ya tuvieron la enfermedad.<\/p>\n\n\n\n<p>Cabe se\u00f1alar que<strong> la reinfecci\u00f3n aumenta altamente las chances de desarrollar dengue hemorr\u00e1gico, la forma m\u00e1s grave de la enfermedad. <\/strong>\u201c<em>No es una vacuna accesible y todos los que tuvimos dengue tenemos que d\u00e1rnosla<\/em>\u201d, argumentaron. (DIB)<\/p>\n","protected":false},"excerpt":{"rendered":"<p>Adem\u00e1s, subieron un 60% en el pa\u00eds. En territorio bonaerense a\u00fan son m\u00e1s los casos importados que los aut\u00f3ctonos. Las<\/p>\n","protected":false},"author":2,"featured_media":107273,"comment_status":"closed","ping_status":"closed","sticky":false,"template":"","format":"standard","meta":{"_jetpack_memberships_contains_paid_content":false,"footnotes":""},"categories":[5,1],"tags":[],"class_list":["post-107272","post","type-post","status-publish","format-standard","has-post-thumbnail","hentry","category-informacion-general","category-portada"],"jetpack_featured_media_url":"https:\/\/i0.wp.com\/cdnoticias.com\/wp-content\/uploads\/2024\/01\/dengue-696x391-1.jpg?fit=696%2C391&ssl=1","jetpack_sharing_enabled":true,"_links":{"self":[{"href":"https:\/\/cdnoticias.com\/index.php\/wp-json\/wp\/v2\/posts\/107272","targetHints":{"allow":["GET"]}}],"collection":[{"href":"https:\/\/cdnoticias.com\/index.php\/wp-json\/wp\/v2\/posts"}],"about":[{"href":"https:\/\/cdnoticias.com\/index.php\/wp-json\/wp\/v2\/types\/post"}],"author":[{"embeddable":true,"href":"https:\/\/cdnoticias.com\/index.php\/wp-json\/wp\/v2\/users\/2"}],"replies":[{"embeddable":true,"href":"https:\/\/cdnoticias.com\/index.php\/wp-json\/wp\/v2\/comments?post=107272"}],"version-history":[{"count":0,"href":"https:\/\/cdnoticias.com\/index.php\/wp-json\/wp\/v2\/posts\/107272\/revisions"}],"wp:featuredmedia":[{"embeddable":true,"href":"https:\/\/cdnoticias.com\/index.php\/wp-json\/wp\/v2\/media\/107273"}],"wp:attachment":[{"href":"https:\/\/cdnoticias.com\/index.php\/wp-json\/wp\/v2\/media?parent=107272"}],"wp:term":[{"taxonomy":"category","embeddable":true,"href":"https:\/\/cdnoticias.com\/index.php\/wp-json\/wp\/v2\/categories?post=107272"},{"taxonomy":"post_tag","embeddable":true,"href":"https:\/\/cdnoticias.com\/index.php\/wp-json\/wp\/v2\/tags?post=107272"}],"curies":[{"name":"wp","href":"https:\/\/api.w.org\/{rel}","templated":true}]}}