{"id":107269,"date":"2024-01-22T12:41:48","date_gmt":"2024-01-22T15:41:48","guid":{"rendered":"https:\/\/cdnoticias.com\/?p=107269"},"modified":"2024-01-22T18:50:55","modified_gmt":"2024-01-22T21:50:55","slug":"carnavales-abrio-la-inscripcion-para-las-instituciones-que-deseen-participar","status":"publish","type":"post","link":"https:\/\/cdnoticias.com\/index.php\/2024\/01\/22\/carnavales-abrio-la-inscripcion-para-las-instituciones-que-deseen-participar\/","title":{"rendered":"Carnavales: abri\u00f3 la inscripci\u00f3n para las instituciones que deseen participar"},"content":{"rendered":"\n<p>Desde el lunes 22 hasta el viernes 26 las organizaciones locales podr\u00e1n anotarse para ofrecer puestos de comidas, alquiler de sillas y venta de espuma. Los cupos son limitados.<\/p>\n\n\n\n<hr class=\"wp-block-separator aligncenter has-alpha-channel-opacity is-style-wide\"\/>\n\n\n\n<p>La Subsecretar\u00eda de Cultura y Educaci\u00f3n del Municipio de Olavarr\u00eda inform\u00f3 que<strong> ya est\u00e1 abierta la inscripci\u00f3n para que las instituciones locales participen de los Carnavales 2024<\/strong>, que se desarrollar\u00e1n durante los d\u00edas <strong>9, 10 y 11 de febrero en el Cors\u00f3dromo \u201cGabriel Antonio\u201d <\/strong>del Parque Eva Per\u00f3n. Deber\u00e1n anotarse con la documentaci\u00f3n necesaria en la Casa de la Cultura.<\/p>\n\n\n\n<blockquote class=\"wp-block-quote is-layout-flow wp-block-quote-is-layout-flow\">\n<p>La convocatoria est\u00e1 dirigida a entidades de bien p\u00fablico que est\u00e9n debidamente acreditadas, asociaciones cooperadoras, sociedades de fomento, juntas vecinales, agrupaciones tradicionalistas, entre otras, que quieran participar de los tres d\u00edas de carnaval con puestos de comidas, alquiler de sillas y venta de espuma. Los cupos son limitados.<\/p>\n<\/blockquote>\n\n\n\n<p>Las instituciones interesadas podr\u00e1n inscribirse <strong>desde este lunes 22 y hasta el viernes 26 inclusive, de 8 a 13 horas,<\/strong> en la Casa de la Cultura (Coronel Su\u00e1rez 2924).<\/p>\n\n\n\n<p>Se recuerda que deber\u00e1n concurrir con una nota firmada por el representante de la instituci\u00f3n por la cual participan, as\u00ed como tambi\u00e9n con la documentaci\u00f3n que avale a la instituci\u00f3n y fotocopia del DNI del integrante que realizar\u00e1 la inscripci\u00f3n. En la nota deber\u00e1 indicarse con qu\u00e9 servicio participan.<\/p>\n\n\n\n<p><\/p>\n","protected":false},"excerpt":{"rendered":"<p>Desde el lunes 22 hasta el viernes 26 las organizaciones locales podr\u00e1n anotarse para ofrecer puestos de comidas, alquiler de<\/p>\n","protected":false},"author":2,"featured_media":43673,"comment_status":"closed","ping_status":"closed","sticky":false,"template":"","format":"standard","meta":{"_jetpack_memberships_contains_paid_content":false,"footnotes":""},"categories":[5,1],"tags":[],"class_list":["post-107269","post","type-post","status-publish","format-standard","has-post-thumbnail","hentry","category-informacion-general","category-portada"],"jetpack_featured_media_url":"https:\/\/i0.wp.com\/cdnoticias.com\/wp-content\/uploads\/2022\/01\/Corsos-2020-Noche-II-10-1024x683-1.jpg?fit=1024%2C683&ssl=1","jetpack_sharing_enabled":true,"_links":{"self":[{"href":"https:\/\/cdnoticias.com\/index.php\/wp-json\/wp\/v2\/posts\/107269","targetHints":{"allow":["GET"]}}],"collection":[{"href":"https:\/\/cdnoticias.com\/index.php\/wp-json\/wp\/v2\/posts"}],"about":[{"href":"https:\/\/cdnoticias.com\/index.php\/wp-json\/wp\/v2\/types\/post"}],"author":[{"embeddable":true,"href":"https:\/\/cdnoticias.com\/index.php\/wp-json\/wp\/v2\/users\/2"}],"replies":[{"embeddable":true,"href":"https:\/\/cdnoticias.com\/index.php\/wp-json\/wp\/v2\/comments?post=107269"}],"version-history":[{"count":0,"href":"https:\/\/cdnoticias.com\/index.php\/wp-json\/wp\/v2\/posts\/107269\/revisions"}],"wp:featuredmedia":[{"embeddable":true,"href":"https:\/\/cdnoticias.com\/index.php\/wp-json\/wp\/v2\/media\/43673"}],"wp:attachment":[{"href":"https:\/\/cdnoticias.com\/index.php\/wp-json\/wp\/v2\/media?parent=107269"}],"wp:term":[{"taxonomy":"category","embeddable":true,"href":"https:\/\/cdnoticias.com\/index.php\/wp-json\/wp\/v2\/categories?post=107269"},{"taxonomy":"post_tag","embeddable":true,"href":"https:\/\/cdnoticias.com\/index.php\/wp-json\/wp\/v2\/tags?post=107269"}],"curies":[{"name":"wp","href":"https:\/\/api.w.org\/{rel}","templated":true}]}}