{"id":107265,"date":"2024-01-22T10:37:24","date_gmt":"2024-01-22T13:37:24","guid":{"rendered":"https:\/\/cdnoticias.com\/?p=107265"},"modified":"2024-01-22T12:42:27","modified_gmt":"2024-01-22T15:42:27","slug":"el-incuapa-adhirio-a-la-preocupacion-por-despidos-en-el-conicet","status":"publish","type":"post","link":"https:\/\/cdnoticias.com\/index.php\/2024\/01\/22\/el-incuapa-adhirio-a-la-preocupacion-por-despidos-en-el-conicet\/","title":{"rendered":"El INCUAPA adhiri\u00f3 a la preocupaci\u00f3n por despidos en el CONICET"},"content":{"rendered":"\n<p>Las autoridades de los diferentes Centros Cient\u00edficos Tecnol\u00f3gicos (CCT) del CONICET se pronunciaron p\u00fablicamente ante el riesgo de desfinanciamiento, que ya se expresa en despidos y bajas de becas. La carta est\u00e1 firmada por autoridades del instituto de investigaciones arqueol\u00f3gicas.<\/p>\n\n\n\n<hr class=\"wp-block-separator aligncenter has-alpha-channel-opacity is-style-wide\"\/>\n\n\n\n<p>Las autoridades de los <strong>Centros Cient\u00edficos Tecnol\u00f3gicos (CCT) del CONICET <\/strong>provenientes de distintas partes del pa\u00eds se pronunciaron por \u201c<em>la profunda preocupaci\u00f3n que nos embarga por las medidas que se vienen tomando respecto al Estado y que no s\u00f3lo afectan al sistema cient\u00edfico tecnol\u00f3gico sino a nuestra sociedad\u201d.<\/em><\/p>\n\n\n\n<p>Entre las causas que motivan la carta se encuentran<strong> los m\u00e1s de cincuenta despidos de trabajadores en \u00e1reas de ciencia y tecnolog\u00eda<\/strong>, adem\u00e1s de la probabilidad de que no se actualice un nuevo presupuesto para 2024. La carta est\u00e1 firmada por el <strong>Dr. Gustavo Mart\u00ednez, Director del Instituto de Investigaciones Arqueol\u00f3gicas y Paleontol\u00f3gicas del Cuaternario Pampeano (INCUAPA) y la Vice Directora Dra. Mar\u00eda Guti\u00e9rrez<\/strong>. El Instituto responde al CCT del CONICET en Tandil.<\/p>\n\n\n\n<p>\u201c<em>Principalmente queremos hacer notar nuestro desacuerdo ante<strong> la suspensi\u00f3n de los contratos de m\u00e1s de 50 agentes distribuidos por todo el pa\u00eds, que afectan no solo el normal desenvolvimiento de las tareas de gesti\u00f3n y administraci\u00f3n de la actividad cient\u00edfica, sino que representan la p\u00e9rdida de puestos trabajo, salarios y afectan las vidas y subsistencia de los agentes despedidos. <\/strong>Cabe destacar que los trabajadores y trabajadoras encuadradas en la calificaci\u00f3n de Art\u00edculo 9 representan el sost\u00e9n administrativo y funcional para todas las unidades de gesti\u00f3n e investigaci\u00f3n del pa\u00eds. <strong>Su desvinculaci\u00f3n implica la destrucci\u00f3n de parte de las capacidades operativas del CONICET<\/strong>. En el mismo sentido, no podemos dejar de se\u00f1alar nuestra preocupaci\u00f3n por los cambios operados en las condiciones de contrataci\u00f3n de los restantes agentes de planta transitoria. El acortamiento del plazo de la relaci\u00f3n laboral por medio de una adenda a los contratos firmados ha profundizado una realidad de enorme precariedad. Entendemos que es un proceso de retroceso que pone en grave riesgo al CONICET<\/em>\u201d aseveraron sobre las condiciones laborales que atraviesan.<\/p>\n\n\n\n<blockquote class=\"wp-block-quote is-layout-flow wp-block-quote-is-layout-flow\">\n<p>Tambi\u00e9n manifestaron consternaci\u00f3n \u201cante la decisi\u00f3n emitida por el Decreto 88\/2023 de prorrogar el presupuesto 2023 para el a\u00f1o 2024 en un marco de alt\u00edsima inflaci\u00f3n. Asimismo, nos preocupa la decisi\u00f3n de postergar la difusi\u00f3n de los resultados de las convocatorias a becas y promociones sujeto a la falta de informaci\u00f3n sobre cu\u00e1nto presupuesto se contar\u00e1 para poder sostener las becas\u201d.<\/p>\n<\/blockquote>\n\n\n\n<p>\u201cEn los hechos, ello significa limitaciones evidentes en el funcionamiento del CONICET. <strong>Sus consecuencias son la interrupci\u00f3n de la obtenci\u00f3n de las metas de las investigaciones, el deterioro de las condiciones de ingreso, permanencia y progreso de recursos humanos, es decir, el desarme de un organismo de ciencia y tecnolog\u00eda. La imposibilidad de sostener a nuestra instituci\u00f3n<\/strong>, si no se reciben refuerzos presupuestarios, implicar\u00eda graves consecuencias para el futuro del sistema cient\u00edfico nacional, ya que la desinversi\u00f3n en ciencia<em> generar\u00e1 un retroceso que costar\u00e1 muchos a\u00f1os revertir<\/em>\u201d afirmaron en la carta.<\/p>\n\n\n\n<blockquote class=\"wp-block-quote is-layout-flow wp-block-quote-is-layout-flow\">\n<p>\u201cLos recursos destinados a la ciencia, tecnolog\u00eda e innovaci\u00f3n para atender temas de inter\u00e9s nacional, no representan un gasto sino una inversi\u00f3n. En el CONICET nadie sobra\u201d fueron las palabras con las que cerraron el comunicado.<\/p>\n<\/blockquote>\n\n\n\n<p>El pronunciamiento completo se encuentra en la p\u00e1gina web oficial del Consejo de investigaciones.<\/p>\n","protected":false},"excerpt":{"rendered":"<p>Las autoridades de los diferentes Centros Cient\u00edficos Tecnol\u00f3gicos (CCT) del CONICET se pronunciaron p\u00fablicamente ante el riesgo de desfinanciamiento, que<\/p>\n","protected":false},"author":2,"featured_media":53803,"comment_status":"closed","ping_status":"closed","sticky":false,"template":"","format":"standard","meta":{"_jetpack_memberships_contains_paid_content":false,"footnotes":""},"categories":[5,1],"tags":[],"class_list":["post-107265","post","type-post","status-publish","format-standard","has-post-thumbnail","hentry","category-informacion-general","category-portada"],"jetpack_featured_media_url":"https:\/\/i0.wp.com\/cdnoticias.com\/wp-content\/uploads\/2022\/05\/incuapa-facso-00.jpg?fit=800%2C445&ssl=1","jetpack_sharing_enabled":true,"_links":{"self":[{"href":"https:\/\/cdnoticias.com\/index.php\/wp-json\/wp\/v2\/posts\/107265","targetHints":{"allow":["GET"]}}],"collection":[{"href":"https:\/\/cdnoticias.com\/index.php\/wp-json\/wp\/v2\/posts"}],"about":[{"href":"https:\/\/cdnoticias.com\/index.php\/wp-json\/wp\/v2\/types\/post"}],"author":[{"embeddable":true,"href":"https:\/\/cdnoticias.com\/index.php\/wp-json\/wp\/v2\/users\/2"}],"replies":[{"embeddable":true,"href":"https:\/\/cdnoticias.com\/index.php\/wp-json\/wp\/v2\/comments?post=107265"}],"version-history":[{"count":0,"href":"https:\/\/cdnoticias.com\/index.php\/wp-json\/wp\/v2\/posts\/107265\/revisions"}],"wp:featuredmedia":[{"embeddable":true,"href":"https:\/\/cdnoticias.com\/index.php\/wp-json\/wp\/v2\/media\/53803"}],"wp:attachment":[{"href":"https:\/\/cdnoticias.com\/index.php\/wp-json\/wp\/v2\/media?parent=107265"}],"wp:term":[{"taxonomy":"category","embeddable":true,"href":"https:\/\/cdnoticias.com\/index.php\/wp-json\/wp\/v2\/categories?post=107265"},{"taxonomy":"post_tag","embeddable":true,"href":"https:\/\/cdnoticias.com\/index.php\/wp-json\/wp\/v2\/tags?post=107265"}],"curies":[{"name":"wp","href":"https:\/\/api.w.org\/{rel}","templated":true}]}}