{"id":107235,"date":"2024-01-21T20:03:08","date_gmt":"2024-01-21T23:03:08","guid":{"rendered":"https:\/\/cdnoticias.com\/?p=107235"},"modified":"2024-01-22T09:07:26","modified_gmt":"2024-01-22T12:07:26","slug":"una-semana-de-calor-en-olavarria-advertencia-por-el-consumo-de-agua-y-electricidad","status":"publish","type":"post","link":"https:\/\/cdnoticias.com\/index.php\/2024\/01\/21\/una-semana-de-calor-en-olavarria-advertencia-por-el-consumo-de-agua-y-electricidad\/","title":{"rendered":"Una semana de calor en Olavarr\u00eda: advertencia por el consumo de agua y electricidad"},"content":{"rendered":"<p>A partir de este lunes y hasta el s\u00e1bado, las m\u00e1ximas pronosticas son superiores a 30\u00ba. Coopelectric pidi\u00f3 a la comunidad \u201chacer un uso racional y solidario\u201d de los recursos.<\/p>\n<p><!--more--><\/p>\n<hr \/>\n<p>El<strong> Servicio Meteorol\u00f3gico Nacional<\/strong> pronostic\u00f3<strong> altas temperaturas para los pr\u00f3ximos siete d\u00edas en Olavarr\u00eda<\/strong> y en ese marco <strong>Coopelectric pidi\u00f3 a la comunidad \u201chacer un uso racional y solidario\u201d de los recursos.<\/strong><\/p>\n<p>&nbsp; <\/p>\n<p>Para e<strong>ste domingo<\/strong> se espera una temperatura<strong> m\u00e1xima de 30\u00ba<\/strong>. Ser\u00e1 el d\u00eda con la m\u00e1xima m\u00e1s baja de la semana:<strong> las previsiones indican que se superar\u00e1 esa marca diariamente hasta el s\u00e1bado 27 de enero.<\/strong><\/p>\n<p>&nbsp; <\/p>\n<blockquote><p>Para el lunes se esperan 32\u00ba, para el martes 33\u00ba, para el mi\u00e9rcoles 35\u00ba, para el jueves 36\u00ba -es el d\u00eda con mayor proyecci\u00f3n de la semana-, para el viernes 35\u00ba y para el viernes, nuevamente 35\u00ba. No se pronostican lluvias para los pr\u00f3ximos siete d\u00edas.<\/p><\/blockquote>\n<p>&nbsp; <\/p>\n<p><img data-recalc-dims=\"1\" loading=\"lazy\" decoding=\"async\" class=\"size-full wp-image-107237 aligncenter\" src=\"https:\/\/i0.wp.com\/cdnoticias.com\/wp-content\/uploads\/2024\/01\/servicio-meteorologico-enero-0.jpg?resize=800%2C182&#038;ssl=1\" alt=\"\" width=\"800\" height=\"182\" srcset=\"https:\/\/i0.wp.com\/cdnoticias.com\/wp-content\/uploads\/2024\/01\/servicio-meteorologico-enero-0.jpg?w=1000&amp;ssl=1 1000w, https:\/\/i0.wp.com\/cdnoticias.com\/wp-content\/uploads\/2024\/01\/servicio-meteorologico-enero-0.jpg?resize=300%2C68&amp;ssl=1 300w, https:\/\/i0.wp.com\/cdnoticias.com\/wp-content\/uploads\/2024\/01\/servicio-meteorologico-enero-0.jpg?resize=768%2C175&amp;ssl=1 768w\" sizes=\"auto, (max-width: 800px) 100vw, 800px\" \/><\/p>\n<p>&nbsp; <\/p>\n<p><a href=\"https:\/\/cdnoticias.com\/index.php\/2024\/01\/19\/coopelectric-pidio-hacer-uso-racional-del-agua-y-de-la-energia\/\" target=\"_blank\" rel=\"noopener\">Desde Coopelectric se emiti\u00f3 un comunicado<\/a> para advertir sobre el consumo de los servicios de agua y electricidad.<\/p>\n<p>&nbsp; <\/p>\n<p>\u201cSi bien los pozos de extracci\u00f3n del Servicio Sanitario que se encuentran ubicados en distintos puntos de la ciudad est\u00e1n funcionando con normalidad y al 100 % de su capacidad, <strong>la simultaneidad y el exceso de consumo podr\u00edan reducir la cantidad de agua disponible<\/strong> en la red ocasionando<strong> baja presi\u00f3n en las primeras horas de la tarde<\/strong>\u201d se inform\u00f3 desde la prestadora.<\/p>\n<p>&nbsp; <\/p>\n<blockquote><p>Se aconsej\u00f3 a los vecinos \u201crestringir cualquier uso innecesario del agua, especialmente que durante las horas pico no se llenen piletas con agua de la red, no se riegue y se evite el lavado de veredas, patios y veh\u00edculos\u201d.<\/p><\/blockquote>\n<p>&nbsp; <\/p>\n<p>Otra de las caracter\u00edsticas del verano es la<strong> simultaneidad de consumo de electricidad<\/strong> y aunque &#8220;se realizaron diversas inversiones de cara al verano&#8221; -se indic\u00f3-, desde el \u00e1rea T\u00e9cnica del Servicio El\u00e9ctrico tambi\u00e9n se recomend\u00f3 <strong>\u201chacer un uso racional, principalmente con los equipos de aire acondicionado para evitar inconvenientes en la prestaci\u00f3n del suministro\u201d<\/strong>.<\/p>\n<p>&nbsp; <\/p>\n<blockquote class=\"wp-embedded-content\" data-secret=\"5Hawo81hOS\"><p><a href=\"https:\/\/cdnoticias.com\/index.php\/2024\/01\/19\/coopelectric-pidio-hacer-uso-racional-del-agua-y-de-la-energia\/\">Coopelectric pidi\u00f3 hacer uso racional del agua y de la energ\u00eda<\/a><\/p><\/blockquote>\n<p><iframe loading=\"lazy\" class=\"wp-embedded-content\" sandbox=\"allow-scripts\" security=\"restricted\" style=\"position: absolute; clip: rect(1px, 1px, 1px, 1px);\" title=\"&#8220;Coopelectric pidi\u00f3 hacer uso racional del agua y de la energ\u00eda&#8221; &#8212; Central de Noticias | Olavarr\u00eda\" src=\"https:\/\/cdnoticias.com\/index.php\/2024\/01\/19\/coopelectric-pidio-hacer-uso-racional-del-agua-y-de-la-energia\/embed\/#?secret=93zqJsT0ob#?secret=5Hawo81hOS\" data-secret=\"5Hawo81hOS\" width=\"600\" height=\"338\" frameborder=\"0\" marginwidth=\"0\" marginheight=\"0\" scrolling=\"no\"><\/iframe><\/p>\n<p>&nbsp; <\/p>\n","protected":false},"excerpt":{"rendered":"<p>A partir de este lunes y hasta el s\u00e1bado, las m\u00e1ximas pronosticas son superiores a 30\u00ba. Coopelectric pidi\u00f3 a la<\/p>\n","protected":false},"author":4,"featured_media":107236,"comment_status":"closed","ping_status":"closed","sticky":false,"template":"","format":"standard","meta":{"_jetpack_memberships_contains_paid_content":false,"footnotes":""},"categories":[5,1],"tags":[],"class_list":["post-107235","post","type-post","status-publish","format-standard","has-post-thumbnail","hentry","category-informacion-general","category-portada"],"jetpack_featured_media_url":"https:\/\/i0.wp.com\/cdnoticias.com\/wp-content\/uploads\/2024\/01\/servicio-meteorologico-enero.jpg?fit=1157%2C643&ssl=1","jetpack_sharing_enabled":true,"_links":{"self":[{"href":"https:\/\/cdnoticias.com\/index.php\/wp-json\/wp\/v2\/posts\/107235","targetHints":{"allow":["GET"]}}],"collection":[{"href":"https:\/\/cdnoticias.com\/index.php\/wp-json\/wp\/v2\/posts"}],"about":[{"href":"https:\/\/cdnoticias.com\/index.php\/wp-json\/wp\/v2\/types\/post"}],"author":[{"embeddable":true,"href":"https:\/\/cdnoticias.com\/index.php\/wp-json\/wp\/v2\/users\/4"}],"replies":[{"embeddable":true,"href":"https:\/\/cdnoticias.com\/index.php\/wp-json\/wp\/v2\/comments?post=107235"}],"version-history":[{"count":0,"href":"https:\/\/cdnoticias.com\/index.php\/wp-json\/wp\/v2\/posts\/107235\/revisions"}],"wp:featuredmedia":[{"embeddable":true,"href":"https:\/\/cdnoticias.com\/index.php\/wp-json\/wp\/v2\/media\/107236"}],"wp:attachment":[{"href":"https:\/\/cdnoticias.com\/index.php\/wp-json\/wp\/v2\/media?parent=107235"}],"wp:term":[{"taxonomy":"category","embeddable":true,"href":"https:\/\/cdnoticias.com\/index.php\/wp-json\/wp\/v2\/categories?post=107235"},{"taxonomy":"post_tag","embeddable":true,"href":"https:\/\/cdnoticias.com\/index.php\/wp-json\/wp\/v2\/tags?post=107235"}],"curies":[{"name":"wp","href":"https:\/\/api.w.org\/{rel}","templated":true}]}}