{"id":107218,"date":"2024-01-21T18:45:01","date_gmt":"2024-01-21T21:45:01","guid":{"rendered":"https:\/\/cdnoticias.com\/?p=107218"},"modified":"2024-01-21T18:45:03","modified_gmt":"2024-01-21T21:45:03","slug":"el-pj-bonaerense-ratifico-su-acompanamiento-al-paro-y-marcha-del-miercoles-24","status":"publish","type":"post","link":"https:\/\/cdnoticias.com\/index.php\/2024\/01\/21\/el-pj-bonaerense-ratifico-su-acompanamiento-al-paro-y-marcha-del-miercoles-24\/","title":{"rendered":"El PJ bonaerense ratific\u00f3 su acompa\u00f1amiento al paro y marcha del mi\u00e9rcoles 24"},"content":{"rendered":"<p>\u201cEl Partido Justicialista de la Provincia de Buenos Aires ratifica su acompa\u00f1amiento a la decisi\u00f3n de las centrales obreras, cuyos cuerpos org\u00e1nicos han convocado para el d\u00eda 24 de enero a un paro a partir de las 12 horas y movilizaci\u00f3n a la Plaza de los dos Congresos\u201d, manifestaron desde el justicialismo provincial.<\/p>\n<p><!--more--><\/p>\n<hr \/>\n<p><strong>El Partido Justicialista (PJ) de la provincia de Buenos Aires ratific\u00f3 este s\u00e1bado el acompa\u00f1amiento al paro y movilizaci\u00f3n convocados por la CGT y las CTA para el pr\u00f3ximo mi\u00e9rcoles<\/strong>, manifest\u00f3 su rechazo a las medidas implementadas por el Gobierno nacional y remarc\u00f3 que &#8220;la Argentina no se vende&#8221;.<\/p>\n<p><em>&#8220;El Partido Justicialista de la Provincia de Buenos Aires ratifica su acompa\u00f1amiento a la decisi\u00f3n de las centrales obreras, cuyos cuerpos org\u00e1nicos han convocado para el d\u00eda 24 de enero a un paro a partir de las 12 horas y movilizaci\u00f3n a la Plaza de los dos Congresos&#8221;<\/em>, manifestaron desde el PJ bonaerense en un comunicado.<\/p>\n<blockquote><p>&#8220;Pensamos diferente, la Argentina no se vende&#8221; recalcaron.<\/p><\/blockquote>\n<p>En el comunicado <strong>rechazaron la &#8220;bestial devaluaci\u00f3n del 118%&#8221;<\/strong> que llev\u00f3 adelante el ministro de Econom\u00eda, Luis Caputo, a quien calificaron como el &#8220;personero del Gobierno del (expresidente Mauricio) Macri que nos endeud\u00f3 a 100 a\u00f1os y trajo devuelta al FMI a la Argentina&#8221;.<\/p>\n<blockquote class=\"twitter-tweet\">\n<p dir=\"ltr\" lang=\"es\">\u2022 Comunicado del Partido Justicialista de la PBA <a href=\"https:\/\/t.co\/3ybEI46cWj\">pic.twitter.com\/3ybEI46cWj<\/a><\/p>\n<p>\u2014 PJ Provincia de Buenos Aires (@BonaerensePJ) <a href=\"https:\/\/twitter.com\/BonaerensePJ\/status\/1748799504088797229?ref_src=twsrc%5Etfw\">January 20, 2024<\/a><\/p><\/blockquote>\n<p><script async src=\"https:\/\/platform.twitter.com\/widgets.js\" charset=\"utf-8\"><\/script><\/p>\n<p>&#8220;El Gobierno de Javier Milei puso primera para incumplir un mandato electoral, no ser\u00eda castigada `la casta` (sino que \u00e9sta integrar\u00eda su gobierno), sino el Pueblo&#8221;, advirtieron.\u00a0<strong>En ese sentido, sostuvieron que el decreto de necesidad y urgencia (DNU) que desregula la econom\u00eda es &#8220;violatorio de garant\u00edas constitucionales y derechos&#8221;<\/strong> que conforman el patrimonio de &#8220;cada habitante de este pa\u00eds&#8221; y atenta contra &#8220;preceptos identitarios de nuestra Argentina&#8221;.<\/p>\n<blockquote><p>Desde el partido que conduce M\u00e1ximo Kirchner se inst\u00f3 a &#8220;todas las ramas que lo componen, as\u00ed como a todos PJ distritales, a sumarse y expresarse, organizados y en paz&#8221;<\/p><\/blockquote>\n<p>Sobre el proyecto de la Ley &#8220;Bases y Puntos de Partida para La Libertad de los Argentinos&#8221; que el Ejecutivo envi\u00f3 al Congreso, <strong>el PJ bonaerense advirti\u00f3 que la sanci\u00f3n de esa norma legalizar\u00eda &#8220;la dependencia de nuestro pa\u00eds,<\/strong> sometimiento que se basa fundamentalmente en las tres reformas flexibilizadoras: la laboral, la ambiental y la tributaria&#8221;.<\/p>\n<p>&#8220;Sometimiento que no significa solo sacrificio presente sino, y por sobre todas las cosas, la <strong>condena del futuro de muchas generaciones<\/strong>. El dolor al cual est\u00e1 siendo sometido el pueblo no redundar\u00e1 en felicidad alg\u00fan d\u00eda, sino en la entrega total de la Argentina, con los argentinos y argentinas dentro&#8221;, remarcaron.<\/p>\n","protected":false},"excerpt":{"rendered":"<p>\u201cEl Partido Justicialista de la Provincia de Buenos Aires ratifica su acompa\u00f1amiento a la decisi\u00f3n de las centrales obreras, cuyos<\/p>\n","protected":false},"author":4,"featured_media":107219,"comment_status":"closed","ping_status":"closed","sticky":false,"template":"","format":"standard","meta":{"_jetpack_memberships_contains_paid_content":false,"footnotes":""},"categories":[6,1],"tags":[],"class_list":["post-107218","post","type-post","status-publish","format-standard","has-post-thumbnail","hentry","category-nacionales","category-portada"],"jetpack_featured_media_url":"https:\/\/i0.wp.com\/cdnoticias.com\/wp-content\/uploads\/2024\/01\/PJ-bonaerense-maximo-kirchner.jpg?fit=1000%2C556&ssl=1","jetpack_sharing_enabled":true,"_links":{"self":[{"href":"https:\/\/cdnoticias.com\/index.php\/wp-json\/wp\/v2\/posts\/107218","targetHints":{"allow":["GET"]}}],"collection":[{"href":"https:\/\/cdnoticias.com\/index.php\/wp-json\/wp\/v2\/posts"}],"about":[{"href":"https:\/\/cdnoticias.com\/index.php\/wp-json\/wp\/v2\/types\/post"}],"author":[{"embeddable":true,"href":"https:\/\/cdnoticias.com\/index.php\/wp-json\/wp\/v2\/users\/4"}],"replies":[{"embeddable":true,"href":"https:\/\/cdnoticias.com\/index.php\/wp-json\/wp\/v2\/comments?post=107218"}],"version-history":[{"count":0,"href":"https:\/\/cdnoticias.com\/index.php\/wp-json\/wp\/v2\/posts\/107218\/revisions"}],"wp:featuredmedia":[{"embeddable":true,"href":"https:\/\/cdnoticias.com\/index.php\/wp-json\/wp\/v2\/media\/107219"}],"wp:attachment":[{"href":"https:\/\/cdnoticias.com\/index.php\/wp-json\/wp\/v2\/media?parent=107218"}],"wp:term":[{"taxonomy":"category","embeddable":true,"href":"https:\/\/cdnoticias.com\/index.php\/wp-json\/wp\/v2\/categories?post=107218"},{"taxonomy":"post_tag","embeddable":true,"href":"https:\/\/cdnoticias.com\/index.php\/wp-json\/wp\/v2\/tags?post=107218"}],"curies":[{"name":"wp","href":"https:\/\/api.w.org\/{rel}","templated":true}]}}