{"id":10720,"date":"2021-01-06T09:09:54","date_gmt":"2021-01-06T12:09:54","guid":{"rendered":"http:\/\/www.centraldenoticias.com.ar\/?p=10720"},"modified":"2021-01-06T09:09:54","modified_gmt":"2021-01-06T12:09:54","slug":"el-intendente-de-laprida-y-jefes-comunales-opositores-se-vacunaron","status":"publish","type":"post","link":"https:\/\/cdnoticias.com\/index.php\/2021\/01\/06\/el-intendente-de-laprida-y-jefes-comunales-opositores-se-vacunaron\/","title":{"rendered":"El intendente de Laprida y jefes comunales opositores se vacunaron"},"content":{"rendered":"<p>Pablo Torres, mandatario de la vecina ciudad, se mostr\u00f3 recibiendo la primera dosis de la Sputnik V. Por otra parte, intendentes de Juntos por el Cambio tambi\u00e9n comenzaron la vacunaci\u00f3n en sus distritos.<!--more--><\/p>\n<hr \/>\n<p>Con la llegada de las <strong>vacunas contra el COVID-19, el personal de salud tiene prioridad para recibir las dosis pero, adem\u00e1s, tambi\u00e9n hay \u201cgestos\u201d desde la pol\u00edtica para llevar confianza con la Sputnik V. Es el caso del Intendente de Laprida, Pablo Torres<\/strong>, quien fue el primero en ser vacunado, pero adem\u00e1s tambi\u00e9n fue el caso de otros dos mandatarios de Juntos por el Cambio.<\/p>\n<p>&nbsp;<\/p>\n<p><strong>La vacunaci\u00f3n en Laprida se realiza en el Hospital \u201cSancholuz\u201d<\/strong> y all\u00ed Torres indic\u00f3 que fue el primero en vacunarse<em> \u201ccomo gesto hacia la poblaci\u00f3n, alentando a que todos y todas los que puedan vacunarse en esta primera etapa lo hagan\u201d.<\/em><\/p>\n<p>&nbsp;<\/p>\n<p><strong>Pidi\u00f3 \u201ctener confianza\u201d en la vacuna<\/strong> sea el origen que sea<em> \u201cteniendo en cuenta los posibles rebrotes en el pa\u00eds, la provincia y es muy posible que tambi\u00e9n pase en Laprida\u201d.<\/em><\/p>\n<p>&nbsp;<\/p>\n<p><strong>Por otra parte, el intendente de Coronel Pringles, Lisandro Matzkin (Juntos por el Cambio), se aplic\u00f3 en las \u00faltimas horas la vacuna rusa contra el coronavirus Sputnik V<\/strong> y sostuvo que <em>\u201cdecide confiar y sumar\u201d<\/em> para lograr la salida de la pandemia.<\/p>\n<p>&nbsp;<\/p>\n<p><img data-recalc-dims=\"1\" loading=\"lazy\" decoding=\"async\" class=\"alignnone size-full wp-image-10722\" src=\"https:\/\/i0.wp.com\/cdnoticias.com\/wp-content\/uploads\/2021\/01\/lisandro-matzkin-se-vacuno-este-martes.jpg?resize=535%2C344&#038;ssl=1\" alt=\"\" width=\"535\" height=\"344\" srcset=\"https:\/\/i0.wp.com\/cdnoticias.com\/wp-content\/uploads\/2021\/01\/lisandro-matzkin-se-vacuno-este-martes.jpg?w=535&amp;ssl=1 535w, https:\/\/i0.wp.com\/cdnoticias.com\/wp-content\/uploads\/2021\/01\/lisandro-matzkin-se-vacuno-este-martes.jpg?resize=300%2C193&amp;ssl=1 300w\" sizes=\"auto, (max-width: 535px) 100vw, 535px\" \/><\/p>\n<p>&nbsp;<\/p>\n<blockquote><p>\u201cHoy me vacun\u00e9 contra el Covid, como muchos de los Intendentes de la provincia y como un pringlense que decide confiar y sumar para la pronta salida de esta pandemia\u201d, manifest\u00f3 el Intendente a trav\u00e9s de sus redes sociales.<\/p><\/blockquote>\n<p>&nbsp;<\/p>\n<p><strong>La decisi\u00f3n del jefe comunal opositor se dio en el marco de los cuestionamientos que deslizaron algunos de sus pares.<\/strong> <em>\u201cPienso que hay que aunar posiciones y esfuerzos, confiar y no dividirnos m\u00e1s de lo que ya estamos. Creo firmemente que hay que apoyar, respaldar y cuidar a nuestro personal de Salud, el primero en vacunarse. Sumar. La \u00fanica manera de afrontar los problemas\u201d<\/em>, a\u00f1adi\u00f3.<\/p>\n<p>&nbsp;<\/p>\n<p><strong>El intendente se suma a la lista de opositores vacunados que comenz\u00f3 Gustavo Posse, de San Isidro,<\/strong> quien tambi\u00e9n llam\u00f3 a confiar en la vacuna. <em>\u201cTenemos la confianza de que se trata de una vacuna aprobada\u201d<\/em>, se\u00f1al\u00f3 Posse luego de su aplicaci\u00f3n.<\/p>\n","protected":false},"excerpt":{"rendered":"<p>Pablo Torres, mandatario de la vecina ciudad, se mostr\u00f3 recibiendo la primera dosis de la Sputnik V. Por otra parte,<\/p>\n","protected":false},"author":2,"featured_media":10721,"comment_status":"closed","ping_status":"closed","sticky":false,"template":"","format":"standard","meta":{"_jetpack_memberships_contains_paid_content":false,"footnotes":""},"categories":[6,1],"tags":[],"class_list":["post-10720","post","type-post","status-publish","format-standard","has-post-thumbnail","hentry","category-nacionales","category-portada"],"jetpack_featured_media_url":"https:\/\/i0.wp.com\/cdnoticias.com\/wp-content\/uploads\/2021\/01\/135086839_4092842154078961_6110318607162138262_o.jpg?fit=1228%2C821&ssl=1","jetpack_sharing_enabled":true,"_links":{"self":[{"href":"https:\/\/cdnoticias.com\/index.php\/wp-json\/wp\/v2\/posts\/10720","targetHints":{"allow":["GET"]}}],"collection":[{"href":"https:\/\/cdnoticias.com\/index.php\/wp-json\/wp\/v2\/posts"}],"about":[{"href":"https:\/\/cdnoticias.com\/index.php\/wp-json\/wp\/v2\/types\/post"}],"author":[{"embeddable":true,"href":"https:\/\/cdnoticias.com\/index.php\/wp-json\/wp\/v2\/users\/2"}],"replies":[{"embeddable":true,"href":"https:\/\/cdnoticias.com\/index.php\/wp-json\/wp\/v2\/comments?post=10720"}],"version-history":[{"count":0,"href":"https:\/\/cdnoticias.com\/index.php\/wp-json\/wp\/v2\/posts\/10720\/revisions"}],"wp:featuredmedia":[{"embeddable":true,"href":"https:\/\/cdnoticias.com\/index.php\/wp-json\/wp\/v2\/media\/10721"}],"wp:attachment":[{"href":"https:\/\/cdnoticias.com\/index.php\/wp-json\/wp\/v2\/media?parent=10720"}],"wp:term":[{"taxonomy":"category","embeddable":true,"href":"https:\/\/cdnoticias.com\/index.php\/wp-json\/wp\/v2\/categories?post=10720"},{"taxonomy":"post_tag","embeddable":true,"href":"https:\/\/cdnoticias.com\/index.php\/wp-json\/wp\/v2\/tags?post=10720"}],"curies":[{"name":"wp","href":"https:\/\/api.w.org\/{rel}","templated":true}]}}