{"id":107158,"date":"2024-01-19T21:32:42","date_gmt":"2024-01-20T00:32:42","guid":{"rendered":"https:\/\/cdnoticias.com\/?p=107158"},"modified":"2024-01-19T21:32:43","modified_gmt":"2024-01-20T00:32:43","slug":"javier-rodriguez-en-azul-planteo-la-incertidumbre-del-sector-productivo-por-la-ley-omnibus","status":"publish","type":"post","link":"https:\/\/cdnoticias.com\/index.php\/2024\/01\/19\/javier-rodriguez-en-azul-planteo-la-incertidumbre-del-sector-productivo-por-la-ley-omnibus\/","title":{"rendered":"Javier Rodr\u00edguez en Azul: plante\u00f3 la \u201cincertidumbre\u201d del sector productivo por la Ley \u00d3mnibus"},"content":{"rendered":"<p>El ministro de Desarrollo Agrario tambi\u00e9n apunt\u00f3 al aumento de los costos de producci\u00f3n tras la devaluaci\u00f3n. Visit\u00f3 un encuentro cervecero y la sede de Unicen. Se reuni\u00f3 con el intendente Sombra y la Federaci\u00f3n de Cooperativas de Electricidad y Servicios P\u00fablicos de la PBA.<\/p>\n<p><!--more--><\/p>\n<hr \/>\n<p>El<strong> ministro de Desarrollo Agrario bonaerense, Javier Rodr\u00edguez, visit\u00f3 la localidad de Azul<\/strong> donde particip\u00f3 del <strong>Encuentro de Cerveza Artesanal<\/strong> realizado en el Parque Faustino Sarmiento junto al <strong>intendente Nelson Sombra.<\/strong><\/p>\n<p>All\u00ed <strong>cuestion\u00f3 la Ley \u00d3mnibus<\/strong> impulsada por el gobierno nacional, como as\u00ed tambi\u00e9n el <strong>aumento de los costos de producci\u00f3n<\/strong> que gener\u00f3 la fuerte devaluaci\u00f3n instrumentada por el equipo econ\u00f3mico de la Naci\u00f3n.<\/p>\n<blockquote><p>\u201cDesde hace varias semanas se est\u00e1 dando una muy fuerte aceleraci\u00f3n de la inflaci\u00f3n como consecuencia de las pol\u00edticas macroecon\u00f3micas que lleva adelante el gobierno nacional, Eso tiene consecuencias tremendamente negativas en toda la gente y tambi\u00e9n en el entramado productivo\u201d, afirm\u00f3 el ministro.<\/p><\/blockquote>\n<p>Y agreg\u00f3:<strong> \u201cEstamos viendo mucha incertidumbre en el sector productivo.<\/strong> Nos la expresaron claramente en la reuni\u00f3n que tuvimos ayer con una gran cantidad de representantes de diferentes sectores, pero tambi\u00e9n la vemos en cada lugar que recorremos. Y uno de los elementos que origina esta situaci\u00f3n es <strong>la ley \u00f3mnibus, que ataca directamente a la producci\u00f3n, a la industrializaci\u00f3n de la producci\u00f3n primaria y especialmente a los peque\u00f1os y medianos productores\u201d<\/strong>.<\/p>\n<p>El Encuentro de Cerveza Artesanal cont\u00f3 con la presencia de productoras y productores cerveceros tanto locales como regionales, foodtrucks, m\u00fasica en vivo, actividades culturales y recorridos guiados por el parque.<\/p>\n<p><img data-recalc-dims=\"1\" loading=\"lazy\" decoding=\"async\" class=\"size-full wp-image-107159 aligncenter\" src=\"https:\/\/i0.wp.com\/cdnoticias.com\/wp-content\/uploads\/2024\/01\/javier-rodriguez-en-azul-00.jpg?resize=800%2C445&#038;ssl=1\" alt=\"\" width=\"800\" height=\"445\" srcset=\"https:\/\/i0.wp.com\/cdnoticias.com\/wp-content\/uploads\/2024\/01\/javier-rodriguez-en-azul-00.jpg?w=1000&amp;ssl=1 1000w, https:\/\/i0.wp.com\/cdnoticias.com\/wp-content\/uploads\/2024\/01\/javier-rodriguez-en-azul-00.jpg?resize=300%2C167&amp;ssl=1 300w, https:\/\/i0.wp.com\/cdnoticias.com\/wp-content\/uploads\/2024\/01\/javier-rodriguez-en-azul-00.jpg?resize=768%2C427&amp;ssl=1 768w, https:\/\/i0.wp.com\/cdnoticias.com\/wp-content\/uploads\/2024\/01\/javier-rodriguez-en-azul-00.jpg?resize=800%2C445&amp;ssl=1 800w\" sizes=\"auto, (max-width: 800px) 100vw, 800px\" \/><\/p>\n<p>Durante su visita al partido, <strong>el ministro dialog\u00f3 con el intendente sobre los distintos programas del MDA<\/strong> que se vienen desarrollando en el distrito y la incorporaci\u00f3n del municipio de Azul al programa de Mercados Bonaerenses.<\/p>\n<blockquote><p>\u201cEstamos presentes en m\u00e1s de 100 municipios con este programa. Es una iniciativa que genera un doble beneficio, porque productores, cooperativas y pymes encuentran un lugar de comercializaci\u00f3n m\u00e1s directa y los consumidores pueden obtener alimentos de calidad a mejores precios; y esto en el contexto actual, es muy importante\u201d, remarc\u00f3 el titular de la cartera agraria bonaerense.<\/p><\/blockquote>\n<h2>En la Unicen<\/h2>\n<p>Como parte de su recorrida, el ministro Javier Rodr\u00edguez tambi\u00e9n<strong> visit\u00f3 el Laboratorio de Biolog\u00eda Funcional y Biotecnolog\u00eda de la Universidad Nacional del Centro de la provincia de Buenos Aires (UNICEN)<\/strong>, acompa\u00f1ado por la vicerrectora de la instituci\u00f3n acad\u00e9mica, Ana Mar\u00eda Piazza. All\u00ed se desarrollan diversas l\u00edneas de investigaci\u00f3n vinculadas a la biolog\u00eda funcional y biotecnolog\u00eda en el campo agropecuario, de la agroindustria y del medio ambiente. Cabe destacar que <strong>el Ministerio de Desarrollo Agrario cuenta con convenios espec\u00edficos con la UNICEN<\/strong> que permiten a sus estudiantes de grado y posgrado realizar pr\u00e1cticas formativas en las distintas Chacras Experimentales de la cartera agraria.<\/p>\n<p>\u201cDesde un primer momento nos propusimos, como gobierno de la provincia de Buenos Aires,<strong> articular con las universidades nacionales<\/strong> que est\u00e1n dentro del territorio bonaerense, como es el caso de la UNICEN, para<strong> desarrollar y fortalecer la capacidad de investigaci\u00f3n y desarrollo tecnol\u00f3gico en toda la Provincia.<\/strong> Nosotros estamos m\u00e1s que felices con esta articulaci\u00f3n que tenemos porque vemos avances concretos que nos permiten mejorar la productividad, generar posibilidades de puestos de trabajo en el interior y, fomentar as\u00ed el arraigo\u201d, resalt\u00f3 el ministro.<\/p>\n<p>Por otro lado, el titular de la cartera agraria mantuvo un<strong> encuentro con autoridades de la Federaci\u00f3n de Cooperativas de Electricidad y Servicios P\u00fablicos de la PBA<\/strong>, que re\u00fane a una gran cantidad de grupos asociativos dedicados a la distribuci\u00f3n de electricidad, agua potable de red, cloaca, construcci\u00f3n de asfalto y pavimento, Internet, construcci\u00f3n de obras civiles y viviendas, hoster\u00eda y hoteler\u00eda, y cooperativas de representaci\u00f3n regional o local del sector agropecuario y agroindustrial.<\/p>\n","protected":false},"excerpt":{"rendered":"<p>El ministro de Desarrollo Agrario tambi\u00e9n apunt\u00f3 al aumento de los costos de producci\u00f3n tras la devaluaci\u00f3n. Visit\u00f3 un encuentro<\/p>\n","protected":false},"author":4,"featured_media":107160,"comment_status":"closed","ping_status":"closed","sticky":false,"template":"","format":"standard","meta":{"_jetpack_memberships_contains_paid_content":false,"footnotes":""},"categories":[6,1],"tags":[],"class_list":["post-107158","post","type-post","status-publish","format-standard","has-post-thumbnail","hentry","category-nacionales","category-portada"],"jetpack_featured_media_url":"https:\/\/i0.wp.com\/cdnoticias.com\/wp-content\/uploads\/2024\/01\/javier-rodriguez-en-azul-01.jpg?fit=1000%2C556&ssl=1","jetpack_sharing_enabled":true,"_links":{"self":[{"href":"https:\/\/cdnoticias.com\/index.php\/wp-json\/wp\/v2\/posts\/107158","targetHints":{"allow":["GET"]}}],"collection":[{"href":"https:\/\/cdnoticias.com\/index.php\/wp-json\/wp\/v2\/posts"}],"about":[{"href":"https:\/\/cdnoticias.com\/index.php\/wp-json\/wp\/v2\/types\/post"}],"author":[{"embeddable":true,"href":"https:\/\/cdnoticias.com\/index.php\/wp-json\/wp\/v2\/users\/4"}],"replies":[{"embeddable":true,"href":"https:\/\/cdnoticias.com\/index.php\/wp-json\/wp\/v2\/comments?post=107158"}],"version-history":[{"count":0,"href":"https:\/\/cdnoticias.com\/index.php\/wp-json\/wp\/v2\/posts\/107158\/revisions"}],"wp:featuredmedia":[{"embeddable":true,"href":"https:\/\/cdnoticias.com\/index.php\/wp-json\/wp\/v2\/media\/107160"}],"wp:attachment":[{"href":"https:\/\/cdnoticias.com\/index.php\/wp-json\/wp\/v2\/media?parent=107158"}],"wp:term":[{"taxonomy":"category","embeddable":true,"href":"https:\/\/cdnoticias.com\/index.php\/wp-json\/wp\/v2\/categories?post=107158"},{"taxonomy":"post_tag","embeddable":true,"href":"https:\/\/cdnoticias.com\/index.php\/wp-json\/wp\/v2\/tags?post=107158"}],"curies":[{"name":"wp","href":"https:\/\/api.w.org\/{rel}","templated":true}]}}