{"id":107150,"date":"2024-01-21T10:07:05","date_gmt":"2024-01-21T13:07:05","guid":{"rendered":"https:\/\/cdnoticias.com\/?p=107150"},"modified":"2024-01-21T10:07:07","modified_gmt":"2024-01-21T13:07:07","slug":"kicillof-no-descontara-el-dia-a-los-estatales-que-se-adhieran-al-paro-general-de-la-cgt","status":"publish","type":"post","link":"https:\/\/cdnoticias.com\/index.php\/2024\/01\/21\/kicillof-no-descontara-el-dia-a-los-estatales-que-se-adhieran-al-paro-general-de-la-cgt\/","title":{"rendered":"Kicillof no descontar\u00e1 el d\u00eda a los estatales que se adhieran al paro general de la CGT"},"content":{"rendered":"\n<p>El Gobernador bonaerense no acatar\u00e1 la medida anunciada por el Ejecutivo nacional a trav\u00e9s de Manuel Adorni. El vocero presidencial hab\u00eda anticipado que \u201cquien no trabaja el 24 es razonable que no cobre\u201d.<\/p>\n\n\n\n<hr class=\"wp-block-separator aligncenter has-alpha-channel-opacity is-style-wide\"\/>\n\n\n\n<p>Axel Kicillof se diferenci\u00f3 del Gobierno nacional y<strong> no descontar\u00e1 el d\u00eda a los empleados estatales que adhieran al paro general del pr\u00f3ximo 24 de enero<\/strong>. De esta manera, el Gobernador no acatar\u00e1 la medida anunciada este jueves por el vocero presidencial.<\/p>\n\n\n\n<p>A trav\u00e9s de una conferencia de prensa, Manuel Adorni confirm\u00f3 este jueves que le descontar\u00e1 el d\u00eda a los empleados p\u00fablicos nacionales que adhieran al paro nacional del pr\u00f3ximo 24 de enero convocado por la CGT. <\/p>\n\n\n\n<blockquote class=\"wp-block-quote is-layout-flow wp-block-quote-is-layout-flow\">\n<p>\u201c<strong>El salario es una contraprestaci\u00f3n y quien no trabaja es razonable que no cobre<\/strong>\u201d, afirm\u00f3 y precis\u00f3 que hablaba de \u201ctodos los empleados estatales nacionales que se adhieran a esta medida\u201d. El Gobierno provincial, adem\u00e1s de rechazar la decisi\u00f3n se manifest\u00f3 en apoyo a la movilizaci\u00f3n.<\/p>\n<\/blockquote>\n\n\n\n<figure class=\"wp-block-embed is-type-video is-provider-youtube wp-block-embed-youtube wp-embed-aspect-16-9 wp-has-aspect-ratio\"><div class=\"wp-block-embed__wrapper\">\n<iframe loading=\"lazy\" title=\"El Gobierno le descontar\u00e1 el d\u00eda a los trabajadores estatales que adhieran al paro de la CGT\" width=\"800\" height=\"450\" src=\"https:\/\/www.youtube.com\/embed\/ldkH_hCiX5Y?feature=oembed\" frameborder=\"0\" allow=\"accelerometer; autoplay; clipboard-write; encrypted-media; gyroscope; picture-in-picture; web-share\" allowfullscreen><\/iframe>\n<\/div><\/figure>\n\n\n\n<p>D\u00edas atr\u00e1s desde <strong>Uni\u00f3n por la Patria (UxP) emitieron un comunicado en apoyo al paro contra la Ley \u00d3mnibus y el DNU 70\/23<\/strong>. Adem\u00e1s, en la negociaci\u00f3n paritaria provincial que cerr\u00f3 esta semana con 25% de aumento por decreto a estatales y docentes, tambi\u00e9n se acord\u00f3 la participaci\u00f3n en la medida, <em>sin sanciones<\/em>.<\/p>\n\n\n\n<blockquote class=\"wp-block-quote is-layout-flow wp-block-quote-is-layout-flow\">\n<p>Si bien no adelant\u00f3 sobre otro tipo consecuencias para los gremios, Adorni afirm\u00f3 que \u201cen t\u00e9rminos jur\u00eddicos, llegado el caso habr\u00e1 novedades\u201d.<\/p>\n<\/blockquote>\n\n\n\n<p>Finalmente, record\u00f3 que ya est\u00e1 abierta la l\u00ednea 134 para que hagan la denuncia quienes se sientan amenazados y obligados a adherir a la medida de fuerza. Y aunque no dio n\u00fameros, trascendi\u00f3 <strong>que hubo m\u00e1s de 40 mil llamados al tel\u00e9fono que promueve la ministra de Seguridad Patricia Bullrich<\/strong> para desalentar la protesta. (DIB)<\/p>\n","protected":false},"excerpt":{"rendered":"<p>El Gobernador bonaerense no acatar\u00e1 la medida anunciada por el Ejecutivo nacional a trav\u00e9s de Manuel Adorni. El vocero presidencial<\/p>\n","protected":false},"author":2,"featured_media":97587,"comment_status":"closed","ping_status":"closed","sticky":false,"template":"","format":"standard","meta":{"_jetpack_memberships_contains_paid_content":false,"footnotes":""},"categories":[6,1],"tags":[],"class_list":["post-107150","post","type-post","status-publish","format-standard","has-post-thumbnail","hentry","category-nacionales","category-portada"],"jetpack_featured_media_url":"https:\/\/i0.wp.com\/cdnoticias.com\/wp-content\/uploads\/2023\/09\/KiciOla41.jpg?fit=1024%2C680&ssl=1","jetpack_sharing_enabled":true,"_links":{"self":[{"href":"https:\/\/cdnoticias.com\/index.php\/wp-json\/wp\/v2\/posts\/107150","targetHints":{"allow":["GET"]}}],"collection":[{"href":"https:\/\/cdnoticias.com\/index.php\/wp-json\/wp\/v2\/posts"}],"about":[{"href":"https:\/\/cdnoticias.com\/index.php\/wp-json\/wp\/v2\/types\/post"}],"author":[{"embeddable":true,"href":"https:\/\/cdnoticias.com\/index.php\/wp-json\/wp\/v2\/users\/2"}],"replies":[{"embeddable":true,"href":"https:\/\/cdnoticias.com\/index.php\/wp-json\/wp\/v2\/comments?post=107150"}],"version-history":[{"count":0,"href":"https:\/\/cdnoticias.com\/index.php\/wp-json\/wp\/v2\/posts\/107150\/revisions"}],"wp:featuredmedia":[{"embeddable":true,"href":"https:\/\/cdnoticias.com\/index.php\/wp-json\/wp\/v2\/media\/97587"}],"wp:attachment":[{"href":"https:\/\/cdnoticias.com\/index.php\/wp-json\/wp\/v2\/media?parent=107150"}],"wp:term":[{"taxonomy":"category","embeddable":true,"href":"https:\/\/cdnoticias.com\/index.php\/wp-json\/wp\/v2\/categories?post=107150"},{"taxonomy":"post_tag","embeddable":true,"href":"https:\/\/cdnoticias.com\/index.php\/wp-json\/wp\/v2\/tags?post=107150"}],"curies":[{"name":"wp","href":"https:\/\/api.w.org\/{rel}","templated":true}]}}