{"id":107147,"date":"2024-01-20T19:20:31","date_gmt":"2024-01-20T22:20:31","guid":{"rendered":"https:\/\/cdnoticias.com\/?p=107147"},"modified":"2024-01-20T21:14:32","modified_gmt":"2024-01-21T00:14:32","slug":"aumentos-kreplak-aseguro-que-dos-de-cada-diez-personas-no-compran-su-medicacion","status":"publish","type":"post","link":"https:\/\/cdnoticias.com\/index.php\/2024\/01\/20\/aumentos-kreplak-aseguro-que-dos-de-cada-diez-personas-no-compran-su-medicacion\/","title":{"rendered":"Aumentos: Kreplak asegur\u00f3 que dos de cada diez personas no compran su medicaci\u00f3n"},"content":{"rendered":"\n<p>El ministro de Salud bonaerense hizo referencia al peligro que supone cortar un tratamiento. Sobre los precios de remedios, indic\u00f3 que \u201cen los \u00faltimos dos meses el aumento super\u00f3 el 100% del total de la inflaci\u00f3n de 2023\u201d.<\/p>\n\n\n\n<hr class=\"wp-block-separator aligncenter has-alpha-channel-opacity\"\/>\n\n\n\n<p>El ministro de Salud de la provincia de Buenos Aires, <strong>Nicol\u00e1s Kreplak, advirti\u00f3 que debido a los aumentos que han sufrido los medicamentos en los \u00faltimos meses <\/strong>\u201c<strong><em>dos de cada diez personas no est\u00e1n comprando su medicaci\u00f3n\u201d.<\/em><\/strong><\/p>\n\n\n\n<p><\/p>\n\n\n\n<p>En declaraciones radiales, Kreplak dijo que \u201cen los \u00faltimos dos meses el aumento super\u00f3 el 100% del total de la inflaci\u00f3n de 2023\u201d. En esa l\u00ednea, a\u00f1adi\u00f3 que la suba \u201cestuvo por arriba de 220%. Superar toda la inflaci\u00f3n que hubo en un a\u00f1o es un aumento muy grande, los medicamentos no son un bien de consumo, son un bien social\u201d.<\/p>\n\n\n\n<p><\/p>\n\n\n\n<p>Adem\u00e1s, el ministro puntualiz\u00f3 que <strong><em>\u201chay gente que no puede elegir si consumir o no un medicamento<\/em><\/strong>&#8220;, ya que \u201c<strong><em>si un m\u00e9dico lo indica es indispensable para su vida\u201d.<\/em><\/strong><\/p>\n\n\n\n<p><\/p>\n\n\n\n<blockquote class=\"wp-block-quote is-layout-flow wp-block-quote-is-layout-flow\">\n<p>\u201cTuvimos una ca\u00edda del 20% de las compras de medicamentos en las farmacias. Eso quiere decir que dos de cada 10 personas no compran su medicaci\u00f3n\u201d, advirti\u00f3 a la par que agreg\u00f3: \u201cHay gente que si no toma su medicaci\u00f3n puede terminar en las guardias con cuadros que pueden ser prevenibles\u201d.<\/p>\n<\/blockquote>\n\n\n\n<p><\/p>\n\n\n\n<p>Por \u00faltimo, Kreplak subray\u00f3 que los <strong>medicamentos para las enfermedades cr\u00f3nicas son los m\u00e1s costosos,<\/strong> por lo que <strong>pidi\u00f3 a la poblaci\u00f3n que \u201cno interrumpa el tratamiento\u201d.<\/strong><\/p>\n\n\n\n<p><\/p>\n\n\n\n<p>Fuente: DIB<\/p>\n","protected":false},"excerpt":{"rendered":"<p>El ministro de Salud bonaerense hizo referencia al peligro que supone cortar un tratamiento. Sobre los precios de remedios, indic\u00f3<\/p>\n","protected":false},"author":6,"featured_media":100678,"comment_status":"closed","ping_status":"closed","sticky":false,"template":"","format":"standard","meta":{"_jetpack_memberships_contains_paid_content":false,"footnotes":""},"categories":[6],"tags":[],"class_list":["post-107147","post","type-post","status-publish","format-standard","has-post-thumbnail","hentry","category-nacionales"],"jetpack_featured_media_url":"https:\/\/i0.wp.com\/cdnoticias.com\/wp-content\/uploads\/2023\/10\/farmacia-medicamentos.jpg?fit=1000%2C563&ssl=1","jetpack_sharing_enabled":true,"_links":{"self":[{"href":"https:\/\/cdnoticias.com\/index.php\/wp-json\/wp\/v2\/posts\/107147","targetHints":{"allow":["GET"]}}],"collection":[{"href":"https:\/\/cdnoticias.com\/index.php\/wp-json\/wp\/v2\/posts"}],"about":[{"href":"https:\/\/cdnoticias.com\/index.php\/wp-json\/wp\/v2\/types\/post"}],"author":[{"embeddable":true,"href":"https:\/\/cdnoticias.com\/index.php\/wp-json\/wp\/v2\/users\/6"}],"replies":[{"embeddable":true,"href":"https:\/\/cdnoticias.com\/index.php\/wp-json\/wp\/v2\/comments?post=107147"}],"version-history":[{"count":0,"href":"https:\/\/cdnoticias.com\/index.php\/wp-json\/wp\/v2\/posts\/107147\/revisions"}],"wp:featuredmedia":[{"embeddable":true,"href":"https:\/\/cdnoticias.com\/index.php\/wp-json\/wp\/v2\/media\/100678"}],"wp:attachment":[{"href":"https:\/\/cdnoticias.com\/index.php\/wp-json\/wp\/v2\/media?parent=107147"}],"wp:term":[{"taxonomy":"category","embeddable":true,"href":"https:\/\/cdnoticias.com\/index.php\/wp-json\/wp\/v2\/categories?post=107147"},{"taxonomy":"post_tag","embeddable":true,"href":"https:\/\/cdnoticias.com\/index.php\/wp-json\/wp\/v2\/tags?post=107147"}],"curies":[{"name":"wp","href":"https:\/\/api.w.org\/{rel}","templated":true}]}}