{"id":107142,"date":"2024-01-29T08:15:32","date_gmt":"2024-01-29T11:15:32","guid":{"rendered":"https:\/\/cdnoticias.com\/?p=107142"},"modified":"2024-01-29T08:15:34","modified_gmt":"2024-01-29T11:15:34","slug":"audicion-del-ballet-folklorico-municipal","status":"publish","type":"post","link":"https:\/\/cdnoticias.com\/index.php\/2024\/01\/29\/audicion-del-ballet-folklorico-municipal\/","title":{"rendered":"Audici\u00f3n del Ballet Folkl\u00f3rico Municipal"},"content":{"rendered":"\n<p>Ser\u00e1 el 1\u00ba de febrero en el Teatro Municipal y est\u00e1 destinada a cubrir un rol femenino dentro del Ballet. Cu\u00e1les son los requisitos.<\/p>\n\n\n\n<hr class=\"wp-block-separator aligncenter has-alpha-channel-opacity\"\/>\n\n\n\n<p>Desde la <strong>Direcci\u00f3n del Ballet Folkl\u00f3rico Municipal se convoca a bailarinas a participar de la audici\u00f3n,<\/strong> que se desarrollar\u00e1 el d\u00eda <strong>jueves 1\u00ba de febrero, a las 20 horas, en el Teatro Municipal.<\/strong><\/p>\n\n\n\n<p><\/p>\n\n\n\n<p>La audici\u00f3n est\u00e1 destinada a <strong>cubrir un rol femenino dentro del Ballet.<\/strong> Los <strong>requisitos a cumplir<\/strong>, se detallan a continuaci\u00f3n:<\/p>\n\n\n\n<p><\/p>\n\n\n\n<ul class=\"wp-block-list\">\n<li>Ser mayor de 18 a\u00f1os.<\/li>\n<\/ul>\n\n\n\n<ul class=\"wp-block-list\">\n<li>Tener disponibilidad para ensayos y funciones.<\/li>\n<\/ul>\n\n\n\n<ul class=\"wp-block-list\">\n<li>Poseer conocimientos avanzados de danzas folkl\u00f3ricas.<\/li>\n<\/ul>\n\n\n\n<p><\/p>\n\n\n\n<p>Por consultas, comunicarse con el Ballet, a trav\u00e9s del <strong>WhatsApp 2284606513.<\/strong><\/p>\n","protected":false},"excerpt":{"rendered":"<p>Ser\u00e1 el 1\u00ba de febrero en el Teatro Municipal y est\u00e1 destinada a cubrir un rol femenino dentro del Ballet.<\/p>\n","protected":false},"author":6,"featured_media":62522,"comment_status":"closed","ping_status":"closed","sticky":false,"template":"","format":"standard","meta":{"_jetpack_memberships_contains_paid_content":false,"footnotes":""},"categories":[9,1],"tags":[],"class_list":["post-107142","post","type-post","status-publish","format-standard","has-post-thumbnail","hentry","category-cultura","category-portada"],"jetpack_featured_media_url":"https:\/\/i0.wp.com\/cdnoticias.com\/wp-content\/uploads\/2022\/08\/Cultura-Ballet-Municipal-1024x685-1.jpg?fit=1024%2C685&ssl=1","jetpack_sharing_enabled":true,"_links":{"self":[{"href":"https:\/\/cdnoticias.com\/index.php\/wp-json\/wp\/v2\/posts\/107142","targetHints":{"allow":["GET"]}}],"collection":[{"href":"https:\/\/cdnoticias.com\/index.php\/wp-json\/wp\/v2\/posts"}],"about":[{"href":"https:\/\/cdnoticias.com\/index.php\/wp-json\/wp\/v2\/types\/post"}],"author":[{"embeddable":true,"href":"https:\/\/cdnoticias.com\/index.php\/wp-json\/wp\/v2\/users\/6"}],"replies":[{"embeddable":true,"href":"https:\/\/cdnoticias.com\/index.php\/wp-json\/wp\/v2\/comments?post=107142"}],"version-history":[{"count":0,"href":"https:\/\/cdnoticias.com\/index.php\/wp-json\/wp\/v2\/posts\/107142\/revisions"}],"wp:featuredmedia":[{"embeddable":true,"href":"https:\/\/cdnoticias.com\/index.php\/wp-json\/wp\/v2\/media\/62522"}],"wp:attachment":[{"href":"https:\/\/cdnoticias.com\/index.php\/wp-json\/wp\/v2\/media?parent=107142"}],"wp:term":[{"taxonomy":"category","embeddable":true,"href":"https:\/\/cdnoticias.com\/index.php\/wp-json\/wp\/v2\/categories?post=107142"},{"taxonomy":"post_tag","embeddable":true,"href":"https:\/\/cdnoticias.com\/index.php\/wp-json\/wp\/v2\/tags?post=107142"}],"curies":[{"name":"wp","href":"https:\/\/api.w.org\/{rel}","templated":true}]}}