{"id":107139,"date":"2024-01-19T18:29:05","date_gmt":"2024-01-19T21:29:05","guid":{"rendered":"https:\/\/cdnoticias.com\/?p=107139"},"modified":"2024-01-20T11:37:57","modified_gmt":"2024-01-20T14:37:57","slug":"tres-olavarrienses-aprehendidos-por-comercializar-estupefacientes","status":"publish","type":"post","link":"https:\/\/cdnoticias.com\/index.php\/2024\/01\/19\/tres-olavarrienses-aprehendidos-por-comercializar-estupefacientes\/","title":{"rendered":"Tres olavarrienses aprehendidos por comercializar estupefacientes"},"content":{"rendered":"\n<p>El operativo fue realizado por personal de Delegaci\u00f3n Departamental de Investigaciones del Trafico de Drogas il\u00edcitas de Azul conjuntamente con personal de Comando de Patrulla Olavarr\u00eda. Adem\u00e1s, secuestraron dinero en efectivo, celulares y un autom\u00f3vil.<\/p>\n\n\n\n<hr class=\"wp-block-separator aligncenter has-alpha-channel-opacity\"\/>\n\n\n\n<p>Este jueves, Personal de Delegaci\u00f3n Departamental de Investigaciones del Trafico de Drogas il\u00edcitas de Azul, conjuntamente con personal de Comando de Patrulla Olavarr\u00eda, <strong>aprehendi\u00f3 a tres olavarrienses por comercializar estupefacientes.<\/strong><\/p>\n\n\n\n<p><\/p>\n\n\n\n<p>El hecho ocurri\u00f3 alrededor de las 21 horas en <strong>Lamadrid y General Paz<\/strong> en el marco de un \u201c<em>operativo general contra infracci\u00f3n a la Ley 23.737\u201d.<\/em><\/p>\n\n\n\n<p><\/p>\n\n\n\n<p>Dos de los hombres se encontraban a bordo de un autom\u00f3vil marca VW Bora y el tercero sobre la vereda en cercan\u00edas al rodado, quienes pose\u00edan en su poder <strong>sustancias estupefacientes con fines de comercializaci\u00f3n.<\/strong><\/p>\n\n\n\n<p><\/p>\n\n\n\n<blockquote class=\"wp-block-quote is-layout-flow wp-block-quote-is-layout-flow\">\n<p>En tanto, el personal policial secuestr\u00f3 coca\u00edna, dinero en efectivo, tres tel\u00e9fonos celulares y \u00a0el autom\u00f3vil VW Bora en el cual se movilizaban.<\/p>\n<\/blockquote>\n\n\n\n<p><\/p>\n\n\n\n<p>Interviene en el hecho la UFI N\u00ba19 a cargo del Fiscal Juani Ma\u00f1ero. &nbsp;<\/p>\n","protected":false},"excerpt":{"rendered":"<p>El operativo fue realizado por personal de Delegaci\u00f3n Departamental de Investigaciones del Trafico de Drogas il\u00edcitas de Azul conjuntamente con<\/p>\n","protected":false},"author":6,"featured_media":107140,"comment_status":"closed","ping_status":"closed","sticky":false,"template":"","format":"standard","meta":{"_jetpack_memberships_contains_paid_content":false,"footnotes":""},"categories":[14,1],"tags":[],"class_list":["post-107139","post","type-post","status-publish","format-standard","has-post-thumbnail","hentry","category-policiales","category-portada"],"jetpack_featured_media_url":"https:\/\/i0.wp.com\/cdnoticias.com\/wp-content\/uploads\/2024\/01\/olavarrienses-aprehendidos-estupefacientes.jpg?fit=1000%2C750&ssl=1","jetpack_sharing_enabled":true,"_links":{"self":[{"href":"https:\/\/cdnoticias.com\/index.php\/wp-json\/wp\/v2\/posts\/107139","targetHints":{"allow":["GET"]}}],"collection":[{"href":"https:\/\/cdnoticias.com\/index.php\/wp-json\/wp\/v2\/posts"}],"about":[{"href":"https:\/\/cdnoticias.com\/index.php\/wp-json\/wp\/v2\/types\/post"}],"author":[{"embeddable":true,"href":"https:\/\/cdnoticias.com\/index.php\/wp-json\/wp\/v2\/users\/6"}],"replies":[{"embeddable":true,"href":"https:\/\/cdnoticias.com\/index.php\/wp-json\/wp\/v2\/comments?post=107139"}],"version-history":[{"count":0,"href":"https:\/\/cdnoticias.com\/index.php\/wp-json\/wp\/v2\/posts\/107139\/revisions"}],"wp:featuredmedia":[{"embeddable":true,"href":"https:\/\/cdnoticias.com\/index.php\/wp-json\/wp\/v2\/media\/107140"}],"wp:attachment":[{"href":"https:\/\/cdnoticias.com\/index.php\/wp-json\/wp\/v2\/media?parent=107139"}],"wp:term":[{"taxonomy":"category","embeddable":true,"href":"https:\/\/cdnoticias.com\/index.php\/wp-json\/wp\/v2\/categories?post=107139"},{"taxonomy":"post_tag","embeddable":true,"href":"https:\/\/cdnoticias.com\/index.php\/wp-json\/wp\/v2\/tags?post=107139"}],"curies":[{"name":"wp","href":"https:\/\/api.w.org\/{rel}","templated":true}]}}