{"id":10713,"date":"2021-01-05T19:41:12","date_gmt":"2021-01-05T22:41:12","guid":{"rendered":"http:\/\/www.centraldenoticias.com.ar\/?p=10713"},"modified":"2021-01-05T19:41:12","modified_gmt":"2021-01-05T22:41:12","slug":"lluvias-y-mas-lluvias-cuando-para","status":"publish","type":"post","link":"https:\/\/cdnoticias.com\/index.php\/2021\/01\/05\/lluvias-y-mas-lluvias-cuando-para\/","title":{"rendered":"Lluvias y m\u00e1s lluvias: \u00bfCu\u00e1ndo para?"},"content":{"rendered":"<p>Si, nos quejamos por deporte. La lluvia tan esperada durante los d\u00edas previos finalmente lleg\u00f3 durante la jornada de este martes. <strong>\u00bfC\u00f3mo continuar\u00e1n las condiciones clim\u00e1ticas en nuestra ciudad?.<\/strong><!--more--><\/p>\n<hr \/>\n<p><em>\u201cLluvia cae lentamente sobre mi\u201d<\/em>, cantaba por el a\u00f1o 1997 Enrique Iglesias. A pesar de la referencia <em>vintage<\/em> podemos decir que es lo que ocurre hace horas en la ciudad. <strong>Las lluvias, de variada intensidad, fueron persistentes durante la jornada.<\/strong><\/p>\n<p>&nbsp;<\/p>\n<p>Ahora bien, <strong>\u00bfC\u00f3mo continuar\u00e1 el clima en Olavarr\u00eda?.<\/strong><\/p>\n<p>&nbsp;<\/p>\n<p>Seg\u00fan indica el pron\u00f3stico emitido desde el Servicio Meteorol\u00f3gico Nacional, este martes culminar\u00e1 con <strong>lluvias sobre la ciudad que se tornaran \u201cfuertes\u201d durante la madrugada del mi\u00e9rcoles.<\/strong><\/p>\n<p>&nbsp;<\/p>\n<p>En tanto, para toda la jornada del<strong> mi\u00e9rcoles<\/strong> se pronostican abundantes precipitaciones que ir\u00edan mermando hacia la noche.<\/p>\n<p>&nbsp;<\/p>\n<p>La temperatura <strong>m\u00ednima estimada es de 12\u00b0C y la m\u00e1xima llegar\u00eda a los 25\u00b0C.<\/strong><\/p>\n<p>&nbsp;<\/p>\n<p><img data-recalc-dims=\"1\" loading=\"lazy\" decoding=\"async\" class=\"alignnone size-large wp-image-2462\" src=\"https:\/\/i0.wp.com\/cdnoticias.com\/wp-content\/uploads\/2020\/09\/WhatsApp-Image-2020-09-25-at-17.28.16.jpeg?resize=800%2C600&#038;ssl=1\" alt=\"\" width=\"800\" height=\"600\" srcset=\"https:\/\/i0.wp.com\/cdnoticias.com\/wp-content\/uploads\/2020\/09\/WhatsApp-Image-2020-09-25-at-17.28.16.jpeg?resize=1024%2C768&amp;ssl=1 1024w, https:\/\/i0.wp.com\/cdnoticias.com\/wp-content\/uploads\/2020\/09\/WhatsApp-Image-2020-09-25-at-17.28.16.jpeg?resize=300%2C225&amp;ssl=1 300w, https:\/\/i0.wp.com\/cdnoticias.com\/wp-content\/uploads\/2020\/09\/WhatsApp-Image-2020-09-25-at-17.28.16.jpeg?resize=768%2C576&amp;ssl=1 768w, https:\/\/i0.wp.com\/cdnoticias.com\/wp-content\/uploads\/2020\/09\/WhatsApp-Image-2020-09-25-at-17.28.16.jpeg?w=1152&amp;ssl=1 1152w\" sizes=\"auto, (max-width: 800px) 100vw, 800px\" \/><\/p>\n<p>&nbsp;<\/p>\n<p><strong>Alertas en distintas \u00e1reas de la provincia<\/strong><\/p>\n<p>El SMN emiti\u00f3 este martes un alerta meteorol\u00f3gico a muy corto plazo sobre <strong>tormentas fuertes<\/strong> en distintas \u00e1reas de la provincia de Buenos Aires, en las que<strong> no est\u00e1 incluida Olavarr\u00eda.<\/strong><\/p>\n<p>&nbsp;<\/p>\n<p>Una de las alertas emitidas prev\u00e9 tormentas fuertes con lluvias intensas para<strong> Brandsen, La Plata y Magdalena.<\/strong><\/p>\n<p>&nbsp;<\/p>\n<p>Otro alerta meteorol\u00f3gico est\u00e1 dirigido a <strong>Balcarce, Ayacucho, Gral. Guido, Maip\u00fa, Pilar, Rauch y Tandil.<\/strong> En la mencionada zona se prev\u00e9n tormentas intensas con abundante ca\u00edda de agua.<\/p>\n","protected":false},"excerpt":{"rendered":"<p>Si, nos quejamos por deporte. La lluvia tan esperada durante los d\u00edas previos finalmente lleg\u00f3 durante la jornada de este<\/p>\n","protected":false},"author":5,"featured_media":2463,"comment_status":"closed","ping_status":"closed","sticky":false,"template":"","format":"standard","meta":{"_jetpack_memberships_contains_paid_content":false,"footnotes":""},"categories":[5,1],"tags":[],"class_list":["post-10713","post","type-post","status-publish","format-standard","has-post-thumbnail","hentry","category-informacion-general","category-portada"],"jetpack_featured_media_url":"https:\/\/i0.wp.com\/cdnoticias.com\/wp-content\/uploads\/2020\/09\/WhatsApp-Image-2020-09-25-at-17.28.15.jpeg?fit=1280%2C785&ssl=1","jetpack_sharing_enabled":true,"_links":{"self":[{"href":"https:\/\/cdnoticias.com\/index.php\/wp-json\/wp\/v2\/posts\/10713","targetHints":{"allow":["GET"]}}],"collection":[{"href":"https:\/\/cdnoticias.com\/index.php\/wp-json\/wp\/v2\/posts"}],"about":[{"href":"https:\/\/cdnoticias.com\/index.php\/wp-json\/wp\/v2\/types\/post"}],"author":[{"embeddable":true,"href":"https:\/\/cdnoticias.com\/index.php\/wp-json\/wp\/v2\/users\/5"}],"replies":[{"embeddable":true,"href":"https:\/\/cdnoticias.com\/index.php\/wp-json\/wp\/v2\/comments?post=10713"}],"version-history":[{"count":0,"href":"https:\/\/cdnoticias.com\/index.php\/wp-json\/wp\/v2\/posts\/10713\/revisions"}],"wp:featuredmedia":[{"embeddable":true,"href":"https:\/\/cdnoticias.com\/index.php\/wp-json\/wp\/v2\/media\/2463"}],"wp:attachment":[{"href":"https:\/\/cdnoticias.com\/index.php\/wp-json\/wp\/v2\/media?parent=10713"}],"wp:term":[{"taxonomy":"category","embeddable":true,"href":"https:\/\/cdnoticias.com\/index.php\/wp-json\/wp\/v2\/categories?post=10713"},{"taxonomy":"post_tag","embeddable":true,"href":"https:\/\/cdnoticias.com\/index.php\/wp-json\/wp\/v2\/tags?post=10713"}],"curies":[{"name":"wp","href":"https:\/\/api.w.org\/{rel}","templated":true}]}}