{"id":107109,"date":"2024-01-19T12:24:59","date_gmt":"2024-01-19T15:24:59","guid":{"rendered":"https:\/\/cdnoticias.com\/?p=107109"},"modified":"2024-01-19T17:36:14","modified_gmt":"2024-01-19T20:36:14","slug":"se-espera-este-viernes-a-la-vicepresidenta-de-la-nacion-de-paso-por-olavarria","status":"publish","type":"post","link":"https:\/\/cdnoticias.com\/index.php\/2024\/01\/19\/se-espera-este-viernes-a-la-vicepresidenta-de-la-nacion-de-paso-por-olavarria\/","title":{"rendered":"Se espera este viernes a la Vicepresidenta de la Naci\u00f3n de paso por Olavarr\u00eda"},"content":{"rendered":"<p>Victoria Villarruel confirm\u00f3 su asistencia al acto del 50\u00b0 aniversario de la defensa de la Guarnici\u00f3n Ej\u00e9rcito Azul en la vecina localidad. En su llegada, pasar\u00eda por Olavarr\u00eda.<\/p>\n<p><!--more--><\/p>\n<hr \/>\n<p>La <strong>vicepresidenta de la Naci\u00f3n, Victoria Villarruel<\/strong>, estar\u00eda <strong>este viernes de paso por Olavarr\u00eda<\/strong>.<\/p>\n<p>La informaci\u00f3n surge de su confirmaci\u00f3n a la <strong>asistencia al acto de conmemoraci\u00f3n del 50\u00b0 aniversario de la defensa de la Guarnici\u00f3n Ej\u00e9rcito Azul<\/strong> que tendr\u00e1 lugar en la vecina localidad a partir de las 18 de este viernes.<\/p>\n<p>En ese marco, trascendi\u00f3 que <strong>la presidenta de la Senado arribar\u00eda a Olavarr\u00eda y desde aqu\u00ed saldr\u00eda para Azul<\/strong> a fin de asistir a las actividades oficiales.<\/p>\n<p>El acto que se realizar\u00e1 en Azul recuerda lo sucedido entre el<strong> 19 y el 20 de enero de 1974.<\/strong> Se cumplen 50 a\u00f1os del<strong> intento de copamiento de la unidad militar de Azul<\/strong>. En la acci\u00f3n guerrillera, perpetrada en este caso por una fracci\u00f3n del Ej\u00e9rcito Revolucionario del Pueblo (ERP), fueron asesinados el jefe de la guarnici\u00f3n, coronel Camilo Gay; su esposa, Hilda Irma Cazaux de Gay; y el soldado conscripto Daniel Gonz\u00e1lez, que cubr\u00eda una de las guardias en aquellas jornadas.<\/p>\n","protected":false},"excerpt":{"rendered":"<p>Victoria Villarruel confirm\u00f3 su asistencia al acto del 50\u00b0 aniversario de la defensa de la Guarnici\u00f3n Ej\u00e9rcito Azul en la<\/p>\n","protected":false},"author":4,"featured_media":107110,"comment_status":"closed","ping_status":"closed","sticky":false,"template":"","format":"standard","meta":{"_jetpack_memberships_contains_paid_content":false,"footnotes":""},"categories":[4,1],"tags":[],"class_list":["post-107109","post","type-post","status-publish","format-standard","has-post-thumbnail","hentry","category-politica","category-portada"],"jetpack_featured_media_url":"https:\/\/i0.wp.com\/cdnoticias.com\/wp-content\/uploads\/2024\/01\/victoria-villarruel-vicepresidenta.jpg?fit=1000%2C556&ssl=1","jetpack_sharing_enabled":true,"_links":{"self":[{"href":"https:\/\/cdnoticias.com\/index.php\/wp-json\/wp\/v2\/posts\/107109","targetHints":{"allow":["GET"]}}],"collection":[{"href":"https:\/\/cdnoticias.com\/index.php\/wp-json\/wp\/v2\/posts"}],"about":[{"href":"https:\/\/cdnoticias.com\/index.php\/wp-json\/wp\/v2\/types\/post"}],"author":[{"embeddable":true,"href":"https:\/\/cdnoticias.com\/index.php\/wp-json\/wp\/v2\/users\/4"}],"replies":[{"embeddable":true,"href":"https:\/\/cdnoticias.com\/index.php\/wp-json\/wp\/v2\/comments?post=107109"}],"version-history":[{"count":0,"href":"https:\/\/cdnoticias.com\/index.php\/wp-json\/wp\/v2\/posts\/107109\/revisions"}],"wp:featuredmedia":[{"embeddable":true,"href":"https:\/\/cdnoticias.com\/index.php\/wp-json\/wp\/v2\/media\/107110"}],"wp:attachment":[{"href":"https:\/\/cdnoticias.com\/index.php\/wp-json\/wp\/v2\/media?parent=107109"}],"wp:term":[{"taxonomy":"category","embeddable":true,"href":"https:\/\/cdnoticias.com\/index.php\/wp-json\/wp\/v2\/categories?post=107109"},{"taxonomy":"post_tag","embeddable":true,"href":"https:\/\/cdnoticias.com\/index.php\/wp-json\/wp\/v2\/tags?post=107109"}],"curies":[{"name":"wp","href":"https:\/\/api.w.org\/{rel}","templated":true}]}}