{"id":107100,"date":"2024-01-19T10:19:43","date_gmt":"2024-01-19T13:19:43","guid":{"rendered":"https:\/\/cdnoticias.com\/?p=107100"},"modified":"2024-01-19T10:19:45","modified_gmt":"2024-01-19T13:19:45","slug":"gabriel-katopodis-suspendio-su-visita-a-olavarria-y-la-zona","status":"publish","type":"post","link":"https:\/\/cdnoticias.com\/index.php\/2024\/01\/19\/gabriel-katopodis-suspendio-su-visita-a-olavarria-y-la-zona\/","title":{"rendered":"Gabriel Katopodis suspendi\u00f3 su visita a Olavarr\u00eda y la zona"},"content":{"rendered":"<p>El ministro de Infraestructura de la provincia de Buenos Aires ten\u00eda previsto llegar este viernes a municipios del centro bonaerense. Este jueves se hab\u00eda confirmado el arribo, pero horas despu\u00e9s se defini\u00f3 la suspensi\u00f3n.<\/p>\n<p><!--more--><\/p>\n<hr \/>\n<p><strong>Gabriel Katopodis suspendi\u00f3 su visita a Olavarr\u00eda, Azul y Bol\u00edvar.<\/strong> El ministro de Infraestructura y Servicios P\u00fablicos de la provincia iba a presentarse este viernes.<\/p>\n<p>Durante el jueves por la ma\u00f1ana, <a href=\"https:\/\/cdnoticias.com\/index.php\/2024\/01\/18\/gabriel-katopodis-llegara-este-viernes-a-olavarria\/\" target=\"_blank\" rel=\"noopener\">su llegada fue confirmada<\/a> aunque horas despu\u00e9s se indic\u00f3 que <strong>las actividades quedaron suspendidas ante su reprogramaci\u00f3n de agenda.<\/strong><\/p>\n<p>Desde la Gobernaci\u00f3n se indic\u00f3 que <em>en el corto plazo se reprogramar\u00e1 la llegada del funcionario provincial.<\/em><\/p>\n","protected":false},"excerpt":{"rendered":"<p>El ministro de Infraestructura de la provincia de Buenos Aires ten\u00eda previsto llegar este viernes a municipios del centro bonaerense.<\/p>\n","protected":false},"author":4,"featured_media":6375,"comment_status":"closed","ping_status":"closed","sticky":false,"template":"","format":"standard","meta":{"_jetpack_memberships_contains_paid_content":false,"footnotes":""},"categories":[4,1],"tags":[],"class_list":["post-107100","post","type-post","status-publish","format-standard","has-post-thumbnail","hentry","category-politica","category-portada"],"jetpack_featured_media_url":"https:\/\/i0.wp.com\/cdnoticias.com\/wp-content\/uploads\/2020\/11\/katopodis.jpg?fit=1004%2C565&ssl=1","jetpack_sharing_enabled":true,"_links":{"self":[{"href":"https:\/\/cdnoticias.com\/index.php\/wp-json\/wp\/v2\/posts\/107100","targetHints":{"allow":["GET"]}}],"collection":[{"href":"https:\/\/cdnoticias.com\/index.php\/wp-json\/wp\/v2\/posts"}],"about":[{"href":"https:\/\/cdnoticias.com\/index.php\/wp-json\/wp\/v2\/types\/post"}],"author":[{"embeddable":true,"href":"https:\/\/cdnoticias.com\/index.php\/wp-json\/wp\/v2\/users\/4"}],"replies":[{"embeddable":true,"href":"https:\/\/cdnoticias.com\/index.php\/wp-json\/wp\/v2\/comments?post=107100"}],"version-history":[{"count":0,"href":"https:\/\/cdnoticias.com\/index.php\/wp-json\/wp\/v2\/posts\/107100\/revisions"}],"wp:featuredmedia":[{"embeddable":true,"href":"https:\/\/cdnoticias.com\/index.php\/wp-json\/wp\/v2\/media\/6375"}],"wp:attachment":[{"href":"https:\/\/cdnoticias.com\/index.php\/wp-json\/wp\/v2\/media?parent=107100"}],"wp:term":[{"taxonomy":"category","embeddable":true,"href":"https:\/\/cdnoticias.com\/index.php\/wp-json\/wp\/v2\/categories?post=107100"},{"taxonomy":"post_tag","embeddable":true,"href":"https:\/\/cdnoticias.com\/index.php\/wp-json\/wp\/v2\/tags?post=107100"}],"curies":[{"name":"wp","href":"https:\/\/api.w.org\/{rel}","templated":true}]}}