{"id":10710,"date":"2021-01-05T19:11:57","date_gmt":"2021-01-05T22:11:57","guid":{"rendered":"http:\/\/www.centraldenoticias.com.ar\/?p=10710"},"modified":"2021-01-05T19:11:57","modified_gmt":"2021-01-05T22:11:57","slug":"un-hombre-disparo-contra-su-hermano-y-fue-aprehendido","status":"publish","type":"post","link":"https:\/\/cdnoticias.com\/index.php\/2021\/01\/05\/un-hombre-disparo-contra-su-hermano-y-fue-aprehendido\/","title":{"rendered":"Un hombre dispar\u00f3 contra su hermano y fue aprehendido"},"content":{"rendered":"<p>Fue en la zona de Manuel Leal al 2900, donde el acusado dispar\u00f3 con una carabina y lo hiri\u00f3 en un pie. La causa fue caratulada como \u201cTentativa de homicidio\u201d.<!--more--><\/p>\n<hr \/>\n<p>Un hombre fue aprehendido tras balear a su hermano con una carabina en uno de sus pies,<strong> en una causa caratulada como \u201ctentativa de homicidio\u201d.<\/strong><\/p>\n<p>&nbsp;<\/p>\n<blockquote><p>El hecho se produjo en calle Leal al 2900, cuando personal del Comando de Patrullas acudi\u00f3 tras haber sido notificados de un herido de arma de fuego en una de sus piernas.<\/p><\/blockquote>\n<p>&nbsp;<\/p>\n<p>Al llegar, <strong>lograron reconstruir que un hombre de 65 dispar\u00f3 a otro de 64, su hermano, tras una discusi\u00f3n.<\/strong> El disparo se efectu\u00f3 con una carabina calibre 22, que fue secuestrada al momento de aprehender al hombre.<\/p>\n<p>&nbsp;<\/p>\n<p>Tras trasladar al hombre con heridas en su pierna, <strong>su hermano fue apresado y hasta el lugar lleg\u00f3 personal de Polic\u00eda Cient\u00edfica para peritar la zona donde sucedi\u00f3 el hecho.<\/strong><\/p>\n<p>&nbsp;<\/p>\n<p><strong>El acusado fue trasladado a la Comisar\u00eda Segunda,<\/strong> donde qued\u00f3 a disposici\u00f3n de la fiscal Viviana Beyt\u00eda, quien encabeza la Secretar\u00eda especializada en Violencia Familiar y de G\u00e9nero.<\/p>\n<p>&nbsp;<\/p>\n<p>Seg\u00fan logr\u00f3 saber Central de Noticias,<strong> la persona que efectu\u00f3 el disparo declar\u00f3 y<em> \u201cdio su versi\u00f3n de los hechos\u201d<\/em> y tras ello fue notificado oficialmente que la causa fue caratulada como <em>\u201cintento de homicidio\u201d<\/em> y <em>\u201ctenencia ilegal de arma de fuego de uso civil\u201d.<\/em><\/strong><\/p>\n","protected":false},"excerpt":{"rendered":"<p>Fue en la zona de Manuel Leal al 2900, donde el acusado dispar\u00f3 con una carabina y lo hiri\u00f3 en<\/p>\n","protected":false},"author":2,"featured_media":10711,"comment_status":"closed","ping_status":"closed","sticky":false,"template":"","format":"standard","meta":{"_jetpack_memberships_contains_paid_content":false,"footnotes":""},"categories":[14,1],"tags":[],"class_list":["post-10710","post","type-post","status-publish","format-standard","has-post-thumbnail","hentry","category-policiales","category-portada"],"jetpack_featured_media_url":"https:\/\/i0.wp.com\/cdnoticias.com\/wp-content\/uploads\/2021\/01\/WhatsApp-Image-2021-01-05-at-12.06.39.jpeg?fit=1280%2C960&ssl=1","jetpack_sharing_enabled":true,"_links":{"self":[{"href":"https:\/\/cdnoticias.com\/index.php\/wp-json\/wp\/v2\/posts\/10710","targetHints":{"allow":["GET"]}}],"collection":[{"href":"https:\/\/cdnoticias.com\/index.php\/wp-json\/wp\/v2\/posts"}],"about":[{"href":"https:\/\/cdnoticias.com\/index.php\/wp-json\/wp\/v2\/types\/post"}],"author":[{"embeddable":true,"href":"https:\/\/cdnoticias.com\/index.php\/wp-json\/wp\/v2\/users\/2"}],"replies":[{"embeddable":true,"href":"https:\/\/cdnoticias.com\/index.php\/wp-json\/wp\/v2\/comments?post=10710"}],"version-history":[{"count":0,"href":"https:\/\/cdnoticias.com\/index.php\/wp-json\/wp\/v2\/posts\/10710\/revisions"}],"wp:featuredmedia":[{"embeddable":true,"href":"https:\/\/cdnoticias.com\/index.php\/wp-json\/wp\/v2\/media\/10711"}],"wp:attachment":[{"href":"https:\/\/cdnoticias.com\/index.php\/wp-json\/wp\/v2\/media?parent=10710"}],"wp:term":[{"taxonomy":"category","embeddable":true,"href":"https:\/\/cdnoticias.com\/index.php\/wp-json\/wp\/v2\/categories?post=10710"},{"taxonomy":"post_tag","embeddable":true,"href":"https:\/\/cdnoticias.com\/index.php\/wp-json\/wp\/v2\/tags?post=10710"}],"curies":[{"name":"wp","href":"https:\/\/api.w.org\/{rel}","templated":true}]}}