{"id":107095,"date":"2024-01-19T09:27:02","date_gmt":"2024-01-19T12:27:02","guid":{"rendered":"https:\/\/cdnoticias.com\/?p=107095"},"modified":"2024-01-19T09:27:04","modified_gmt":"2024-01-19T12:27:04","slug":"incendio-en-una-casa-demando-la-labor-de-dos-dotaciones-de-bomberos","status":"publish","type":"post","link":"https:\/\/cdnoticias.com\/index.php\/2024\/01\/19\/incendio-en-una-casa-demando-la-labor-de-dos-dotaciones-de-bomberos\/","title":{"rendered":"Incendio en una casa demand\u00f3 la labor de dos dotaciones de Bomberos"},"content":{"rendered":"<p>Las llamas se declararon pasadas las 22 del jueves. Una polic\u00eda requiri\u00f3 atenci\u00f3n m\u00e9dica.<!--more--><\/p>\n<hr \/>\n<p><strong>Este jueves pasadas las 22<\/strong> se declar\u00f3 un <strong>incendio<\/strong> en una vivienda.<\/p>\n<p>Fue en <strong>Guisasola al 1600<\/strong> hasta donde se dirigieron <strong>dos dotaciones del Cuartel Central de Bomberos<\/strong> para controlar las llamas.<\/p>\n<p>Fueron convocadas las <strong>unidades 21 y 25<\/strong> a cargo de <strong>Sergio Iyarza<\/strong>.<\/p>\n<p><strong>Una polic\u00eda requiri\u00f3 atenci\u00f3n m\u00e9dica<\/strong> en el marco del caso ya que <strong>fue agredida por una mujer, habitante de la vivienda afectada<\/strong> por el fuego. La uniformada fue <strong>trasladada al Hospital<\/strong>.<\/p>\n","protected":false},"excerpt":{"rendered":"<p>Las llamas se declararon pasadas las 22 del jueves. Una polic\u00eda requiri\u00f3 atenci\u00f3n m\u00e9dica.<\/p>\n","protected":false},"author":4,"featured_media":107096,"comment_status":"closed","ping_status":"closed","sticky":false,"template":"","format":"standard","meta":{"_jetpack_memberships_contains_paid_content":false,"footnotes":""},"categories":[14,1],"tags":[],"class_list":["post-107095","post","type-post","status-publish","format-standard","has-post-thumbnail","hentry","category-policiales","category-portada"],"jetpack_featured_media_url":"https:\/\/i0.wp.com\/cdnoticias.com\/wp-content\/uploads\/2024\/01\/principio-de-incendio-guisasola-1600.jpg?fit=1600%2C890&ssl=1","jetpack_sharing_enabled":true,"_links":{"self":[{"href":"https:\/\/cdnoticias.com\/index.php\/wp-json\/wp\/v2\/posts\/107095","targetHints":{"allow":["GET"]}}],"collection":[{"href":"https:\/\/cdnoticias.com\/index.php\/wp-json\/wp\/v2\/posts"}],"about":[{"href":"https:\/\/cdnoticias.com\/index.php\/wp-json\/wp\/v2\/types\/post"}],"author":[{"embeddable":true,"href":"https:\/\/cdnoticias.com\/index.php\/wp-json\/wp\/v2\/users\/4"}],"replies":[{"embeddable":true,"href":"https:\/\/cdnoticias.com\/index.php\/wp-json\/wp\/v2\/comments?post=107095"}],"version-history":[{"count":0,"href":"https:\/\/cdnoticias.com\/index.php\/wp-json\/wp\/v2\/posts\/107095\/revisions"}],"wp:featuredmedia":[{"embeddable":true,"href":"https:\/\/cdnoticias.com\/index.php\/wp-json\/wp\/v2\/media\/107096"}],"wp:attachment":[{"href":"https:\/\/cdnoticias.com\/index.php\/wp-json\/wp\/v2\/media?parent=107095"}],"wp:term":[{"taxonomy":"category","embeddable":true,"href":"https:\/\/cdnoticias.com\/index.php\/wp-json\/wp\/v2\/categories?post=107095"},{"taxonomy":"post_tag","embeddable":true,"href":"https:\/\/cdnoticias.com\/index.php\/wp-json\/wp\/v2\/tags?post=107095"}],"curies":[{"name":"wp","href":"https:\/\/api.w.org\/{rel}","templated":true}]}}