{"id":10704,"date":"2021-01-05T18:13:12","date_gmt":"2021-01-05T21:13:12","guid":{"rendered":"http:\/\/www.centraldenoticias.com.ar\/?p=10704"},"modified":"2021-01-05T18:20:23","modified_gmt":"2021-01-05T21:20:23","slug":"daniel-gollan-sobre-las-vacunas-queremos-que-se-investigue-lo-sucedido","status":"publish","type":"post","link":"https:\/\/cdnoticias.com\/index.php\/2021\/01\/05\/daniel-gollan-sobre-las-vacunas-queremos-que-se-investigue-lo-sucedido\/","title":{"rendered":"Daniel Gollan sobre las vacunas: \u201cqueremos que se investigue lo sucedido\u201d"},"content":{"rendered":"<p>El ministro de Salud de la provincia de Buenos Aires, habl\u00f3 sobre la p\u00e9rdida de las 400 dosis de la vacuna contra el coronavirus. Consider\u00f3 como \u201cllamativo\u201d el hecho ocurrido en nuestra ciudad.<!--more--><\/p>\n<hr \/>\n<p>El ministro de Salud bonaerense, Daniel Gollan, consider\u00f3 <strong><em>&#8220;llamativo&#8221;<\/em><\/strong> que unas <a href=\"https:\/\/cdnoticias.com\/index.php\/2021\/01\/04\/por-la-perdida-de-la-cadena-de-frio-debieron-tirar-todas-las-vacunas-contra-el-coronavirus\/\" target=\"_blank\" rel=\"noopener\">400 dosis de vacuna Sputnik V quedaran inutilizadas, tras perder la cadena de fr\u00edo<\/a> en el Hospital Oncol\u00f3gico de Olavarr\u00eda y afirm\u00f3 que ante esa situaci\u00f3n<em> &#8220;se inici\u00f3 un sumario&#8221;<\/em> y se efectu\u00f3 una <strong><em>&#8220;denuncia judicial para que se investigue&#8221;<\/em><\/strong> <strong>el hecho.<\/strong><\/p>\n<p>&nbsp;<\/p>\n<p><strong><em>&#8220;Nosotros tenemos 160 puntos de vacunaci\u00f3n con sus respectivos freezer y term\u00f3metro de control, grupo electr\u00f3geno por si falla la electricidad y su propio sistema de monitoreo&#8221;<\/em><\/strong>, explic\u00f3 Gollan en declaraciones al canal de noticias TN.<\/p>\n<p>&nbsp;<\/p>\n<p>El titular de la cartera sanitaria provincial detall\u00f3 as\u00ed el <strong>funcionamiento de los centros de vacunaci\u00f3n instalados en territorio bonaerense<\/strong> para aplicar la vacuna a los trabajadores de salud de la Provincia.<\/p>\n<p>&nbsp;<\/p>\n<p><em>&#8220;Iniciamos un sumario e hicimos la denuncia judicial&#8221;<\/em>, expres\u00f3 al ser consultado sobre la situaci\u00f3n registrada en el Hospital Oncol\u00f3gico de Olavarr\u00eda, donde quedaron inutilizadas unas 400 dosis de vacuna porque perdieron la cadena de fr\u00edo.<\/p>\n<blockquote><p>&nbsp;<\/p>\n<p>&#8220;La perilla que fue dejada a una temperatura a la noche fue girada a 26 grados y la \u00fanica c\u00e1mara de seguridad que enfocaba all\u00ed fue apagada&#8221;, explic\u00f3.<\/p><\/blockquote>\n<p>&nbsp;<\/p>\n<p>Para Gollan este hecho<em> &#8220;es llamativo&#8221;<\/em> y agreg\u00f3 que <strong><em>&#8220;esto nos lo informaron las autoridades (del Hospital), que una c\u00e1mara dej\u00f3 de funcionar en el mismo momento en que la perilla cambi\u00f3 de posici\u00f3n, esa fue la \u00fanica c\u00e1mara que dej\u00f3 de funcionar&#8221;.<\/em><\/strong><\/p>\n<p>&nbsp;<\/p>\n<p><em>&#8220;Queremos que se investigue qu\u00e9 sucedi\u00f3 all\u00ed&#8221;<\/em>, enfatiz\u00f3 el ministro de salud bonaerense.<\/p>\n<p>&nbsp;<\/p>\n<p>Fuente: T\u00e9lam<\/p>\n","protected":false},"excerpt":{"rendered":"<p>El ministro de Salud de la provincia de Buenos Aires, habl\u00f3 sobre la p\u00e9rdida de las 400 dosis de la<\/p>\n","protected":false},"author":5,"featured_media":9008,"comment_status":"closed","ping_status":"closed","sticky":false,"template":"","format":"standard","meta":{"_jetpack_memberships_contains_paid_content":false,"footnotes":""},"categories":[6,1],"tags":[],"class_list":["post-10704","post","type-post","status-publish","format-standard","has-post-thumbnail","hentry","category-nacionales","category-portada"],"jetpack_featured_media_url":"https:\/\/i0.wp.com\/cdnoticias.com\/wp-content\/uploads\/2020\/12\/conferencia-gollan-800x445.jpg?fit=992%2C552&ssl=1","jetpack_sharing_enabled":true,"_links":{"self":[{"href":"https:\/\/cdnoticias.com\/index.php\/wp-json\/wp\/v2\/posts\/10704","targetHints":{"allow":["GET"]}}],"collection":[{"href":"https:\/\/cdnoticias.com\/index.php\/wp-json\/wp\/v2\/posts"}],"about":[{"href":"https:\/\/cdnoticias.com\/index.php\/wp-json\/wp\/v2\/types\/post"}],"author":[{"embeddable":true,"href":"https:\/\/cdnoticias.com\/index.php\/wp-json\/wp\/v2\/users\/5"}],"replies":[{"embeddable":true,"href":"https:\/\/cdnoticias.com\/index.php\/wp-json\/wp\/v2\/comments?post=10704"}],"version-history":[{"count":0,"href":"https:\/\/cdnoticias.com\/index.php\/wp-json\/wp\/v2\/posts\/10704\/revisions"}],"wp:featuredmedia":[{"embeddable":true,"href":"https:\/\/cdnoticias.com\/index.php\/wp-json\/wp\/v2\/media\/9008"}],"wp:attachment":[{"href":"https:\/\/cdnoticias.com\/index.php\/wp-json\/wp\/v2\/media?parent=10704"}],"wp:term":[{"taxonomy":"category","embeddable":true,"href":"https:\/\/cdnoticias.com\/index.php\/wp-json\/wp\/v2\/categories?post=10704"},{"taxonomy":"post_tag","embeddable":true,"href":"https:\/\/cdnoticias.com\/index.php\/wp-json\/wp\/v2\/tags?post=10704"}],"curies":[{"name":"wp","href":"https:\/\/api.w.org\/{rel}","templated":true}]}}