{"id":107030,"date":"2024-01-19T08:45:20","date_gmt":"2024-01-19T11:45:20","guid":{"rendered":"https:\/\/cdnoticias.com\/?p=107030"},"modified":"2024-01-19T12:19:54","modified_gmt":"2024-01-19T15:19:54","slug":"amenazo-al-personal-policial-con-un-arma-de-fuego-y-fue-aprehendido","status":"publish","type":"post","link":"https:\/\/cdnoticias.com\/index.php\/2024\/01\/19\/amenazo-al-personal-policial-con-un-arma-de-fuego-y-fue-aprehendido\/","title":{"rendered":"Amenaz\u00f3 al personal policial con un arma de fuego y fue aprehendido"},"content":{"rendered":"\n<p>El hecho ocurri\u00f3 a ra\u00edz de una confrontaci\u00f3n familiar en Laprida al 4100.<\/p>\n\n\n\n<hr class=\"wp-block-separator aligncenter has-alpha-channel-opacity\"\/>\n\n\n\n<p>Este jueves, Comando de Patrullas<strong> aprehendi\u00f3 a un joven de 19 a\u00f1os luego de que amenazara con un arma de fuego al personal policial <\/strong>en Laprida al 4100.<\/p>\n\n\n\n<p><\/p>\n\n\n\n<p>El hecho ocurri\u00f3 cuando a ra\u00edz de un llamado, personal policial arrib\u00f3 al lugar en donde hab\u00eda una <strong>confrontaci\u00f3n familiar.<\/strong><\/p>\n\n\n\n<p><\/p>\n\n\n\n<p>El joven amenaz\u00f3 a los uniformados con un<strong> arma de fuego tipo revoler calibre 32 largo<\/strong>, el cual fue secuestrado para realizar fines periciales.<\/p>\n\n\n\n<p><\/p>\n\n\n\n<p>El aprehendido fue trasladado a Comisar\u00eda Segunda e interviene la UFI N\u00ba4 a cargo de la doctora Paula Serrano. El hecho se caratul\u00f3 como \u201c<strong><em>amenazas calificadas\u201d.<\/em><\/strong><\/p>\n","protected":false},"excerpt":{"rendered":"<p>El hecho ocurri\u00f3 a ra\u00edz de una confrontaci\u00f3n familiar en Laprida al 4100. Este jueves, Comando de Patrullas aprehendi\u00f3 a<\/p>\n","protected":false},"author":6,"featured_media":107032,"comment_status":"closed","ping_status":"closed","sticky":false,"template":"","format":"standard","meta":{"_jetpack_memberships_contains_paid_content":false,"footnotes":""},"categories":[14,1],"tags":[],"class_list":["post-107030","post","type-post","status-publish","format-standard","has-post-thumbnail","hentry","category-policiales","category-portada"],"jetpack_featured_media_url":"https:\/\/i0.wp.com\/cdnoticias.com\/wp-content\/uploads\/2024\/01\/amenazas-arma-de-fuego.png?fit=990%2C508&ssl=1","jetpack_sharing_enabled":true,"_links":{"self":[{"href":"https:\/\/cdnoticias.com\/index.php\/wp-json\/wp\/v2\/posts\/107030","targetHints":{"allow":["GET"]}}],"collection":[{"href":"https:\/\/cdnoticias.com\/index.php\/wp-json\/wp\/v2\/posts"}],"about":[{"href":"https:\/\/cdnoticias.com\/index.php\/wp-json\/wp\/v2\/types\/post"}],"author":[{"embeddable":true,"href":"https:\/\/cdnoticias.com\/index.php\/wp-json\/wp\/v2\/users\/6"}],"replies":[{"embeddable":true,"href":"https:\/\/cdnoticias.com\/index.php\/wp-json\/wp\/v2\/comments?post=107030"}],"version-history":[{"count":0,"href":"https:\/\/cdnoticias.com\/index.php\/wp-json\/wp\/v2\/posts\/107030\/revisions"}],"wp:featuredmedia":[{"embeddable":true,"href":"https:\/\/cdnoticias.com\/index.php\/wp-json\/wp\/v2\/media\/107032"}],"wp:attachment":[{"href":"https:\/\/cdnoticias.com\/index.php\/wp-json\/wp\/v2\/media?parent=107030"}],"wp:term":[{"taxonomy":"category","embeddable":true,"href":"https:\/\/cdnoticias.com\/index.php\/wp-json\/wp\/v2\/categories?post=107030"},{"taxonomy":"post_tag","embeddable":true,"href":"https:\/\/cdnoticias.com\/index.php\/wp-json\/wp\/v2\/tags?post=107030"}],"curies":[{"name":"wp","href":"https:\/\/api.w.org\/{rel}","templated":true}]}}