{"id":107029,"date":"2024-01-19T18:01:04","date_gmt":"2024-01-19T21:01:04","guid":{"rendered":"https:\/\/cdnoticias.com\/?p=107029"},"modified":"2024-01-19T18:01:06","modified_gmt":"2024-01-19T21:01:06","slug":"fusca-club-colectiva-la-fusion-musical-que-arriba-a-chamula-este-domingo","status":"publish","type":"post","link":"https:\/\/cdnoticias.com\/index.php\/2024\/01\/19\/fusca-club-colectiva-la-fusion-musical-que-arriba-a-chamula-este-domingo\/","title":{"rendered":"Fusca Club + Colectiva: la fusi\u00f3n musical que arriba a Chamula este domingo"},"content":{"rendered":"\n<p>Se trata de dos bandas de m\u00fasicos olavarrienses surgidas en La Plata y Tandil. El show comenzar\u00e1 a las 21 en la \u201cTierra de las Artes\u201d con servicio de cantina y \u201csorpresas\u201d.<\/p>\n\n\n\n<hr class=\"wp-block-separator aligncenter has-alpha-channel-opacity is-style-wide\"\/>\n\n\n\n<p>Este domingo se presentar\u00e1n dos bandas en el espacio cultural <strong>Chamula, ubicado en Maip\u00fa 3756<\/strong>. Desde Tandil, <strong>Fusca Club<\/strong> con repertorio propio de<em> rap, rock e indie<\/em>. Por el otro lado <strong>Colectiva, una banda platense de covers de rock nacional <\/strong>que da sus primeros pasos. Los m\u00fasicos, <strong>Nahuel y Augusto,<\/strong> son oriundos de Olavarr\u00eda.<\/p>\n\n\n\n<p>\u201c<em>Estuvimos hablando y Augusto me dijo que tra\u00eda su banda a la ciudad y <strong>le dije que yo tambi\u00e9n ten\u00eda muchas ganas de hacer lo mismo as\u00ed que organizamos una fecha en conjunto<\/strong><\/em>\u201d coment\u00f3 a<strong> <\/strong>Central de Noticias<strong> Nahuel Gorosito<\/strong>, cantante y guitarrista de Fusca Club.<\/p>\n\n\n\n<figure class=\"wp-block-image size-full\"><img data-recalc-dims=\"1\" loading=\"lazy\" decoding=\"async\" width=\"800\" height=\"445\" src=\"https:\/\/i0.wp.com\/cdnoticias.com\/wp-content\/uploads\/2024\/01\/colectiva-banda.jpg?resize=800%2C445&#038;ssl=1\" alt=\"\" class=\"wp-image-107033\" srcset=\"https:\/\/i0.wp.com\/cdnoticias.com\/wp-content\/uploads\/2024\/01\/colectiva-banda.jpg?w=800&amp;ssl=1 800w, https:\/\/i0.wp.com\/cdnoticias.com\/wp-content\/uploads\/2024\/01\/colectiva-banda.jpg?resize=300%2C167&amp;ssl=1 300w, https:\/\/i0.wp.com\/cdnoticias.com\/wp-content\/uploads\/2024\/01\/colectiva-banda.jpg?resize=768%2C427&amp;ssl=1 768w\" sizes=\"auto, (max-width: 800px) 100vw, 800px\" \/><\/figure>\n\n\n\n<blockquote class=\"wp-block-quote is-layout-flow wp-block-quote-is-layout-flow\">\n<p>\u201cTenemos un tiempo ensayando y tocando. Venimos con m\u00e1s de 10 temas propios y la idea es grabar un disco\u201d se\u00f1al\u00f3 y adelant\u00f3 que el p\u00fablico va a escuchar \u201c<strong>un poco de rap, un poco de rock, de indie. Hasta hay un tango<\/strong>\u201d.<\/p>\n<\/blockquote>\n\n\n\n<p>El show comenzar\u00e1 este domingo a las 21. Habr\u00e1 servicio de cantina y \u201c<em>capaz alguna sorpresa<\/em>\u201d adelant\u00f3 Nahuel, que resalt\u00f3 que se trata de un \u201c<strong>reencuentro entre amigos<\/strong>\u201d. Tambi\u00e9n se vender\u00e1n entradas en puerta, aunque sugieren comprar anticipadas.<\/p>\n\n\n\n<figure class=\"wp-block-image size-full\"><img data-recalc-dims=\"1\" loading=\"lazy\" decoding=\"async\" width=\"800\" height=\"445\" src=\"https:\/\/i0.wp.com\/cdnoticias.com\/wp-content\/uploads\/2024\/01\/fusca-club-2.jpg?resize=800%2C445&#038;ssl=1\" alt=\"\" class=\"wp-image-107034\" srcset=\"https:\/\/i0.wp.com\/cdnoticias.com\/wp-content\/uploads\/2024\/01\/fusca-club-2.jpg?w=800&amp;ssl=1 800w, https:\/\/i0.wp.com\/cdnoticias.com\/wp-content\/uploads\/2024\/01\/fusca-club-2.jpg?resize=300%2C167&amp;ssl=1 300w, https:\/\/i0.wp.com\/cdnoticias.com\/wp-content\/uploads\/2024\/01\/fusca-club-2.jpg?resize=768%2C427&amp;ssl=1 768w\" sizes=\"auto, (max-width: 800px) 100vw, 800px\" \/><\/figure>\n\n\n\n<p>\u201c<em>Con Augusto hac\u00edamos m\u00fasica cuando est\u00e1bamos en Olavarr\u00eda, despu\u00e9s nuestras vidas se separaron al estar en distintas ciudades y ahora es lindo volver a tocar juntos. <strong>Andamos con ganas de tocar<\/strong>. El fin de semana pasado metimos tres fechas en Tandil y eso nos permiti\u00f3 viajar ahora. <strong>La idea es aprovechar el envi\u00f3n<\/strong><\/em>\u201d subray\u00f3.<\/p>\n\n\n\n<p><\/p>\n\n\n\n<p>Para comprar entradas anticipadas: 2284 21 4182 (Nahuel) o 2284 510064 (Augusto)<\/p>\n","protected":false},"excerpt":{"rendered":"<p>Se trata de dos bandas de m\u00fasicos olavarrienses surgidas en La Plata y Tandil. El show comenzar\u00e1 a las 21<\/p>\n","protected":false},"author":2,"featured_media":107031,"comment_status":"closed","ping_status":"closed","sticky":false,"template":"","format":"standard","meta":{"_jetpack_memberships_contains_paid_content":false,"footnotes":""},"categories":[9,1],"tags":[],"class_list":["post-107029","post","type-post","status-publish","format-standard","has-post-thumbnail","hentry","category-cultura","category-portada"],"jetpack_featured_media_url":"https:\/\/i0.wp.com\/cdnoticias.com\/wp-content\/uploads\/2024\/01\/fusca-club-1.jpg?fit=800%2C445&ssl=1","jetpack_sharing_enabled":true,"_links":{"self":[{"href":"https:\/\/cdnoticias.com\/index.php\/wp-json\/wp\/v2\/posts\/107029","targetHints":{"allow":["GET"]}}],"collection":[{"href":"https:\/\/cdnoticias.com\/index.php\/wp-json\/wp\/v2\/posts"}],"about":[{"href":"https:\/\/cdnoticias.com\/index.php\/wp-json\/wp\/v2\/types\/post"}],"author":[{"embeddable":true,"href":"https:\/\/cdnoticias.com\/index.php\/wp-json\/wp\/v2\/users\/2"}],"replies":[{"embeddable":true,"href":"https:\/\/cdnoticias.com\/index.php\/wp-json\/wp\/v2\/comments?post=107029"}],"version-history":[{"count":0,"href":"https:\/\/cdnoticias.com\/index.php\/wp-json\/wp\/v2\/posts\/107029\/revisions"}],"wp:featuredmedia":[{"embeddable":true,"href":"https:\/\/cdnoticias.com\/index.php\/wp-json\/wp\/v2\/media\/107031"}],"wp:attachment":[{"href":"https:\/\/cdnoticias.com\/index.php\/wp-json\/wp\/v2\/media?parent=107029"}],"wp:term":[{"taxonomy":"category","embeddable":true,"href":"https:\/\/cdnoticias.com\/index.php\/wp-json\/wp\/v2\/categories?post=107029"},{"taxonomy":"post_tag","embeddable":true,"href":"https:\/\/cdnoticias.com\/index.php\/wp-json\/wp\/v2\/tags?post=107029"}],"curies":[{"name":"wp","href":"https:\/\/api.w.org\/{rel}","templated":true}]}}