{"id":107002,"date":"2024-01-18T12:13:16","date_gmt":"2024-01-18T15:13:16","guid":{"rendered":"https:\/\/cdnoticias.com\/?p=107002"},"modified":"2024-01-18T17:33:33","modified_gmt":"2024-01-18T20:33:33","slug":"con-destacada-presencia-olavarriense-se-realizo-el-plenario-de-la-militancia-en-azul","status":"publish","type":"post","link":"https:\/\/cdnoticias.com\/index.php\/2024\/01\/18\/con-destacada-presencia-olavarriense-se-realizo-el-plenario-de-la-militancia-en-azul\/","title":{"rendered":"Con destacada presencia olavarriense se realiz\u00f3 el \u201cPlenario de la Militancia\u201d en Azul"},"content":{"rendered":"<p>Ratificaron la adhesi\u00f3n al paro nacional del 24 de enero. La titular de la CTA-T regional Olavarr\u00eda, Hosanna Cazola, estuvo a cargo del cierre. Estuvieron los dirigentes provinciales, regionales y distritales de las CTA. Tambi\u00e9n los intendentes Nelson Sombra y Gustavo Cocconi, y la diputada Laura Aolisi.<\/p>\n<p><!--more--><\/p>\n<hr \/>\n<p><strong>Organizado por las regionales de la CTA-T, CTA-A, FETRAES y UTEP, se llev\u00f3 adelante el Plenario de la Militancia de la S\u00e9ptima Secci\u00f3n<\/strong> este mi\u00e9rcoles. Fue en el Sal\u00f3n de Usos M\u00faltiples Art\u00edsticos y Comunitarios de la ciudad de Azul y all\u00ed <strong>se acreditaron m\u00e1s de 200 personas<\/strong>. El plenario comenz\u00f3 pasadas las 18 y fue conducido y moderado por<strong> Hosanna Cazola (secretaria general de la Regional Olavarr\u00eda de la CTA de los Trabajadores) y Vanina Zurita (secretaria general de la Regional Centro de la CTA Aut\u00f3noma).<\/strong><\/p>\n<p>Durante el plenario fueron alternando el uso de la palabra <strong>representantes y referentes sindicales de diferentes espacios y militantes de base de toda la secci\u00f3n<\/strong> electoral.<\/p>\n<p><img data-recalc-dims=\"1\" loading=\"lazy\" decoding=\"async\" class=\"size-full wp-image-107009 aligncenter\" src=\"https:\/\/i0.wp.com\/cdnoticias.com\/wp-content\/uploads\/2024\/01\/plenario-CTA-en-azul-03-hosanna-cazola-vanina-zurita.jpg?resize=800%2C446&#038;ssl=1\" alt=\"\" width=\"800\" height=\"446\" srcset=\"https:\/\/i0.wp.com\/cdnoticias.com\/wp-content\/uploads\/2024\/01\/plenario-CTA-en-azul-03-hosanna-cazola-vanina-zurita.jpg?w=800&amp;ssl=1 800w, https:\/\/i0.wp.com\/cdnoticias.com\/wp-content\/uploads\/2024\/01\/plenario-CTA-en-azul-03-hosanna-cazola-vanina-zurita.jpg?resize=300%2C167&amp;ssl=1 300w, https:\/\/i0.wp.com\/cdnoticias.com\/wp-content\/uploads\/2024\/01\/plenario-CTA-en-azul-03-hosanna-cazola-vanina-zurita.jpg?resize=768%2C428&amp;ssl=1 768w\" sizes=\"auto, (max-width: 800px) 100vw, 800px\" \/><\/p>\n<blockquote><p>\u201cTodas las personas que se expresaron lo hicieron en apoyo a la creaci\u00f3n de las multisectoriales que se vienen constituyendo a lo largo y ancho del pa\u00eds y al paro nacional del 24 de enero, para mostrar de manera masiva el rechazo al DNU del gobierno ejecutivo nacional\u201d se inform\u00f3.<\/p><\/blockquote>\n<p><strong>Brian Morales, en nombre de la UTEP<\/strong> reafirm\u00f3 la importancia de la unidad de les trabajadores y que el DNU est\u00e1 hecho a medida del sector financiero; por su parte <strong>el olavarriense Enrique Hohl (UTEP Agraria),<\/strong> plante\u00f3 la importancia de generar articulaciones en todas las comunidades, para frenar el avance de la derecha en todos los niveles y que el desarraigo de las familias productoras genera tambi\u00e9n menos oferta de alimentos para el propio pueblo.<\/p>\n<p><img data-recalc-dims=\"1\" loading=\"lazy\" decoding=\"async\" class=\"size-full wp-image-107005 aligncenter\" src=\"https:\/\/i0.wp.com\/cdnoticias.com\/wp-content\/uploads\/2024\/01\/plenario-CTA-en-azul-06.jpg?resize=800%2C445&#038;ssl=1\" alt=\"\" width=\"800\" height=\"445\" srcset=\"https:\/\/i0.wp.com\/cdnoticias.com\/wp-content\/uploads\/2024\/01\/plenario-CTA-en-azul-06.jpg?w=800&amp;ssl=1 800w, https:\/\/i0.wp.com\/cdnoticias.com\/wp-content\/uploads\/2024\/01\/plenario-CTA-en-azul-06.jpg?resize=300%2C167&amp;ssl=1 300w, https:\/\/i0.wp.com\/cdnoticias.com\/wp-content\/uploads\/2024\/01\/plenario-CTA-en-azul-06.jpg?resize=768%2C427&amp;ssl=1 768w\" sizes=\"auto, (max-width: 800px) 100vw, 800px\" \/><\/p>\n<p>La<strong> diputada por la S\u00e9ptima secci\u00f3n, Laura Aliosi<\/strong>, cont\u00f3 el trabajo que se viene haciendo desde la c\u00e1mara baja a nivel provincial y destac\u00f3 el rol fundamental del gobernador Axel Kicillof para defender los derechos y la calidad de vida de la ciudadan\u00eda bonaerense.<\/p>\n<p>El <strong>presidente de la FETRAES (Federaci\u00f3n de Trabajadores de la Econom\u00eda Social), Eduardo \u201cEl negro\u201d Mont\u00e9s<\/strong> celebr\u00f3 la construcci\u00f3n del plenario y que si se logra un buen nivel de organizaci\u00f3n no hay protocolo que pueda contra el pueblo en la calle.<\/p>\n<p><img data-recalc-dims=\"1\" loading=\"lazy\" decoding=\"async\" class=\"size-full wp-image-107003 aligncenter\" src=\"https:\/\/i0.wp.com\/cdnoticias.com\/wp-content\/uploads\/2024\/01\/plenario-CTA-en-azul-04.jpg?resize=800%2C446&#038;ssl=1\" alt=\"\" width=\"800\" height=\"446\" srcset=\"https:\/\/i0.wp.com\/cdnoticias.com\/wp-content\/uploads\/2024\/01\/plenario-CTA-en-azul-04.jpg?w=800&amp;ssl=1 800w, https:\/\/i0.wp.com\/cdnoticias.com\/wp-content\/uploads\/2024\/01\/plenario-CTA-en-azul-04.jpg?resize=300%2C167&amp;ssl=1 300w, https:\/\/i0.wp.com\/cdnoticias.com\/wp-content\/uploads\/2024\/01\/plenario-CTA-en-azul-04.jpg?resize=768%2C428&amp;ssl=1 768w\" sizes=\"auto, (max-width: 800px) 100vw, 800px\" \/><\/p>\n<p><strong>Claudio Ar\u00e9valo, Sec. Gral de ATE Bs. As.<\/strong>, continu\u00f3 en la misma l\u00ednea. Plante\u00f3 que en unidad se puede torcer el brazo de pol\u00edticas neoliberales y tambi\u00e9n celebr\u00f3 la postura de Axel Kicillof, que se opuso al ajuste y al protocolo represivo de este gobierno.<\/p>\n<p>Adem\u00e1s, hubo <strong>dos intendentes en el Plenario. Nelson Sombra<\/strong>, flamante conducci\u00f3n del gobierno azule\u00f1o, que resalt\u00f3 la importancia de la organizaci\u00f3n ante este nuevo embate de la derecha con el DNU y la Ley \u00d3mnibus; mientras<strong> Gustavo Cocconi<\/strong>, intendente reelecto de Tapalqu\u00e9, expres\u00f3 la necesidad de generar un pueblo cr\u00edtico frente al avance de la derecha, porque \u201cno todo se vende en nuestra patria\u201d.<\/p>\n<p><img data-recalc-dims=\"1\" loading=\"lazy\" decoding=\"async\" class=\"size-full wp-image-107004 aligncenter\" src=\"https:\/\/i0.wp.com\/cdnoticias.com\/wp-content\/uploads\/2024\/01\/plenario-CTA-en-azul-05.jpg?resize=800%2C445&#038;ssl=1\" alt=\"\" width=\"800\" height=\"445\" srcset=\"https:\/\/i0.wp.com\/cdnoticias.com\/wp-content\/uploads\/2024\/01\/plenario-CTA-en-azul-05.jpg?w=800&amp;ssl=1 800w, https:\/\/i0.wp.com\/cdnoticias.com\/wp-content\/uploads\/2024\/01\/plenario-CTA-en-azul-05.jpg?resize=300%2C167&amp;ssl=1 300w, https:\/\/i0.wp.com\/cdnoticias.com\/wp-content\/uploads\/2024\/01\/plenario-CTA-en-azul-05.jpg?resize=768%2C427&amp;ssl=1 768w\" sizes=\"auto, (max-width: 800px) 100vw, 800px\" \/><\/p>\n<p>El <strong>cierre del plenario<\/strong> estuvo a cargo de los referentes de las dos CTA. <strong>Ra\u00fal Calamante (Sec. Adjunto de la CTA-T Bs. As.),<\/strong> enfatiz\u00f3 la importancia de que Uni\u00f3n por la Patria haya ganado en las elecciones generales en toda la provincia y en varios distritos de la s\u00e9ptima; que el trabajo que se tiene por delante es el de batalla cultural, que por eso atacan al cine, a las bibliotecas populares, a la m\u00fasica y el teatro; adem\u00e1s dijo que <strong>\u201cla \u00fanica explicaci\u00f3n a tantas privatizaciones de empresas nacionales que dan ganancia es la implementaci\u00f3n de un programa neocolonial\u201d<\/strong>, por eso cada disputa es importante y es tan urgente transformar la bronca en organizaci\u00f3n y resistencia y que nadie debe subestimar la historia de lucha del movimiento obrero y del pueblo argentino.<\/p>\n<p>Finalmente,<strong> Oscar \u201cColo\u201d De Isasi (Sec. Gral de CTA-A Bs. As.)<\/strong> plante\u00f3 que \u201cm\u00e1s democracia significa no s\u00f3lo votar cada dos a\u00f1os, sino habilitar \u00e1mbitos de participaci\u00f3n popular en lo cotidiano para luego poder acceder a una m\u00e1s justa redistribuci\u00f3n de la riqueza, eso es la justicia social\u201d, seg\u00fan se detall\u00f3. Adem\u00e1s resalt\u00f3 que \u201cla unidad es un valor estrat\u00e9gico pero, en este tiempo, es vital\u201d.<\/p>\n<p><img data-recalc-dims=\"1\" loading=\"lazy\" decoding=\"async\" class=\"size-full wp-image-107008 aligncenter\" src=\"https:\/\/i0.wp.com\/cdnoticias.com\/wp-content\/uploads\/2024\/01\/plenario-CTA-en-azul-02-oscar-de-isasi.jpg?resize=800%2C445&#038;ssl=1\" alt=\"\" width=\"800\" height=\"445\" srcset=\"https:\/\/i0.wp.com\/cdnoticias.com\/wp-content\/uploads\/2024\/01\/plenario-CTA-en-azul-02-oscar-de-isasi.jpg?w=800&amp;ssl=1 800w, https:\/\/i0.wp.com\/cdnoticias.com\/wp-content\/uploads\/2024\/01\/plenario-CTA-en-azul-02-oscar-de-isasi.jpg?resize=300%2C167&amp;ssl=1 300w, https:\/\/i0.wp.com\/cdnoticias.com\/wp-content\/uploads\/2024\/01\/plenario-CTA-en-azul-02-oscar-de-isasi.jpg?resize=768%2C427&amp;ssl=1 768w\" sizes=\"auto, (max-width: 800px) 100vw, 800px\" \/><\/p>\n<p>Sostuvo que el pueblo argentino <strong>\u201ces un pueblo de lucha, que es profundamente solidario y eso hace que no puedan ignorar los niveles de organizaci\u00f3n que hemos construido y que podemos profundizar, porque las victorias y las derrotas electorales se han construido primero en las calles, y por eso es central el paro y la movilizaci\u00f3n en todo el territorio nacional este 24 de enero\u201d.<\/strong><\/p>\n<blockquote><p>El plenario culmin\u00f3 con palabras de la olavarriense Hosanna Cazola, quien adem\u00e1s es concejal de Uni\u00f3n por la Patria. Celebr\u00f3 la creaci\u00f3n de la multisectorial de la s\u00e9ptima secci\u00f3n con tanta participaci\u00f3n de militantes, de dirigentes, de trabajadores y trabajadoras y \u201cque se volver\u00e1n a encontrar en la movilizaci\u00f3n del 24 y en todos los espacios de resistencia y de lucha para defender la patria\u201d.<\/p><\/blockquote>\n<p><img data-recalc-dims=\"1\" loading=\"lazy\" decoding=\"async\" class=\"size-full wp-image-107007 aligncenter\" src=\"https:\/\/i0.wp.com\/cdnoticias.com\/wp-content\/uploads\/2024\/01\/plenario-CTA-en-azul-01-hosanna-cazola.jpg?resize=800%2C445&#038;ssl=1\" alt=\"\" width=\"800\" height=\"445\" srcset=\"https:\/\/i0.wp.com\/cdnoticias.com\/wp-content\/uploads\/2024\/01\/plenario-CTA-en-azul-01-hosanna-cazola.jpg?w=800&amp;ssl=1 800w, https:\/\/i0.wp.com\/cdnoticias.com\/wp-content\/uploads\/2024\/01\/plenario-CTA-en-azul-01-hosanna-cazola.jpg?resize=300%2C167&amp;ssl=1 300w, https:\/\/i0.wp.com\/cdnoticias.com\/wp-content\/uploads\/2024\/01\/plenario-CTA-en-azul-01-hosanna-cazola.jpg?resize=768%2C427&amp;ssl=1 768w\" sizes=\"auto, (max-width: 800px) 100vw, 800px\" \/><\/p>\n","protected":false},"excerpt":{"rendered":"<p>Ratificaron la adhesi\u00f3n al paro nacional del 24 de enero. La titular de la CTA-T regional Olavarr\u00eda, Hosanna Cazola, estuvo<\/p>\n","protected":false},"author":4,"featured_media":107006,"comment_status":"closed","ping_status":"closed","sticky":false,"template":"","format":"standard","meta":{"_jetpack_memberships_contains_paid_content":false,"footnotes":""},"categories":[4,1],"tags":[],"class_list":["post-107002","post","type-post","status-publish","format-standard","has-post-thumbnail","hentry","category-politica","category-portada"],"jetpack_featured_media_url":"https:\/\/i0.wp.com\/cdnoticias.com\/wp-content\/uploads\/2024\/01\/plenario-CTA-en-azul-00-hosanna-cazola.jpg?fit=800%2C445&ssl=1","jetpack_sharing_enabled":true,"_links":{"self":[{"href":"https:\/\/cdnoticias.com\/index.php\/wp-json\/wp\/v2\/posts\/107002","targetHints":{"allow":["GET"]}}],"collection":[{"href":"https:\/\/cdnoticias.com\/index.php\/wp-json\/wp\/v2\/posts"}],"about":[{"href":"https:\/\/cdnoticias.com\/index.php\/wp-json\/wp\/v2\/types\/post"}],"author":[{"embeddable":true,"href":"https:\/\/cdnoticias.com\/index.php\/wp-json\/wp\/v2\/users\/4"}],"replies":[{"embeddable":true,"href":"https:\/\/cdnoticias.com\/index.php\/wp-json\/wp\/v2\/comments?post=107002"}],"version-history":[{"count":0,"href":"https:\/\/cdnoticias.com\/index.php\/wp-json\/wp\/v2\/posts\/107002\/revisions"}],"wp:featuredmedia":[{"embeddable":true,"href":"https:\/\/cdnoticias.com\/index.php\/wp-json\/wp\/v2\/media\/107006"}],"wp:attachment":[{"href":"https:\/\/cdnoticias.com\/index.php\/wp-json\/wp\/v2\/media?parent=107002"}],"wp:term":[{"taxonomy":"category","embeddable":true,"href":"https:\/\/cdnoticias.com\/index.php\/wp-json\/wp\/v2\/categories?post=107002"},{"taxonomy":"post_tag","embeddable":true,"href":"https:\/\/cdnoticias.com\/index.php\/wp-json\/wp\/v2\/tags?post=107002"}],"curies":[{"name":"wp","href":"https:\/\/api.w.org\/{rel}","templated":true}]}}