{"id":106993,"date":"2024-01-18T10:56:36","date_gmt":"2024-01-18T13:56:36","guid":{"rendered":"https:\/\/cdnoticias.com\/?p=106993"},"modified":"2024-01-18T14:17:51","modified_gmt":"2024-01-18T17:17:51","slug":"sin-anuncio-subieron-mas-de-90-los-boletos-de-colectivo-urbano-e-interurbano","status":"publish","type":"post","link":"https:\/\/cdnoticias.com\/index.php\/2024\/01\/18\/sin-anuncio-subieron-mas-de-90-los-boletos-de-colectivo-urbano-e-interurbano\/","title":{"rendered":"Sin anuncio, subieron m\u00e1s de 90% los boletos de colectivo urbano e interurbano"},"content":{"rendered":"<p>Desde este jueves rigen los nuevos valores. El boleto m\u00ednimo urbano qued\u00f3 en 261,22 pesos y el boleto m\u00ednimo interurbano pas\u00f3 a 201,40 pesos.<\/p>\n<p><!--more--><\/p>\n<hr \/>\n<p><strong>Este jueves subieron los valores de los boletos de colectivos urbano e interurbano en Olavarr\u00eda<\/strong>. Las subas <strong>superan el 90%<\/strong> y se dispusieron<strong> por decreto<\/strong>, sin anuncio previo del Ejecutivo local.<\/p>\n<p>&nbsp; <\/p>\n<p>En tanto, durante la ma\u00f1ana <strong>los decretos se promulgaron<\/strong> mediante su publicaci\u00f3n en el sitio web de la Municipalidad.<\/p>\n<p>&nbsp; <\/p>\n<p>El <strong>decreto 131<\/strong> habilita la suba tarifaria para la <strong>empresa Botacura SRL<\/strong> concesionaria de la l\u00ednea urbana Tu Bus <strong>desde este jueves 18 de enero.<\/strong><\/p>\n<p>&nbsp; <\/p>\n<blockquote><p>El nuevo valor del boleto urbano es de 261,22 pesos y para los beneficiarios de la tarifa social el valor es de 117,55 pesos. La suba llega a 92,15%.<\/p><\/blockquote>\n<p>&nbsp; <\/p>\n<p><img data-recalc-dims=\"1\" loading=\"lazy\" decoding=\"async\" class=\"size-full wp-image-51077 aligncenter\" src=\"https:\/\/i0.wp.com\/cdnoticias.com\/wp-content\/uploads\/2022\/04\/colectivo-boleto-tu-bus-1.jpg?resize=800%2C445&#038;ssl=1\" alt=\"\" width=\"800\" height=\"445\" srcset=\"https:\/\/i0.wp.com\/cdnoticias.com\/wp-content\/uploads\/2022\/04\/colectivo-boleto-tu-bus-1.jpg?w=800&amp;ssl=1 800w, https:\/\/i0.wp.com\/cdnoticias.com\/wp-content\/uploads\/2022\/04\/colectivo-boleto-tu-bus-1.jpg?resize=300%2C167&amp;ssl=1 300w, https:\/\/i0.wp.com\/cdnoticias.com\/wp-content\/uploads\/2022\/04\/colectivo-boleto-tu-bus-1.jpg?resize=768%2C427&amp;ssl=1 768w\" sizes=\"auto, (max-width: 800px) 100vw, 800px\" \/><\/p>\n<p>&nbsp; <\/p>\n<p>En tanto, el <strong>decreto 130<\/strong> establece el incremento tarifario para la empresa<strong> Las Sierras de Olavarr\u00eda SRL<\/strong> que presta el servicio de recorridos interurbanos. De la misma manera, los precios fijados rigen <strong>desde la hora 0 de este jueves 18 de enero.<\/strong><\/p>\n<p>&nbsp; <\/p>\n<p>Los nuevos valores implican un <strong>incremento de 90,34%<\/strong> son:<\/p>\n<p>&nbsp; <\/p>\n<ul>\n<li><strong>Para la l\u00ednea 509:<\/strong> boleto m\u00ednimo 201,40 pesos y con tarifa social 90,46 pesos; de Olavarr\u00eda a Loma Negra 252,68 pesos y con tarifa social 113,70 pesos; de Olavarr\u00eda a Villa Mi Serran\u00eda 257,96 pesos y con tarifa social 116,07 pesos.<\/li>\n<\/ul>\n<ul>\n<li><strong>Para la l\u00ednea 510<\/strong>: boleto m\u00ednimo 201,40 pesos y con tarifa social 90,46 pesos; Olavarr\u00eda a Sierras Bayas 278,58 pesos y con tarifa social 125,36 pesos; de Olavarr\u00eda a Colonia San Miguel 299,27 pesos y con tarifa social 134,67 pesos.<\/li>\n<\/ul>\n<ul>\n<li>P<strong>ara la l\u00ednea 514<\/strong>: boleto m\u00ednimo 201,40 pesos y con tarifa social 90,46 pesos; de Olavarr\u00eda a Sierra Chica 232,09 pesos y con tarifa social 104,44 pesos; Olavarr\u00eda a Hinojo 257,96 y con tarifa social 116,07 pesos; Olavarr\u00eda a Colonia Hinojo 252,68 pesos y con tarifa social 113,70; Sierra Chica a Hinojo 232,09 pesos y con tarifa social 104,44 pesos; barrio Cuarteles a Colonia Hinojo 252,68 pesos y con tarifa social 113,70 pesos; y barrio Cuarteles a Hinojo 232,09 pesos y con tarifa social 104,44 pesos.<\/li>\n<\/ul>\n<p>&nbsp; <\/p>\n<p><img data-recalc-dims=\"1\" loading=\"lazy\" decoding=\"async\" class=\"size-full wp-image-85719 aligncenter\" src=\"https:\/\/i0.wp.com\/cdnoticias.com\/wp-content\/uploads\/2023\/05\/colectivo-las-sierras-interurbano-0.jpg?resize=800%2C445&#038;ssl=1\" alt=\"\" width=\"800\" height=\"445\" srcset=\"https:\/\/i0.wp.com\/cdnoticias.com\/wp-content\/uploads\/2023\/05\/colectivo-las-sierras-interurbano-0.jpg?w=800&amp;ssl=1 800w, https:\/\/i0.wp.com\/cdnoticias.com\/wp-content\/uploads\/2023\/05\/colectivo-las-sierras-interurbano-0.jpg?resize=300%2C167&amp;ssl=1 300w, https:\/\/i0.wp.com\/cdnoticias.com\/wp-content\/uploads\/2023\/05\/colectivo-las-sierras-interurbano-0.jpg?resize=768%2C427&amp;ssl=1 768w\" sizes=\"auto, (max-width: 800px) 100vw, 800px\" \/><\/p>\n<p>&nbsp; <\/p>\n<p>El aumento se habilit\u00f3 a partir de la<strong> \u201crequisitoria\u201d de las prestadoras \u201cen virtud de la variaci\u00f3n global de costos<\/strong> y en cumplimiento de la normativa vigente\u201d. Se argument\u00f3 en<em> \u201cgarantizar el acceso igualitario al servicio p\u00fablico y la calidad del mismo, es primordial mantener la ecuaci\u00f3n econ\u00f3mica financiera que no desnaturalice la prestaci\u00f3n obligatoria y el inter\u00e9s p\u00fablico comprometido\u201d<\/em>.<\/p>\n<p>&nbsp; <\/p>\n<p>Los decretos de suba tarifaria llevan las<em> firmas del intendente Maximiliano Wesner, la jefa de Gabiente Mercedes Land\u00edvar y de la secretaria de Hacienda, Eugenia Bezzoni.<\/em><\/p>\n<p>&nbsp; <\/p>\n<p>Cabe recordar que el Municipio puede dictar por decreto la suba tarifaria del transporte p\u00fablico en correspondencia a una medida provincial en el mismo tenor y hasta los mismos topes de aumento. En caso de pretender un incremento porcentual superior, las empresas deben presentar los pedidos al Concejo Deliberante. <a href=\"https:\/\/cdnoticias.com\/index.php\/2023\/06\/21\/rige-el-aumento-en-los-boletos-de-los-transportes-urbano-e-interurbano\/\" target=\"_blank\" rel=\"noopener\">El \u00faltimo aumento tarifario local se hab\u00eda dado de la misma manera el mi\u00e9rcoles 21 de junio de 2023<\/a>.<\/p>\n<p>&nbsp; <\/p>\n<p><img data-recalc-dims=\"1\" loading=\"lazy\" decoding=\"async\" class=\"size-large wp-image-106996 aligncenter\" src=\"https:\/\/i0.wp.com\/cdnoticias.com\/wp-content\/uploads\/2024\/01\/boleto-de-colectivo.jpg?resize=587%2C1024&#038;ssl=1\" alt=\"\" width=\"587\" height=\"1024\" srcset=\"https:\/\/i0.wp.com\/cdnoticias.com\/wp-content\/uploads\/2024\/01\/boleto-de-colectivo.jpg?resize=587%2C1024&amp;ssl=1 587w, https:\/\/i0.wp.com\/cdnoticias.com\/wp-content\/uploads\/2024\/01\/boleto-de-colectivo.jpg?resize=172%2C300&amp;ssl=1 172w, https:\/\/i0.wp.com\/cdnoticias.com\/wp-content\/uploads\/2024\/01\/boleto-de-colectivo.jpg?w=600&amp;ssl=1 600w\" sizes=\"auto, (max-width: 587px) 100vw, 587px\" \/><\/p>\n<p>&nbsp; <\/p>\n","protected":false},"excerpt":{"rendered":"<p>Desde este jueves rigen los nuevos valores. El boleto m\u00ednimo urbano qued\u00f3 en 261,22 pesos y el boleto m\u00ednimo interurbano<\/p>\n","protected":false},"author":4,"featured_media":51076,"comment_status":"closed","ping_status":"closed","sticky":false,"template":"","format":"standard","meta":{"_jetpack_memberships_contains_paid_content":false,"footnotes":""},"categories":[5,1],"tags":[],"class_list":["post-106993","post","type-post","status-publish","format-standard","has-post-thumbnail","hentry","category-informacion-general","category-portada"],"jetpack_featured_media_url":"https:\/\/i0.wp.com\/cdnoticias.com\/wp-content\/uploads\/2022\/04\/colectivo-boleto-tu-bus.jpg?fit=800%2C445&ssl=1","jetpack_sharing_enabled":true,"_links":{"self":[{"href":"https:\/\/cdnoticias.com\/index.php\/wp-json\/wp\/v2\/posts\/106993","targetHints":{"allow":["GET"]}}],"collection":[{"href":"https:\/\/cdnoticias.com\/index.php\/wp-json\/wp\/v2\/posts"}],"about":[{"href":"https:\/\/cdnoticias.com\/index.php\/wp-json\/wp\/v2\/types\/post"}],"author":[{"embeddable":true,"href":"https:\/\/cdnoticias.com\/index.php\/wp-json\/wp\/v2\/users\/4"}],"replies":[{"embeddable":true,"href":"https:\/\/cdnoticias.com\/index.php\/wp-json\/wp\/v2\/comments?post=106993"}],"version-history":[{"count":0,"href":"https:\/\/cdnoticias.com\/index.php\/wp-json\/wp\/v2\/posts\/106993\/revisions"}],"wp:featuredmedia":[{"embeddable":true,"href":"https:\/\/cdnoticias.com\/index.php\/wp-json\/wp\/v2\/media\/51076"}],"wp:attachment":[{"href":"https:\/\/cdnoticias.com\/index.php\/wp-json\/wp\/v2\/media?parent=106993"}],"wp:term":[{"taxonomy":"category","embeddable":true,"href":"https:\/\/cdnoticias.com\/index.php\/wp-json\/wp\/v2\/categories?post=106993"},{"taxonomy":"post_tag","embeddable":true,"href":"https:\/\/cdnoticias.com\/index.php\/wp-json\/wp\/v2\/tags?post=106993"}],"curies":[{"name":"wp","href":"https:\/\/api.w.org\/{rel}","templated":true}]}}