{"id":106982,"date":"2024-01-18T10:01:48","date_gmt":"2024-01-18T13:01:48","guid":{"rendered":"https:\/\/cdnoticias.com\/?p=106982"},"modified":"2024-01-18T11:16:08","modified_gmt":"2024-01-18T14:16:08","slug":"la-cgt-olavarria-convoco-a-referentes-de-organizaciones-y-vecinos-de-cara-al-24e","status":"publish","type":"post","link":"https:\/\/cdnoticias.com\/index.php\/2024\/01\/18\/la-cgt-olavarria-convoco-a-referentes-de-organizaciones-y-vecinos-de-cara-al-24e\/","title":{"rendered":"La CGT Olavarr\u00eda convoc\u00f3 a referentes de organizaciones y vecinos de cara al 24E"},"content":{"rendered":"<p>\u201cDebate y puesta en com\u00fan\u201d para organizar el \u201cParo y Movilizaci\u00f3n Multisectorial\u201d en oposici\u00f3n al proyecto de Ley \u00d3mnibus del presidente Milei. El pr\u00f3ximo mi\u00e9rcoles la manifestaci\u00f3n se concentrar\u00e1 en el Paseo Mend\u00eda a las 19.<\/p>\n<p><!--more--><\/p>\n<hr \/>\n<p>Dirigentes de los<strong> m\u00e1s de 40 gremios<\/strong> que forman parte del <strong>proceso de normalizaci\u00f3n de la CGT Regional Olavarr\u00eda<\/strong> encabezaron una<strong> importante reuni\u00f3n realizada en la tarde de este mi\u00e9rcoles<\/strong> en las instalaciones del Sindicato Gr\u00e1fico.<\/p>\n<blockquote><p>\u201cSe sumaron a la convocatoria referentes de m\u00e1s de 20 organizaciones y movimientos sociales, pol\u00edticos, autoconvocados\/as, jubilados\/as, vecinos\/as. Fue un encuentro con debate y puesta en com\u00fan de todos y todas, en el marco a la organizaci\u00f3n del pr\u00f3ximo Paro y Movilizaci\u00f3n Multisectorial que convoca la CGT Regional Olavarr\u00eda, para el pr\u00f3ximo 24 de enero\u201d comunic\u00f3 la CGT local.<\/p><\/blockquote>\n<p><img data-recalc-dims=\"1\" loading=\"lazy\" decoding=\"async\" class=\"aligncenter wp-image-106985 size-full\" src=\"https:\/\/i0.wp.com\/cdnoticias.com\/wp-content\/uploads\/2024\/01\/CGT-olavarria-asamblea-01.jpg?resize=800%2C445&#038;ssl=1\" alt=\"\" width=\"800\" height=\"445\" srcset=\"https:\/\/i0.wp.com\/cdnoticias.com\/wp-content\/uploads\/2024\/01\/CGT-olavarria-asamblea-01.jpg?w=1000&amp;ssl=1 1000w, https:\/\/i0.wp.com\/cdnoticias.com\/wp-content\/uploads\/2024\/01\/CGT-olavarria-asamblea-01.jpg?resize=300%2C167&amp;ssl=1 300w, https:\/\/i0.wp.com\/cdnoticias.com\/wp-content\/uploads\/2024\/01\/CGT-olavarria-asamblea-01.jpg?resize=768%2C427&amp;ssl=1 768w, https:\/\/i0.wp.com\/cdnoticias.com\/wp-content\/uploads\/2024\/01\/CGT-olavarria-asamblea-01.jpg?resize=800%2C445&amp;ssl=1 800w\" sizes=\"auto, (max-width: 800px) 100vw, 800px\" \/><\/p>\n<p><img data-recalc-dims=\"1\" loading=\"lazy\" decoding=\"async\" class=\"wp-image-106987 aligncenter\" src=\"https:\/\/i0.wp.com\/cdnoticias.com\/wp-content\/uploads\/2024\/01\/cgt-olavarria-reunion-00.jpg?resize=800%2C445&#038;ssl=1\" alt=\"\" width=\"800\" height=\"445\" srcset=\"https:\/\/i0.wp.com\/cdnoticias.com\/wp-content\/uploads\/2024\/01\/cgt-olavarria-reunion-00.jpg?resize=1024%2C569&amp;ssl=1 1024w, https:\/\/i0.wp.com\/cdnoticias.com\/wp-content\/uploads\/2024\/01\/cgt-olavarria-reunion-00.jpg?resize=300%2C167&amp;ssl=1 300w, https:\/\/i0.wp.com\/cdnoticias.com\/wp-content\/uploads\/2024\/01\/cgt-olavarria-reunion-00.jpg?resize=768%2C427&amp;ssl=1 768w, https:\/\/i0.wp.com\/cdnoticias.com\/wp-content\/uploads\/2024\/01\/cgt-olavarria-reunion-00.jpg?resize=800%2C445&amp;ssl=1 800w, https:\/\/i0.wp.com\/cdnoticias.com\/wp-content\/uploads\/2024\/01\/cgt-olavarria-reunion-00.jpg?w=1200&amp;ssl=1 1200w\" sizes=\"auto, (max-width: 800px) 100vw, 800px\" \/><\/p>\n<p>Se destac\u00f3 que los asistentes se mostraron<em> \u201cunidos por un sentimiento en com\u00fan, dispuestos a defender no s\u00f3lo los derechos de las y los trabajadores y a luchar contra el total avasallamiento de los derechos humanos, sociales, ambientales y econ\u00f3micos\u201d<\/em>.<\/p>\n<p>Finalmente, la CGT Olavarr\u00eda manifest\u00f3 que \u201cagradecemos la participaci\u00f3n de las y los dirigentes sindicales, pol\u00edticos y sociales que participaron del encuentro. \u00a1La patria no se vende!\u201d.<\/p>\n<blockquote><p>Las actividades del pr\u00f3ximo mi\u00e9rcoles se concentrar\u00e1n en el Paseo Mend\u00eda a partir de las 19.<\/p><\/blockquote>\n<p><img data-recalc-dims=\"1\" loading=\"lazy\" decoding=\"async\" class=\"size-large wp-image-106984 aligncenter\" src=\"https:\/\/i0.wp.com\/cdnoticias.com\/wp-content\/uploads\/2024\/01\/CGT-olavarria-asamblea-00.jpg?resize=724%2C1024&#038;ssl=1\" alt=\"\" width=\"724\" height=\"1024\" srcset=\"https:\/\/i0.wp.com\/cdnoticias.com\/wp-content\/uploads\/2024\/01\/CGT-olavarria-asamblea-00.jpg?resize=724%2C1024&amp;ssl=1 724w, https:\/\/i0.wp.com\/cdnoticias.com\/wp-content\/uploads\/2024\/01\/CGT-olavarria-asamblea-00.jpg?resize=212%2C300&amp;ssl=1 212w, https:\/\/i0.wp.com\/cdnoticias.com\/wp-content\/uploads\/2024\/01\/CGT-olavarria-asamblea-00.jpg?resize=768%2C1086&amp;ssl=1 768w, https:\/\/i0.wp.com\/cdnoticias.com\/wp-content\/uploads\/2024\/01\/CGT-olavarria-asamblea-00.jpg?w=1000&amp;ssl=1 1000w\" sizes=\"auto, (max-width: 724px) 100vw, 724px\" \/><\/p>\n<p><img data-recalc-dims=\"1\" loading=\"lazy\" decoding=\"async\" class=\"aligncenter wp-image-106989\" src=\"https:\/\/i0.wp.com\/cdnoticias.com\/wp-content\/uploads\/2024\/01\/cgt-olavarria-reunion-02.jpg?resize=800%2C446&#038;ssl=1\" alt=\"\" width=\"800\" height=\"446\" srcset=\"https:\/\/i0.wp.com\/cdnoticias.com\/wp-content\/uploads\/2024\/01\/cgt-olavarria-reunion-02.jpg?resize=1024%2C570&amp;ssl=1 1024w, https:\/\/i0.wp.com\/cdnoticias.com\/wp-content\/uploads\/2024\/01\/cgt-olavarria-reunion-02.jpg?resize=300%2C167&amp;ssl=1 300w, https:\/\/i0.wp.com\/cdnoticias.com\/wp-content\/uploads\/2024\/01\/cgt-olavarria-reunion-02.jpg?resize=768%2C428&amp;ssl=1 768w, https:\/\/i0.wp.com\/cdnoticias.com\/wp-content\/uploads\/2024\/01\/cgt-olavarria-reunion-02.jpg?resize=800%2C445&amp;ssl=1 800w, https:\/\/i0.wp.com\/cdnoticias.com\/wp-content\/uploads\/2024\/01\/cgt-olavarria-reunion-02.jpg?w=1200&amp;ssl=1 1200w\" sizes=\"auto, (max-width: 800px) 100vw, 800px\" \/><\/p>\n","protected":false},"excerpt":{"rendered":"<p>\u201cDebate y puesta en com\u00fan\u201d para organizar el \u201cParo y Movilizaci\u00f3n Multisectorial\u201d en oposici\u00f3n al proyecto de Ley \u00d3mnibus del<\/p>\n","protected":false},"author":4,"featured_media":106988,"comment_status":"closed","ping_status":"closed","sticky":false,"template":"","format":"standard","meta":{"_jetpack_memberships_contains_paid_content":false,"footnotes":""},"categories":[4,1],"tags":[],"class_list":["post-106982","post","type-post","status-publish","format-standard","has-post-thumbnail","hentry","category-politica","category-portada"],"jetpack_featured_media_url":"https:\/\/i0.wp.com\/cdnoticias.com\/wp-content\/uploads\/2024\/01\/cgt-olavarria-reunion-01.jpg?fit=1200%2C667&ssl=1","jetpack_sharing_enabled":true,"_links":{"self":[{"href":"https:\/\/cdnoticias.com\/index.php\/wp-json\/wp\/v2\/posts\/106982","targetHints":{"allow":["GET"]}}],"collection":[{"href":"https:\/\/cdnoticias.com\/index.php\/wp-json\/wp\/v2\/posts"}],"about":[{"href":"https:\/\/cdnoticias.com\/index.php\/wp-json\/wp\/v2\/types\/post"}],"author":[{"embeddable":true,"href":"https:\/\/cdnoticias.com\/index.php\/wp-json\/wp\/v2\/users\/4"}],"replies":[{"embeddable":true,"href":"https:\/\/cdnoticias.com\/index.php\/wp-json\/wp\/v2\/comments?post=106982"}],"version-history":[{"count":0,"href":"https:\/\/cdnoticias.com\/index.php\/wp-json\/wp\/v2\/posts\/106982\/revisions"}],"wp:featuredmedia":[{"embeddable":true,"href":"https:\/\/cdnoticias.com\/index.php\/wp-json\/wp\/v2\/media\/106988"}],"wp:attachment":[{"href":"https:\/\/cdnoticias.com\/index.php\/wp-json\/wp\/v2\/media?parent=106982"}],"wp:term":[{"taxonomy":"category","embeddable":true,"href":"https:\/\/cdnoticias.com\/index.php\/wp-json\/wp\/v2\/categories?post=106982"},{"taxonomy":"post_tag","embeddable":true,"href":"https:\/\/cdnoticias.com\/index.php\/wp-json\/wp\/v2\/tags?post=106982"}],"curies":[{"name":"wp","href":"https:\/\/api.w.org\/{rel}","templated":true}]}}