{"id":10693,"date":"2021-01-05T17:26:33","date_gmt":"2021-01-05T20:26:33","guid":{"rendered":"http:\/\/www.centraldenoticias.com.ar\/?p=10693"},"modified":"2021-01-05T17:26:33","modified_gmt":"2021-01-05T20:26:33","slug":"mural-por-valentina-gallina-tu-sonrisa-como-bandera","status":"publish","type":"post","link":"https:\/\/cdnoticias.com\/index.php\/2021\/01\/05\/mural-por-valentina-gallina-tu-sonrisa-como-bandera\/","title":{"rendered":"Mural por Valentina Gallina: \u201cTu sonrisa como bandera\u201d"},"content":{"rendered":"<p>A un a\u00f1o del femicidio de la joven de 19 a\u00f1os pintaron un mural en su memoria. Est\u00e1 ubicado en Cerrito y Jos\u00e9 Luis Torres.<!--more--><\/p>\n<hr \/>\n<p>Durante la tarde del lunes, integrantes de <strong>Casa Popular Valeria y MP La Dignidad<\/strong> se reunieron en Cerrito y Jos\u00e9 Luis Torres para homenajear a Valentina Gallina, al cumplirse un a\u00f1o de su femicidio.<\/p>\n<p>&nbsp;<\/p>\n<p>La joven de 19 a\u00f1os fue asesinada por su novio Diego Ezequiel Pais el 4 de enero de 2020.<\/p>\n<p>&nbsp;<\/p>\n<p><img data-recalc-dims=\"1\" loading=\"lazy\" decoding=\"async\" class=\"alignnone size-full wp-image-10697\" src=\"https:\/\/i0.wp.com\/cdnoticias.com\/wp-content\/uploads\/2021\/01\/mural-valentina4.jpg?resize=800%2C599&#038;ssl=1\" alt=\"\" width=\"800\" height=\"599\" srcset=\"https:\/\/i0.wp.com\/cdnoticias.com\/wp-content\/uploads\/2021\/01\/mural-valentina4.jpg?w=960&amp;ssl=1 960w, https:\/\/i0.wp.com\/cdnoticias.com\/wp-content\/uploads\/2021\/01\/mural-valentina4.jpg?resize=300%2C225&amp;ssl=1 300w, https:\/\/i0.wp.com\/cdnoticias.com\/wp-content\/uploads\/2021\/01\/mural-valentina4.jpg?resize=768%2C575&amp;ssl=1 768w\" sizes=\"auto, (max-width: 800px) 100vw, 800px\" \/><\/p>\n<p>&nbsp;<\/p>\n<p>Sus compa\u00f1eros y compa\u00f1eras de militancia, familiares y afectos, recordaron <strong><em>\u201csu esp\u00edritu alegre y su mirada llena de amor\u201d<\/em><\/strong> a trav\u00e9s de la pintura de un mural para mantener viva su memoria.<\/p>\n<p>&nbsp;<\/p>\n<blockquote><p>Valentina Gallina presente en cada piba, en cada lucha y en nuestros corazones militantes.<\/p><\/blockquote>\n<p>&nbsp;<\/p>\n<p><img data-recalc-dims=\"1\" loading=\"lazy\" decoding=\"async\" class=\"alignnone size-full wp-image-10696\" src=\"https:\/\/i0.wp.com\/cdnoticias.com\/wp-content\/uploads\/2021\/01\/mural-valentina3.jpg?resize=800%2C519&#038;ssl=1\" alt=\"\" width=\"800\" height=\"519\" srcset=\"https:\/\/i0.wp.com\/cdnoticias.com\/wp-content\/uploads\/2021\/01\/mural-valentina3.jpg?w=960&amp;ssl=1 960w, https:\/\/i0.wp.com\/cdnoticias.com\/wp-content\/uploads\/2021\/01\/mural-valentina3.jpg?resize=300%2C195&amp;ssl=1 300w, https:\/\/i0.wp.com\/cdnoticias.com\/wp-content\/uploads\/2021\/01\/mural-valentina3.jpg?resize=768%2C498&amp;ssl=1 768w\" sizes=\"auto, (max-width: 800px) 100vw, 800px\" \/><\/p>\n<p>&nbsp;<\/p>\n<p>En un comunicado indicaron que en un a\u00f1o <em>\u201ccambiaron muchas cosas y no ha cambiado nada\u201d.<\/em> Enumeraron logros como<strong><em> \u201cuna ordenanza integral para el abordaje de las violencias por razones de g\u00e9nero\u201d<\/em> <\/strong>y el cambio provocado en sus compa\u00f1eras: <em>\u201csomos mejores de tanto extra\u00f1arte\u201d.<\/em><\/p>\n<p>&nbsp;<\/p>\n<p>Sin embargo,<strong><em> \u201cel nefasto circuito de la denuncia sigue igual. Las pibas consiguen una respuesta s\u00f3lo si las acompa\u00f1amos las organizaciones\u201d.<\/em><\/strong><\/p>\n<p>&nbsp;<\/p>\n<p><img data-recalc-dims=\"1\" loading=\"lazy\" decoding=\"async\" class=\"alignnone size-full wp-image-10695\" src=\"https:\/\/i0.wp.com\/cdnoticias.com\/wp-content\/uploads\/2021\/01\/mural-valentina2.jpg?resize=800%2C504&#038;ssl=1\" alt=\"\" width=\"800\" height=\"504\" srcset=\"https:\/\/i0.wp.com\/cdnoticias.com\/wp-content\/uploads\/2021\/01\/mural-valentina2.jpg?w=960&amp;ssl=1 960w, https:\/\/i0.wp.com\/cdnoticias.com\/wp-content\/uploads\/2021\/01\/mural-valentina2.jpg?resize=300%2C189&amp;ssl=1 300w, https:\/\/i0.wp.com\/cdnoticias.com\/wp-content\/uploads\/2021\/01\/mural-valentina2.jpg?resize=768%2C484&amp;ssl=1 768w\" sizes=\"auto, (max-width: 800px) 100vw, 800px\" \/><\/p>\n<p>&nbsp;<\/p>\n<p><em>\u201cSigue igual el dolor porque a veces sentimos que es el d\u00eda de la marmota, por la desidia y abandono. Sigue igual la intensidad de tu ausencia y la furia que eso nos genera\u201d<\/em>, agregaron.<\/p>\n<p>&nbsp;<\/p>\n<p>Por \u00faltimo, indicaron que Valentina estar\u00e1 <em>\u201csiempre presente en nuestros corazones y en la lucha que llevamos d\u00eda a d\u00eda. <strong>Tu sonrisa como bandera hasta la eternidad<\/strong>\u201d.<\/em><\/p>\n","protected":false},"excerpt":{"rendered":"<p>A un a\u00f1o del femicidio de la joven de 19 a\u00f1os pintaron un mural en su memoria. Est\u00e1 ubicado en<\/p>\n","protected":false},"author":5,"featured_media":10694,"comment_status":"closed","ping_status":"closed","sticky":false,"template":"","format":"standard","meta":{"_jetpack_memberships_contains_paid_content":false,"footnotes":""},"categories":[3,1],"tags":[],"class_list":["post-10693","post","type-post","status-publish","format-standard","has-post-thumbnail","hentry","category-genero","category-portada"],"jetpack_featured_media_url":"https:\/\/i0.wp.com\/cdnoticias.com\/wp-content\/uploads\/2021\/01\/mural-valentina1.jpg?fit=960%2C604&ssl=1","jetpack_sharing_enabled":true,"_links":{"self":[{"href":"https:\/\/cdnoticias.com\/index.php\/wp-json\/wp\/v2\/posts\/10693","targetHints":{"allow":["GET"]}}],"collection":[{"href":"https:\/\/cdnoticias.com\/index.php\/wp-json\/wp\/v2\/posts"}],"about":[{"href":"https:\/\/cdnoticias.com\/index.php\/wp-json\/wp\/v2\/types\/post"}],"author":[{"embeddable":true,"href":"https:\/\/cdnoticias.com\/index.php\/wp-json\/wp\/v2\/users\/5"}],"replies":[{"embeddable":true,"href":"https:\/\/cdnoticias.com\/index.php\/wp-json\/wp\/v2\/comments?post=10693"}],"version-history":[{"count":0,"href":"https:\/\/cdnoticias.com\/index.php\/wp-json\/wp\/v2\/posts\/10693\/revisions"}],"wp:featuredmedia":[{"embeddable":true,"href":"https:\/\/cdnoticias.com\/index.php\/wp-json\/wp\/v2\/media\/10694"}],"wp:attachment":[{"href":"https:\/\/cdnoticias.com\/index.php\/wp-json\/wp\/v2\/media?parent=10693"}],"wp:term":[{"taxonomy":"category","embeddable":true,"href":"https:\/\/cdnoticias.com\/index.php\/wp-json\/wp\/v2\/categories?post=10693"},{"taxonomy":"post_tag","embeddable":true,"href":"https:\/\/cdnoticias.com\/index.php\/wp-json\/wp\/v2\/tags?post=10693"}],"curies":[{"name":"wp","href":"https:\/\/api.w.org\/{rel}","templated":true}]}}