{"id":106920,"date":"2024-01-17T17:05:14","date_gmt":"2024-01-17T20:05:14","guid":{"rendered":"https:\/\/cdnoticias.com\/?p=106920"},"modified":"2024-01-17T18:34:29","modified_gmt":"2024-01-17T21:34:29","slug":"paralizacion-de-losa-olavarria-soeco-hizo-una-asamblea-y-sigue-en-dialogo-con-la-empresa","status":"publish","type":"post","link":"https:\/\/cdnoticias.com\/index.php\/2024\/01\/17\/paralizacion-de-losa-olavarria-soeco-hizo-una-asamblea-y-sigue-en-dialogo-con-la-empresa\/","title":{"rendered":"Paralizaci\u00f3n de Losa Olavarr\u00eda: Soeco hizo una asamblea y sigue \u201cen di\u00e1logo\u201d con la empresa"},"content":{"rendered":"<p>La intenci\u00f3n es \u201cacercar las partes\u201d. Este mi\u00e9rcoles se plantearon acciones de lucha por la preservaci\u00f3n de los puestos de trabajo. El jueves habr\u00e1 nueva asamblea junto a trabajadores de Cerro Negro.<!--more--><\/p>\n<hr \/>\n<p><a href=\"https:\/\/cdnoticias.com\/index.php\/2024\/01\/16\/la-fabrica-losa-olavarria-paralizo-su-produccion\/\" target=\"_blank\" rel=\"noopener\">Tal como se conoci\u00f3 en las \u00faltimas horas<\/a>, <strong>la empresa Losa Olavarr\u00eda quedar\u00e1 paralizada por decisi\u00f3n del grupo propietario<\/strong>, Sociedad Comercial del Plata. En ese marco, desde el <strong>Sindicato de Obreros Ceramistas, Soeco<\/strong>, se hab\u00eda adelantado la realizaci\u00f3n de una <strong>asamblea para los afiliados<\/strong>.<\/p>\n<p><strong>Central de Noticias<\/strong> dialog\u00f3 con <strong>Gustavo Bustamante, secretario general del Soeco Olavarr\u00eda<\/strong> quien destac\u00f3 que tal <strong>asamblea pudo concretarse<\/strong>. El sindicato ofreci\u00f3 <strong>informaci\u00f3n para los afiliados<\/strong> y se plantearon <strong>acciones de lucha para la preservaci\u00f3n de unos 60 puestos de trabajo ceramistas<\/strong>.<\/p>\n<p>No obstante, el dirigente <strong>se excus\u00f3 de exponer p\u00fablicamente detalles<\/strong> de los t\u00e9rminos en que se dio el encuentro.<\/p>\n<blockquote><p>Bustamante se\u00f1al\u00f3 que desde Soeco \u201cestamos en comunicaci\u00f3n constante con la empresa\u201d con el objetivo de \u201cacercar las partes\u201d.<\/p><\/blockquote>\n<p><img data-recalc-dims=\"1\" loading=\"lazy\" decoding=\"async\" class=\"size-large wp-image-75393 aligncenter\" src=\"https:\/\/i0.wp.com\/cdnoticias.com\/wp-content\/uploads\/2023\/01\/LOSA-02.jpg?resize=800%2C445&#038;ssl=1\" alt=\"\" width=\"800\" height=\"445\" srcset=\"https:\/\/i0.wp.com\/cdnoticias.com\/wp-content\/uploads\/2023\/01\/LOSA-02-scaled.jpg?resize=1024%2C570&amp;ssl=1 1024w, https:\/\/i0.wp.com\/cdnoticias.com\/wp-content\/uploads\/2023\/01\/LOSA-02-scaled.jpg?resize=300%2C167&amp;ssl=1 300w, https:\/\/i0.wp.com\/cdnoticias.com\/wp-content\/uploads\/2023\/01\/LOSA-02-scaled.jpg?resize=768%2C427&amp;ssl=1 768w, https:\/\/i0.wp.com\/cdnoticias.com\/wp-content\/uploads\/2023\/01\/LOSA-02-scaled.jpg?resize=1536%2C854&amp;ssl=1 1536w, https:\/\/i0.wp.com\/cdnoticias.com\/wp-content\/uploads\/2023\/01\/LOSA-02-scaled.jpg?resize=2048%2C1139&amp;ssl=1 2048w, https:\/\/i0.wp.com\/cdnoticias.com\/wp-content\/uploads\/2023\/01\/LOSA-02-scaled.jpg?resize=800%2C445&amp;ssl=1 800w, https:\/\/i0.wp.com\/cdnoticias.com\/wp-content\/uploads\/2023\/01\/LOSA-02-scaled.jpg?w=1600&amp;ssl=1 1600w, https:\/\/i0.wp.com\/cdnoticias.com\/wp-content\/uploads\/2023\/01\/LOSA-02-scaled.jpg?w=2400&amp;ssl=1 2400w\" sizes=\"auto, (max-width: 800px) 100vw, 800px\" \/><\/p>\n<p>Adem\u00e1s, confirm\u00f3 lo que se hab\u00eda adelantado desde este medio: <strong>este jueves habr\u00e1 una nueva asamblea con trabajadores de Losa Olavarr\u00eda y de la empresa Cerro Negro<\/strong>. Ambas plantas de producci\u00f3n de materiales para la construcci\u00f3n pertenecen al mismo grupo societario.<\/p>\n<p>En base a la informaci\u00f3n a la que se pudo acceder, la decisi\u00f3n de los propietarios consiste en paralizar la actividad en la planta ubicada en ruta 51 a la altura de Pueyrred\u00f3n. <strong>La medida se argument\u00f3 en la \u201cca\u00edda de ventas\u201d y no implica el cierre<\/strong> ya que se prev\u00e9 el mantenimiento de instalaciones y maquinarias para un futuro regreso a la actividad.<\/p>\n<p><strong>Son unos 80 los trabajadores afectados<\/strong>, de los cuales casi 60 son representados por el sindicato Soeco, mientras que los restantes se desempe\u00f1an en otros rubros como limpieza, maestranza y choferes, seg\u00fan se explic\u00f3.<\/p>\n","protected":false},"excerpt":{"rendered":"<p>La intenci\u00f3n es \u201cacercar las partes\u201d. Este mi\u00e9rcoles se plantearon acciones de lucha por la preservaci\u00f3n de los puestos de<\/p>\n","protected":false},"author":4,"featured_media":106922,"comment_status":"closed","ping_status":"closed","sticky":false,"template":"","format":"standard","meta":{"_jetpack_memberships_contains_paid_content":false,"footnotes":""},"categories":[5,1],"tags":[],"class_list":["post-106920","post","type-post","status-publish","format-standard","has-post-thumbnail","hentry","category-informacion-general","category-portada"],"jetpack_featured_media_url":"https:\/\/i0.wp.com\/cdnoticias.com\/wp-content\/uploads\/2024\/01\/gustavo-bustamante-SOECO-01.jpg?fit=800%2C445&ssl=1","jetpack_sharing_enabled":true,"_links":{"self":[{"href":"https:\/\/cdnoticias.com\/index.php\/wp-json\/wp\/v2\/posts\/106920","targetHints":{"allow":["GET"]}}],"collection":[{"href":"https:\/\/cdnoticias.com\/index.php\/wp-json\/wp\/v2\/posts"}],"about":[{"href":"https:\/\/cdnoticias.com\/index.php\/wp-json\/wp\/v2\/types\/post"}],"author":[{"embeddable":true,"href":"https:\/\/cdnoticias.com\/index.php\/wp-json\/wp\/v2\/users\/4"}],"replies":[{"embeddable":true,"href":"https:\/\/cdnoticias.com\/index.php\/wp-json\/wp\/v2\/comments?post=106920"}],"version-history":[{"count":0,"href":"https:\/\/cdnoticias.com\/index.php\/wp-json\/wp\/v2\/posts\/106920\/revisions"}],"wp:featuredmedia":[{"embeddable":true,"href":"https:\/\/cdnoticias.com\/index.php\/wp-json\/wp\/v2\/media\/106922"}],"wp:attachment":[{"href":"https:\/\/cdnoticias.com\/index.php\/wp-json\/wp\/v2\/media?parent=106920"}],"wp:term":[{"taxonomy":"category","embeddable":true,"href":"https:\/\/cdnoticias.com\/index.php\/wp-json\/wp\/v2\/categories?post=106920"},{"taxonomy":"post_tag","embeddable":true,"href":"https:\/\/cdnoticias.com\/index.php\/wp-json\/wp\/v2\/tags?post=106920"}],"curies":[{"name":"wp","href":"https:\/\/api.w.org\/{rel}","templated":true}]}}