{"id":106914,"date":"2024-01-17T19:01:48","date_gmt":"2024-01-17T22:01:48","guid":{"rendered":"https:\/\/cdnoticias.com\/?p=106914"},"modified":"2024-01-17T19:01:49","modified_gmt":"2024-01-17T22:01:49","slug":"el-espacio-de-diversidad-sexual-y-disidencias-del-stmo-entrego-distinciones","status":"publish","type":"post","link":"https:\/\/cdnoticias.com\/index.php\/2024\/01\/17\/el-espacio-de-diversidad-sexual-y-disidencias-del-stmo-entrego-distinciones\/","title":{"rendered":"El Espacio de Diversidad Sexual y Disidencias del STMO entreg\u00f3 distinciones"},"content":{"rendered":"<p>Coty Probanza, Carlos Rodr\u00edguez y Mirta Mill\u00e1n recibieron reconocimientos \u201ca la militancia y al compromiso constante con la defensa de los derechos del Colectivo LGBTQNIB+\u201d se defini\u00f3.<\/p>\n<p><!--more--><\/p>\n<hr \/>\n<p>El <strong>Espacio de Diversidad Sexual y Disidencias del Sindicato de Trabajadores Municipales de Olavarr\u00eda<\/strong> realiz\u00f3 una <strong>entrega de distinciones<\/strong> a compa\u00f1erxs y militantes.<\/p>\n<p>&nbsp; <\/p>\n<blockquote><p>\u201cDistinciones justas y merecidas que representan un reconocimiento a la lucha, a la militancia y al compromiso constante con la defensa de los derechos del Colectivo LGBTQNIB+\u201d se defini\u00f3 al presentar la iniciativa.<\/p><\/blockquote>\n<p>&nbsp; <\/p>\n<p>\u201cEn realidad dicen que no se agradece todo aquello que se hace de coraz\u00f3n. Y estoy convencida de que en estos casos es as\u00ed. Pero s\u00ed <strong>sentimos desde el Espacio la necesidad de hacerles un reconocimiento porque han estado siempre firmes al lado nuestro<\/strong>, en cada proyecto, en cada logro, en cada adversidad tambi\u00e9n\u201d, dijo <strong>Victoria Altavista, coordinadora del Espacio del STMO<\/strong>.<\/p>\n<p>&nbsp; <\/p>\n<p><img data-recalc-dims=\"1\" loading=\"lazy\" decoding=\"async\" class=\"size-full wp-image-106913 aligncenter\" src=\"https:\/\/i0.wp.com\/cdnoticias.com\/wp-content\/uploads\/2024\/01\/Espacio-de-Diversidad-Sexual-y-Disidencias-reconocimientos01.jpg?resize=800%2C445&#038;ssl=1\" alt=\"\" width=\"800\" height=\"445\" srcset=\"https:\/\/i0.wp.com\/cdnoticias.com\/wp-content\/uploads\/2024\/01\/Espacio-de-Diversidad-Sexual-y-Disidencias-reconocimientos01.jpg?w=1000&amp;ssl=1 1000w, https:\/\/i0.wp.com\/cdnoticias.com\/wp-content\/uploads\/2024\/01\/Espacio-de-Diversidad-Sexual-y-Disidencias-reconocimientos01.jpg?resize=300%2C167&amp;ssl=1 300w, https:\/\/i0.wp.com\/cdnoticias.com\/wp-content\/uploads\/2024\/01\/Espacio-de-Diversidad-Sexual-y-Disidencias-reconocimientos01.jpg?resize=768%2C427&amp;ssl=1 768w, https:\/\/i0.wp.com\/cdnoticias.com\/wp-content\/uploads\/2024\/01\/Espacio-de-Diversidad-Sexual-y-Disidencias-reconocimientos01.jpg?resize=800%2C445&amp;ssl=1 800w\" sizes=\"auto, (max-width: 800px) 100vw, 800px\" \/><\/p>\n<p>&nbsp; <\/p>\n<p>Una de las distinciones entregadas en la tarde del lunes fue para<strong> Coty Probanza, coordinadora de la agrupaci\u00f3n Criar con Alas<\/strong>, \u201cun espacio que lucha todos los d\u00edas por los derechos de las infancias y adolescencias trans. Una labor de incalculable valor para deconstruir una mirada binaria y avanzar hacia una sociedad m\u00e1s libre e inclusiva\u201d se explic\u00f3.<\/p>\n<p>&nbsp; <\/p>\n<p>El Espacio de Diversidad Sexual y Disidencias tambi\u00e9n distingui\u00f3 a <strong>Carlos Rodr\u00edguez, activista y militante por los derechos LGBTQNIB+ y coordinador del grupo interdisciplinario Che Sida<\/strong>. \u201cDecidimos reconocer su activismo y militancia desde el amor y el respeto, y claro que tambi\u00e9n su compromiso constante para nuestro colectivo LGBQTQIN+\u201d, coment\u00f3 Victoria.<\/p>\n<p>&nbsp; <\/p>\n<p>Otro justo reconocimiento realiz\u00f3 el Espacio a <strong>Mirta Mill\u00e1n, docente, investigadora y miembro fundadora de la Comunidad Mapuche Urbana Pillan Manke de Olavarr\u00eda<\/strong>. \u201cEn su caso, la distinci\u00f3n lleg\u00f3 como una forma de agradecimiento a su valioso apoyo a los pueblos originarios y su constante respaldo a las disidencias\u201d se indic\u00f3.<\/p>\n<p>&nbsp; <\/p>\n<p><img data-recalc-dims=\"1\" loading=\"lazy\" decoding=\"async\" class=\"size-full wp-image-106912 aligncenter\" src=\"https:\/\/i0.wp.com\/cdnoticias.com\/wp-content\/uploads\/2024\/01\/Espacio-de-Diversidad-Sexual-y-Disidencias-reconocimientos00.jpg?resize=800%2C445&#038;ssl=1\" alt=\"\" width=\"800\" height=\"445\" srcset=\"https:\/\/i0.wp.com\/cdnoticias.com\/wp-content\/uploads\/2024\/01\/Espacio-de-Diversidad-Sexual-y-Disidencias-reconocimientos00.jpg?w=1000&amp;ssl=1 1000w, https:\/\/i0.wp.com\/cdnoticias.com\/wp-content\/uploads\/2024\/01\/Espacio-de-Diversidad-Sexual-y-Disidencias-reconocimientos00.jpg?resize=300%2C167&amp;ssl=1 300w, https:\/\/i0.wp.com\/cdnoticias.com\/wp-content\/uploads\/2024\/01\/Espacio-de-Diversidad-Sexual-y-Disidencias-reconocimientos00.jpg?resize=768%2C427&amp;ssl=1 768w, https:\/\/i0.wp.com\/cdnoticias.com\/wp-content\/uploads\/2024\/01\/Espacio-de-Diversidad-Sexual-y-Disidencias-reconocimientos00.jpg?resize=800%2C445&amp;ssl=1 800w\" sizes=\"auto, (max-width: 800px) 100vw, 800px\" \/><\/p>\n<p>&nbsp; <\/p>\n","protected":false},"excerpt":{"rendered":"<p>Coty Probanza, Carlos Rodr\u00edguez y Mirta Mill\u00e1n recibieron reconocimientos \u201ca la militancia y al compromiso constante con la defensa de<\/p>\n","protected":false},"author":4,"featured_media":106911,"comment_status":"closed","ping_status":"closed","sticky":false,"template":"","format":"standard","meta":{"_jetpack_memberships_contains_paid_content":false,"footnotes":""},"categories":[3,1],"tags":[],"class_list":["post-106914","post","type-post","status-publish","format-standard","has-post-thumbnail","hentry","category-genero","category-portada"],"jetpack_featured_media_url":"https:\/\/i0.wp.com\/cdnoticias.com\/wp-content\/uploads\/2024\/01\/Espacio-de-Diversidad-Sexual-y-Disidencias-reconocimientos02.jpg?fit=1000%2C556&ssl=1","jetpack_sharing_enabled":true,"_links":{"self":[{"href":"https:\/\/cdnoticias.com\/index.php\/wp-json\/wp\/v2\/posts\/106914","targetHints":{"allow":["GET"]}}],"collection":[{"href":"https:\/\/cdnoticias.com\/index.php\/wp-json\/wp\/v2\/posts"}],"about":[{"href":"https:\/\/cdnoticias.com\/index.php\/wp-json\/wp\/v2\/types\/post"}],"author":[{"embeddable":true,"href":"https:\/\/cdnoticias.com\/index.php\/wp-json\/wp\/v2\/users\/4"}],"replies":[{"embeddable":true,"href":"https:\/\/cdnoticias.com\/index.php\/wp-json\/wp\/v2\/comments?post=106914"}],"version-history":[{"count":0,"href":"https:\/\/cdnoticias.com\/index.php\/wp-json\/wp\/v2\/posts\/106914\/revisions"}],"wp:featuredmedia":[{"embeddable":true,"href":"https:\/\/cdnoticias.com\/index.php\/wp-json\/wp\/v2\/media\/106911"}],"wp:attachment":[{"href":"https:\/\/cdnoticias.com\/index.php\/wp-json\/wp\/v2\/media?parent=106914"}],"wp:term":[{"taxonomy":"category","embeddable":true,"href":"https:\/\/cdnoticias.com\/index.php\/wp-json\/wp\/v2\/categories?post=106914"},{"taxonomy":"post_tag","embeddable":true,"href":"https:\/\/cdnoticias.com\/index.php\/wp-json\/wp\/v2\/tags?post=106914"}],"curies":[{"name":"wp","href":"https:\/\/api.w.org\/{rel}","templated":true}]}}